{"id":79997,"date":"2023-11-19T07:55:00","date_gmt":"2023-11-19T10:55:00","guid":{"rendered":"https:\/\/bluestudio.estadao.com.br\/agencia-de-comunicacao\/?p=79997"},"modified":"2023-11-24T14:34:36","modified_gmt":"2023-11-24T17:34:36","slug":"impulso-ao-empreendedorismo-feminino","status":"publish","type":"post","link":"https:\/\/bluestudio.estadao.com.br\/agencia-de-comunicacao\/grupo-boticario\/impulso-ao-empreendedorismo-feminino\/","title":{"rendered":"Impulso ao empreendedorismo feminino"},"content":{"rendered":"<h4 style=\"font-size: 26px; line-height:30px;\"><strong><em>Com alma feminina, Grupo Botic\u00e1rio cria iniciativas para que mulheres avancem em seus pr\u00f3prios neg\u00f3cios<\/em><\/strong><\/h4>\n<p>Em 1980, Laura Oliveira, que trabalhava na embaixada da Fran\u00e7a em Bras\u00edlia, foi presenteada com um frasco da col\u00f4nia Acqua Fresca, fabricada por uma empresa paranaense que ela ainda n\u00e3o conhecia, chamada O Botic\u00e1rio. Encantada com a qualidade do produto, ela entrou em contato e pediu tr\u00eas exemplares de cada item da linha da marca. Vendeu tudo em poucos dias. Percebendo que tinha um neg\u00f3cio promissor nas m\u00e3os, Laura prop\u00f4s abrir uma loja em Bras\u00edlia, que se tornou a primeira da rede de franquias do Grupo Botic\u00e1rio, composta hoje por mais de 3,6 mil unidades.<\/p>\n<p>A hist\u00f3ria de Laura \u2013 que at\u00e9 hoje \u00e9 uma das franqueadas \u2013 ilustra bem como o empreendedorismo feminino faz parte do passado, do presente e do futuro da empresa. Hoje, mais de 60% do quadro de colaboradores \u00e9 composto por mulheres, que s\u00e3o maioria tamb\u00e9m como donas de franquias e revendedoras. \u201cO Grupo Botic\u00e1rio \u00e9 um neg\u00f3cio com alma feminina e fazemos quest\u00e3o de valorizar essa caracter\u00edstica cada vez mais. Estamos preparando e construindo uma gera\u00e7\u00e3o de mulheres empreendedoras desde 1980\u201d, diz Artur Grynbaum, vice-presidente do Conselho e acionista.<\/p>\n<p>Mesmo com todos os obst\u00e1culos, 34% das pessoas que empreendem no Brasil, hoje, s\u00e3o mulheres, conforme pesquisa feita pelo Sebrae com base em dados do IBGE. Isso significa que h\u00e1 cerca de 10,3 milh\u00f5es de mulheres \u00e0 frente dos pr\u00f3prios neg\u00f3cios no Pa\u00eds, sendo que a maioria est\u00e1 nas classes C, D e E. S\u00e3o iniciativas fortemente concentradas no setor de servi\u00e7os, com destaque para as \u00e1reas de beleza e est\u00e9tica, bem-estar, moda e alimenta\u00e7\u00e3o.<\/p>\n<p>Com o objetivo de alavancar esses neg\u00f3cios e auxiliar a trajet\u00f3ria de parte dessas mulheres, o Grupo Botic\u00e1rio tem uma s\u00e9rie de projetos de facilita\u00e7\u00e3o e capacita\u00e7\u00e3o, para empreendedoras. A venda direta, por exemplo, \u00e9 uma estrat\u00e9gia de sucesso implantada h\u00e1 uma d\u00e9cada pelo grupo, como parte da multicanalidade. Atualmente, a empresa tem suas marcas presentes em dois de cada tr\u00eas lares brasileiros, dialogando com 90% da popula\u00e7\u00e3o.<\/p>\n<p>Para ingressar nesse neg\u00f3cio, a nova revendedora recebe apoio, suporte e incentivo do time de Vendas Diretas para compreender quais s\u00e3o as melhores oportunidades, incluindo dicas e treinamentos no aplicativo do Revendedor.<\/p>\n<p>Essa ferramenta permite que as profissionais fa\u00e7am pedidos dos produtos, gerenciem seus estoques e suas vendas. Al\u00e9m disso, o aplicativo oferece a Minha Loja Digital. A partir dela, a revendedora passa a ter um link de sua pr\u00f3pria loja para compartilhar com suas clientes, que poder\u00e3o fazer os pedidos online.<\/p>\n<p>Com isso, materializa-se a oportunidade de inserir essas mulheres numa atividade que oferece incremento de renda. Esse \u00e9 um trabalhado essencialmente realizado por elas, que somam 86% das bases de revendedores. Desse total, 56% s\u00e3o negras.<\/p>\n<p style=\"font-size: 12px; text-align: center;\"><img loading=\"lazy\" decoding=\"async\" class=\"size-medium wp-image-79999 aligncenter\" src=\"https:\/\/bluestudio.estadao.com.br\/agencia-de-comunicacao\/wp-content\/uploads\/2023\/11\/Foto-1-Boticario_Empreendedoras-da-Beleza_web-224x300.jpg\" alt=\"\" width=\"337\" height=\"450\" srcset=\"https:\/\/bluestudio.estadao.com.br\/agencia-de-comunicacao\/wp-content\/uploads\/2023\/11\/Foto-1-Boticario_Empreendedoras-da-Beleza_web-224x300.jpg 224w, https:\/\/bluestudio.estadao.com.br\/agencia-de-comunicacao\/wp-content\/uploads\/2023\/11\/Foto-1-Boticario_Empreendedoras-da-Beleza_web-765x1024.jpg 765w, https:\/\/bluestudio.estadao.com.br\/agencia-de-comunicacao\/wp-content\/uploads\/2023\/11\/Foto-1-Boticario_Empreendedoras-da-Beleza_web-768x1027.jpg 768w, https:\/\/bluestudio.estadao.com.br\/agencia-de-comunicacao\/wp-content\/uploads\/2023\/11\/Foto-1-Boticario_Empreendedoras-da-Beleza_web.jpg 897w\" sizes=\"auto, (max-width: 337px) 100vw, 337px\" \/><br \/>\n<em>O Grupo Botic\u00e1rio quer impulsionar o empreendedorismo feminino na sociedade &#8211; Cr\u00e9dito: Divulga\u00e7\u00e3o\/Grupo Botic\u00e1rio<\/em><\/p>\n<p><strong>Vidas transformadas<\/strong><br \/>\nMuito al\u00e9m do cen\u00e1rio interno de valoriza\u00e7\u00e3o das mulheres, o Grupo Botic\u00e1rio quer impulsionar o empreendedorismo feminino na sociedade como um todo. \u201cEstamos convictos da relev\u00e2ncia do tema e da sintonia com o prop\u00f3sito de transformar a vida das pessoas por meio da beleza\u201d, diz Grynbaum.<\/p>\n<p>Ele lembra que empreender necessita basicamente de dois ingredientes: disposi\u00e7\u00e3o e preparo. \u201cNosso objetivo \u00e9 ajudar mulheres que t\u00eam disposi\u00e7\u00e3o a se preparar melhor para esse desafio\u201d, observa o vice-presidente do Conselho.<\/p>\n<p>A empresa apoia o empreendedorismo e o protagonismo feminino em v\u00e1rias frentes. Um exemplo \u00e9 o programa Empreendedoras da Beleza, que j\u00e1 formou mais de 35 mil mulheres desde o lan\u00e7amento, em 2021, das quais 64% declaram ter obtido incremento de renda como resultado da participa\u00e7\u00e3o na iniciativa.<\/p>\n<p>\u201c\u00c9 um programa aberto para mulheres, em que h\u00e1 m\u00f3dulos sobre maquiagem, unhas, cabelo, quest\u00f5es financeiras, entre outros. S\u00e3o cursos que podem ser feitos online. E, atualmente, temos quase 200 mil inscri\u00e7\u00f5es\u201d, completa Fabiana Freitas, vice-presidente de Assuntos Corporativos do Grupo Botic\u00e1rio.<\/p>\n<p>A\u00a0<b>OESP<\/b>\u00a0n\u00e3o \u00e9(s\u00e3o) respons\u00e1vel(is) por erros, incorre\u00e7\u00f5es, atrasos ou quaisquer decis\u00f5es tomadas por seus clientes com base nos Conte\u00fados ora disponibilizados, bem como tais Conte\u00fados n\u00e3o representam a opini\u00e3o da\u00a0<b>OESP<\/b>\u00a0e s\u00e3o de inteira responsabilidade da\u00a0<b>Botic\u00e1rio Produtos de Beleza Ltda.<\/b><\/p>\n<p style=\"font-size: 12px; text-align: center;\">Imagem em destaque: O Grupo Botic\u00e1rio quer impulsionar o empreendedorismo feminino na sociedade &#8211; Cr\u00e9dito: Divulga\u00e7\u00e3o\/Grupo Botic\u00e1rio<\/p>\n","protected":false},"excerpt":{"rendered":"Em 1980, Laura Oliveira, que trabalhava na embaixada da Fran\u00e7a em Bras\u00edlia, foi presenteada com um frasco da col\u00f4nia Acqua Fresca, fabricada&#8230;","protected":false},"author":15,"featured_media":79999,"comment_status":"open","ping_status":"closed","sticky":false,"template":"","format":"standard","meta":{"_acf_changed":false,"inline_featured_image":false,"_monsterinsights_skip_tracking":false,"_monsterinsights_sitenote_active":false,"_monsterinsights_sitenote_note":"","_monsterinsights_sitenote_category":0,"footnotes":""},"categories":[293],"tags":[296,114,297,112,250],"class_list":["post-79997","post","type-post","status-publish","format-standard","has-post-thumbnail","hentry","category-grupo-boticario","tag-empreendedorismo-feminino","tag-estadao-conteudo","tag-grupo-boticario","tag-marketing","tag-mulheres"],"acf":[],"_links":{"self":[{"href":"https:\/\/bluestudio.estadao.com.br\/agencia-de-comunicacao\/wp-json\/wp\/v2\/posts\/79997","targetHints":{"allow":["GET"]}}],"collection":[{"href":"https:\/\/bluestudio.estadao.com.br\/agencia-de-comunicacao\/wp-json\/wp\/v2\/posts"}],"about":[{"href":"https:\/\/bluestudio.estadao.com.br\/agencia-de-comunicacao\/wp-json\/wp\/v2\/types\/post"}],"author":[{"embeddable":true,"href":"https:\/\/bluestudio.estadao.com.br\/agencia-de-comunicacao\/wp-json\/wp\/v2\/users\/15"}],"replies":[{"embeddable":true,"href":"https:\/\/bluestudio.estadao.com.br\/agencia-de-comunicacao\/wp-json\/wp\/v2\/comments?post=79997"}],"version-history":[{"count":15,"href":"https:\/\/bluestudio.estadao.com.br\/agencia-de-comunicacao\/wp-json\/wp\/v2\/posts\/79997\/revisions"}],"predecessor-version":[{"id":80250,"href":"https:\/\/bluestudio.estadao.com.br\/agencia-de-comunicacao\/wp-json\/wp\/v2\/posts\/79997\/revisions\/80250"}],"wp:featuredmedia":[{"embeddable":true,"href":"https:\/\/bluestudio.estadao.com.br\/agencia-de-comunicacao\/wp-json\/wp\/v2\/media\/79999"}],"wp:attachment":[{"href":"https:\/\/bluestudio.estadao.com.br\/agencia-de-comunicacao\/wp-json\/wp\/v2\/media?parent=79997"}],"wp:term":[{"taxonomy":"category","embeddable":true,"href":"https:\/\/bluestudio.estadao.com.br\/agencia-de-comunicacao\/wp-json\/wp\/v2\/categories?post=79997"},{"taxonomy":"post_tag","embeddable":true,"href":"https:\/\/bluestudio.estadao.com.br\/agencia-de-comunicacao\/wp-json\/wp\/v2\/tags?post=79997"}],"curies":[{"name":"wp","href":"https:\/\/api.w.org\/{rel}","templated":true}]}}