{"id":79943,"date":"2023-11-17T13:35:00","date_gmt":"2023-11-17T16:35:00","guid":{"rendered":"https:\/\/bluestudio.estadao.com.br\/agencia-de-comunicacao\/releases\/releases-geral\/tecnologias-na-aps-reduzem-complicacoes-do-diabetes\/"},"modified":"2023-11-17T13:35:00","modified_gmt":"2023-11-17T16:35:00","slug":"tecnologias-na-aps-reduzem-complicacoes-do-diabetes","status":"publish","type":"post","link":"https:\/\/bluestudio.estadao.com.br\/agencia-de-comunicacao\/releases\/releases-geral\/tecnologias-na-aps-reduzem-complicacoes-do-diabetes\/","title":{"rendered":"Tecnologias na APS reduzem complica\u00e7\u00f5es do diabetes"},"content":{"rendered":"<p><b>DINO DIVULGADOR DE NOT\u00cdCIAS<\/b><\/p>\n<p>(<a target='_blank' href='http:\/\/www.dino.com.br' rel=\"noopener\">DINO<\/a> &#8211; 17 nov, 2023) &#8211;<br \/>\nA Federa&ccedil;&atilde;o Internacional de Diabetes (IDF) estima que metade dos adultos que vivem com a condi&ccedil;&atilde;o no mundo ainda n&atilde;o foi diagnosticada. <a rel=\"follow noopener\" target='_blank' href='https:\/\/diabetesatlas.org\/'>S&atilde;o aproximadamente 537 milh&otilde;es de pessoas<\/a>, a maioria com diabetes do tipo 2, cujas complica&ccedil;&otilde;es podem ser evitadas ou retardadas com o diagn&oacute;stico precoce, tratamento adequado e ado&ccedil;&atilde;o de h&aacute;bitos saud&aacute;veis. <a rel=\"follow noopener\" target='_blank' href='https:\/\/www.youtube.com\/watch?v=ZAH_4kYoRoI'>No Brasil, h&aacute; cerca de 16 milh&otilde;es de pessoas com diabetes, 32% das quais n&atilde;o sabem que t&ecirc;m a condi&ccedil;&atilde;o<\/a>, e, portanto, est&atilde;o sujeitas &agrave; perda de qualidade de vida e morte prematura por complica&ccedil;&otilde;es como AVC, infarto e doen&ccedil;a renal cr&ocirc;nica.<\/p>\n<p>No Dia Mundial do Diabetes, 14 de novembro, o <strong>F&oacute;rum Intersetorial para Combate &agrave;s Doen&ccedil;as Cr&ocirc;nicas n&atilde;o Transmiss&iacute;veis no Brasil (F&oacute;rumDCNTs)<\/strong> reafirma a import&acirc;ncia do fortalecimento da aten&ccedil;&atilde;o prim&aacute;ria no pa&iacute;s para ampliar o acesso da popula&ccedil;&atilde;o a preven&ccedil;&atilde;o, diagn&oacute;stico e tratamento humanizado. Com o objetivo de discutir solu&ccedil;&otilde;es para o contexto brasileiro, a entidade reuniu especialistas de diferentes campos no evento <a rel=\"follow noopener\" target='_blank' href='https:\/\/www.forumdcnts.org\/post\/evento-dmdiabetes-2023'>Diabetes: Prevenir Complica&ccedil;&otilde;es para Aumentar Expectativa e Qualidade de Vida<\/a>.<\/p>\n<p>Segundo Mark Barone, coordenador do F&oacute;rumDCNTs, &ldquo;as apresenta&ccedil;&otilde;es mostraram iniciativas inspiradoras para os gestores p&uacute;blicos de sa&uacute;de e, tamb&eacute;m, para o engajamento dos demais setores da sociedade em um movimento coordenado para o gerenciamento do diabetes no Brasil&rdquo;. &ldquo;Vimos exemplos de melhorias cl&iacute;nicas por meio da organiza&ccedil;&atilde;o das linhas de cuidado, investimento em rastreio e diagn&oacute;stico, implementa&ccedil;&atilde;o de tecnologias, capacita&ccedil;&atilde;o profissional e educa&ccedil;&atilde;o da popula&ccedil;&atilde;o&rdquo;. E, completou, &ldquo;temos estimulado estados e munic&iacute;pios a conhecerem o pacote <a rel=\"follow noopener\" target='_blank' href='https:\/\/www.forumdcnts.org\/post\/heartsd-diabetes-portugues'>HEARTS-D<\/a> da Organiza&ccedil;&atilde;o Mundial da Sa&uacute;de (OMS) e Organiza&ccedil;&atilde;o Pan-Americana da Sa&uacute;de (OPAS), em parceria com a IDF, para organizar os cuidados de qualidade do diabetes na aten&ccedil;&atilde;o prim&aacute;ria&rdquo;.<\/p>\n<p>Hermelinda Pedrosa, vice-presidente da IDF, enfatizou que todos se engajem na <a rel=\"follow noopener\" target='_blank' href='https:\/\/worlddiabetesday.org\/'>campanha deste ano &ldquo;Saiba o Seu Risco, Saiba o que Fazer&rdquo;&nbsp;<\/a>e, na sequ&ecirc;ncia, apresentou uma pesquisa realizada em sete pa&iacute;ses, inclusive no Brasil. &ldquo;Dentre as 655 pessoas com diabetes entrevistadas, 72% descobriram que possu&iacute;am a condi&ccedil;&atilde;o apenas ap&oacute;s manifestarem alguma complica&ccedil;&atilde;o&rdquo;, exp&ocirc;s. &ldquo;A primeira necessidade &eacute; a do diagn&oacute;stico precoce. Por&eacute;m, isso n&atilde;o basta &#8211; &eacute; preciso o suporte de profissionais capacitados que tirem as pessoas diagnosticadas da in&eacute;rcia e promovam o autocuidado, para que n&atilde;o desenvolvam complica&ccedil;&otilde;es&rdquo;, afirmou Sheila Vasconcellos, vice-presidente da Associa&ccedil;&atilde;o de Diabetes de Lagoa-RJ (ADILA).<\/p>\n<p>Os painelistas refor&ccedil;aram a import&acirc;ncia da aten&ccedil;&atilde;o &agrave; sa&uacute;de mental. Entre os dados relatados por Pedrosa, est&aacute; a informa&ccedil;&atilde;o de que 62% dos brasileiros entrevistados reconhecem a depress&atilde;o como uma das complica&ccedil;&otilde;es do diabetes. &ldquo;Os pesquisadores tamb&eacute;m solicitaram sugest&otilde;es de palavras relacionadas &agrave; condi&ccedil;&atilde;o. As mais citadas pelos brasileiros foram &lsquo;medo&rsquo; e &lsquo;ansiedade&rsquo;&rdquo;, apontou. Rebecca Barber, enfermeira cientista no Hospital das Crian&ccedil;as de Los Angeles (CHLA), ressaltou que as quest&otilde;es emocionais impactam o cen&aacute;rio cl&iacute;nico e, por isso, as pol&iacute;ticas p&uacute;blicas devem incluir o apoio psicossocial para quem possui condi&ccedil;&otilde;es cr&ocirc;nicas. &ldquo;Precisamos desenvolver em nossos profissionais de sa&uacute;de a habilidade de ver a pessoa como um todo e n&atilde;o se preocupar somente se ela est&aacute; aplicando insulina&rdquo;, defendeu.<\/p>\n<p><strong>Solu&ccedil;&otilde;es: intersetorialidade e tecnologias<\/strong><\/p>\n<p>A relev&acirc;ncia da coopera&ccedil;&atilde;o intersetorial foi exposta por Clavdia Kochergin, docente da Universidade Federal da Bahia, institui&ccedil;&atilde;o que implementou <a rel=\"follow noopener\" target='_blank' href='https:\/\/www.forumdcnts.org\/post\/publicacoes-revelam-estrategias-para-melhorar-dcnts'>interven&ccedil;&otilde;es para o manejo de hipertens&atilde;o e diabetes no munic&iacute;pio de Vit&oacute;ria da Conquista (BA)<\/a>. &ldquo;N&oacute;s desenvolvemos uma rede de colabora&ccedil;&atilde;o com a participa&ccedil;&atilde;o das secretarias municipal e estadual de sa&uacute;de; Servi&ccedil;o Social da Ind&uacute;stria (SESI); Universidade Estadual do Sudoeste da Bahia; e os hospitais S&iacute;rio Liban&ecirc;s e Albert Einstein. Tamb&eacute;m contamos com financiamento privado&rdquo;. Como resultado, o n&iacute;vel de press&atilde;o arterial desejado (&lt;140\/90 mmHg) foi alcan&ccedil;ado em <a rel=\"follow noopener\" target='_blank' href='https:\/\/www.ncbi.nlm.nih.gov\/pmc\/articles\/PMC8080168\/'>39% das pessoas com hipertens&atilde;o<\/a>; enquanto 38% das pessoas com diabetes apresentaram redu&ccedil;&atilde;o de, pelo menos, 1% da hemoglobina glicada (HbA1c).<\/p>\n<p>A tecnologia tamb&eacute;m esteve em pauta durante o evento promovido pelo F&oacute;rumDCNTs. Kochergin falou sobre a implanta&ccedil;&atilde;o de dispositivos <em>point-of-care<\/em> nos em Vit&oacute;ria da Conquista para medi&ccedil;&atilde;o do n&iacute;vel de HbA1c sem a necessidade de deslocamento dos indiv&iacute;duos para um laborat&oacute;rio. &ldquo;A inclus&atilde;o dessa tecnologia na rotina das equipes de aten&ccedil;&atilde;o prim&aacute;ria &agrave; sa&uacute;de <a rel=\"follow noopener\" target='_blank' href='https:\/\/www.frontiersin.org\/articles\/10.3389\/fmed.2021.734306\/full'>aumentou as taxas de diagn&oacute;sticos e identifica&ccedil;&atilde;o de indiv&iacute;duos<\/a> com a glicemia fora da meta glic&ecirc;mica, e se mostrou <a rel=\"follow noopener\" target='_blank' href='https:\/\/www.frontiersin.org\/articles\/10.3389\/fphar.2020.588309\/full'>custo-efetiva<\/a>&rdquo;, assegurou.<\/p>\n<p>Resultados positivos tamb&eacute;m vem sendo obtidos com a utiliza&ccedil;&atilde;o do Glic, aplicativo web\/mobile para gerenciamento do diabetes com maior n&uacute;mero de usu&aacute;rios no Brasil &ndash; 256 mil pessoas com diabetes e 2700 m&eacute;dicos. &ldquo;O usu&aacute;rio insere seus dados diariamente na ferramenta, aos quais o m&eacute;dico tem acesso, o que viabiliza o acompanhamento cont&iacute;nuo, ajustes do tratamento a dist&acirc;ncia e prescri&ccedil;&atilde;o eletr&ocirc;nica. O aplicativo tamb&eacute;m fornece suporte para autocuidados&rdquo;, explicou Gabriel Moreira, diretor das &aacute;reas de Opera&ccedil;&otilde;es e Data Science do Glic. &ldquo;No &uacute;ltimo m&ecirc;s, constatamos que a m&eacute;dia de hemoglobina glicada das pessoas que usam a plataforma foi de 7,4%, dois pontos percentuais menor que a m&eacute;dia nacional. De todos os lan&ccedil;amentos, 73% estiveram dentro do alvo, o que se traduz em estimativas de 60% menos complica&ccedil;&otilde;es microvasculares, 68% menos amputa&ccedil;&otilde;es, 38% menos mortes relacionadas a diabetes e 26% menos infartos do mioc&aacute;rdio&rdquo;, detalhou.<\/p>\n<p>Para J&eacute;ssica Quadros, assessora no Departamento de Preven&ccedil;&atilde;o e Promo&ccedil;&atilde;o da Sa&uacute;de na Secretaria de Aten&ccedil;&atilde;o Prim&aacute;ria (APS) do Minist&eacute;rio da Sa&uacute;de (MS), o Glic dialoga com as inova&ccedil;&otilde;es pensadas no &acirc;mbito do Conecte SUS e do e-SUS APS. &ldquo;O aplicativo &eacute; uma estrat&eacute;gia que pode fortalecer e transformar essa rede de servi&ccedil;os ao longo dos anos&rdquo;, refletiu. Segundo Quadros, o MS assumiu o compromisso de aumentar a cobertura de estrat&eacute;gia sa&uacute;de da fam&iacute;lia para que ela alcance 90% ou mais da popula&ccedil;&atilde;o com servi&ccedil;os acess&iacute;veis qualidade e incorpora&ccedil;&atilde;o de tecnologias. Conclui que &ldquo;os planos da APS do Futuro, do MS, levar&atilde;o a ajustes que otimizar&atilde;o consideravelmente os cuidados com diabetes e outras condi&ccedil;&otilde;es cr&ocirc;nicas n&atilde;o transmiss&iacute;veis&rdquo;.<\/p>\n<p>Website: <a target='_blank' href='http:\/\/www.ForumDCNTs.org' rel=\"follow noopener\">http:\/\/www.ForumDCNTs.org<\/a><img src='https:\/\/api.dino.com.br\/v2\/news\/tr\/297262' alt='' style='border:0px;width:1px;height:1px' \/><br \/>\nA <b>OESP<\/b> n\u00e3o \u00e9(s\u00e3o) respons\u00e1vel(is) por erros, incorre\u00e7\u00f5es, atrasos ou quaisquer decis\u00f5es tomadas por seus clientes com base nos Conte\u00fados ora disponibilizados, bem como tais Conte\u00fados n\u00e3o representam a opini\u00e3o da <b>OESP<\/b> e s\u00e3o de inteira responsabilidade da <b>Dino Divulgador de Noticias Online Ltda<\/b><\/p>\n","protected":false},"excerpt":{"rendered":"DINO DIVULGADOR DE NOT\u00cdCIAS (DINO &#8211; 17 nov, 2023) &#8211; A Federa&ccedil;&atilde;o Internacional de Diabetes (IDF) estima que metade dos adultos que vivem com a condi&ccedil;&atilde;o no mundo","protected":false},"author":1,"featured_media":79944,"comment_status":"open","ping_status":"closed","sticky":false,"template":"","format":"standard","meta":{"_acf_changed":false,"inline_featured_image":false,"_monsterinsights_skip_tracking":false,"_monsterinsights_sitenote_active":false,"_monsterinsights_sitenote_note":"","_monsterinsights_sitenote_category":0,"footnotes":""},"categories":[34],"tags":[],"class_list":["post-79943","post","type-post","status-publish","format-standard","has-post-thumbnail","hentry","category-releases-geral"],"acf":[],"_links":{"self":[{"href":"https:\/\/bluestudio.estadao.com.br\/agencia-de-comunicacao\/wp-json\/wp\/v2\/posts\/79943","targetHints":{"allow":["GET"]}}],"collection":[{"href":"https:\/\/bluestudio.estadao.com.br\/agencia-de-comunicacao\/wp-json\/wp\/v2\/posts"}],"about":[{"href":"https:\/\/bluestudio.estadao.com.br\/agencia-de-comunicacao\/wp-json\/wp\/v2\/types\/post"}],"author":[{"embeddable":true,"href":"https:\/\/bluestudio.estadao.com.br\/agencia-de-comunicacao\/wp-json\/wp\/v2\/users\/1"}],"replies":[{"embeddable":true,"href":"https:\/\/bluestudio.estadao.com.br\/agencia-de-comunicacao\/wp-json\/wp\/v2\/comments?post=79943"}],"version-history":[{"count":0,"href":"https:\/\/bluestudio.estadao.com.br\/agencia-de-comunicacao\/wp-json\/wp\/v2\/posts\/79943\/revisions"}],"wp:featuredmedia":[{"embeddable":true,"href":"https:\/\/bluestudio.estadao.com.br\/agencia-de-comunicacao\/wp-json\/wp\/v2\/media\/79944"}],"wp:attachment":[{"href":"https:\/\/bluestudio.estadao.com.br\/agencia-de-comunicacao\/wp-json\/wp\/v2\/media?parent=79943"}],"wp:term":[{"taxonomy":"category","embeddable":true,"href":"https:\/\/bluestudio.estadao.com.br\/agencia-de-comunicacao\/wp-json\/wp\/v2\/categories?post=79943"},{"taxonomy":"post_tag","embeddable":true,"href":"https:\/\/bluestudio.estadao.com.br\/agencia-de-comunicacao\/wp-json\/wp\/v2\/tags?post=79943"}],"curies":[{"name":"wp","href":"https:\/\/api.w.org\/{rel}","templated":true}]}}