{"id":79559,"date":"2023-11-14T13:13:00","date_gmt":"2023-11-14T16:13:00","guid":{"rendered":"https:\/\/bluestudio.estadao.com.br\/agencia-de-comunicacao\/releases\/releases-geral\/maaden-com-um-papel-fundamental-na-abordagem-dos-desafios-do-setor-no-future-minerals-forum-2024\/"},"modified":"2023-11-14T13:13:00","modified_gmt":"2023-11-14T16:13:00","slug":"maaden-com-um-papel-fundamental-na-abordagem-dos-desafios-do-setor-no-future-minerals-forum-2024","status":"publish","type":"post","link":"https:\/\/bluestudio.estadao.com.br\/agencia-de-comunicacao\/releases\/releases-geral\/maaden-com-um-papel-fundamental-na-abordagem-dos-desafios-do-setor-no-future-minerals-forum-2024\/","title":{"rendered":"Ma&#8217;aden com um papel fundamental na abordagem dos desafios do setor, no Future Minerals Forum 2024"},"content":{"rendered":"<p><b>Future Minerals Forum<\/b><\/p>\n<p align=\"justify\">RIADE, Ar\u00e1bia Saudita, Nov.  14, 2023  (GLOBE NEWSWIRE) &#8212; O Future Minerals Forum (FMF) anunciou hoje que a Ma&#8217;aden ir\u00e1 regressar como Parceira Fundadora do evento pelo terceiro ano consecutivo. A Ma&#8217;aden, a maior empresa de recursos naturais multi-commodities do M\u00e9dio Oriente, voltar\u00e1 a desempenhar um papel central nos debates que moldam o setor global dos minerais durante o FMF 2024, em janeiro.<\/p>\n<p align=\"justify\">Este evento centrar-se-\u00e1 na cria\u00e7\u00e3o de cadeias de valor mineral resilientes e respons\u00e1veis na super-regi\u00e3o de \u00c1frica, \u00c1sia Ocidental e Central, rica em recursos minerais. O FMF 2024 ir\u00e1 reunir l\u00edderes governamentais, executivos do setor mineiro, investidores e outras partes interessadas para impulsionar a parceria e o crescimento, contribuindo para um setor sustent\u00e1vel e refor\u00e7ando as cadeias de abastecimento de minerais a n\u00edvel mundial.<\/p>\n<p align=\"justify\">No FMF do ano passado, a Ma&#8217;aden fez uma s\u00e9rie de an\u00fancios significativos, incluindo o de uma importante joint-venture com o PIF, a Manara Minerals, que apoia as cadeias de abastecimento de minerais a n\u00edvel mundial, as quais s\u00e3o essenciais para a transi\u00e7\u00e3o energ\u00e9tica. A Ma&#8217;aden anunciou igualmente acordos de destaque com os l\u00edderes mineiros mundiais Ivanhoe Electric e Barrick Gold Corporation, que contribuem para impulsionar o desenvolvimento do setor mineiro do Reino.<\/p>\n<p align=\"justify\">O F\u00f3rum desempenha um papel fundamental no apoio ao investimento e \u00e0s parcerias, na Ar\u00e1bia Saudita e a n\u00edvel mundial.<\/p>\n<p align=\"justify\">As novas e excitantes iniciativas que ser\u00e3o discutidas no FMF 2024 incluem o aumento da capacidade dos recursos humanos e do talento na regi\u00e3o atrav\u00e9s de centros de excel\u00eancia; o desenvolvimento de normas de sustentabilidade que satisfa\u00e7am os requisitos dos pa\u00edses anfitri\u00f5es e mantenham a confian\u00e7a da sociedade; e a cria\u00e7\u00e3o de um centro de metais verdes na super-regi\u00e3o atrav\u00e9s da utiliza\u00e7\u00e3o de tecnologias modernas e do desenvolvimento de centros de processamento.<\/p>\n<p align=\"justify\">O FMF 2023 foi um sucesso retumbante, com mais de 9000 participantes presenciais e mais de 13\u00a0000 participantes remotos. Espera-se que o FMF 2024 tenha um alcance ainda mais alargado, centrando-se em solu\u00e7\u00f5es pr\u00e1ticas para os desafios que o setor mineiro e mineral enfrenta.<\/p>\n<p align=\"justify\">O FMF 2024 realizar-se-\u00e1 sob o patroc\u00ednio do Guardi\u00e3o das Duas Mesquitas Sagradas, o Rei Salman bin Abdulaziz Al Saud, no Centro Internacional de Conven\u00e7\u00f5es Rei Abdulaziz, em Riade, de 9 a 11 de janeiro de 2024.<\/p>\n<p align=\"justify\">Para saber mais sobre o FMF 2024 e para se inscrever no evento, visite\u00a0<a href=\"https:\/\/www.globenewswire.com\/Tracker?data=-L7vEHcDTYUkm3EQDkFyXPkMCI7xveg_OzSjUPtrQ_fOucN67TWtqwGQCxy8QNUPZ-cUnwOfEY_zoIu8TAqCqTM1-rm3raKtA_9KO6fhWYwkIRrUNUGhH5KvKSrTjmBI7A61eaq_MSDf3t12suqBmM-trN9hYwbn61jlWBJ5-v8=\" rel=\"nofollow noopener\" target=\"_blank\">https:\/\/www.futuremineralsforum.com\/registration\/<\/a>.<\/p>\n<p> <img decoding=\"async\" class=\"__GNW8366DE3E__IMG\" src=\"https:\/\/www.globenewswire.com\/newsroom\/ti?nf=MTAwMDg5OTQwMiM0MDE2ODY4NTMjMjI2MzY1Nw==\" \/> <br \/><img decoding=\"async\" src=\"https:\/\/ml-eu.globenewswire.com\/media\/ZmQwNDE4ZTEtM2E0Ni00ZDU5LWFkNWEtZDI4NmNjODIyMGE3LTEyNzUyMDc=\/tiny\/Future-Minerals-Forum.png\" \/><\/p>\n<pre>Omar Shereen\nN.\u00ba DE TELEFONE: +966506630489\nE-mail:\u00a0omar.shereen@fleishman.com<\/pre>\n<p><a href=\"https:\/\/www.globenewswire.com\/NewsRoom\/AttachmentNg\/94877c48-7715-4d87-a9e3-eb9405e7e845\"><img loading=\"lazy\" decoding=\"async\" src=\"https:\/\/ml-eu.globenewswire.com\/media\/94877c48-7715-4d87-a9e3-eb9405e7e845\/small\/fmf-logo-01-png.png\" border=\"0\" width=\"150\" height=\"82\" alt=\"Primary Logo\" \/><\/a><\/p>\n<p>A <b>OESP<\/b> nao e(sao) responsavel(is) por erros, incorrecoes, atrasos ou quaisquer decisoes tomadas por seus clientes com base nos Conteudos ora disponibilizados, bem como tais Conteudos nao representam a opiniao da <b>OESP<\/b> e sao de inteira responsabilidade da <b>GlobeNewswire<\/b><\/p>\n","protected":false},"excerpt":{"rendered":"Future Minerals Forum RIADE, Ar\u00e1bia Saudita, Nov. 14, 2023 (GLOBE NEWSWIRE) &#8212; O Future Minerals Forum (FMF) anunciou hoje que a Ma&#8217;aden ir\u00e1 regressar como Parceira Fundadora do evento","protected":false},"author":1,"featured_media":79560,"comment_status":"open","ping_status":"closed","sticky":false,"template":"","format":"standard","meta":{"_acf_changed":false,"inline_featured_image":false,"_monsterinsights_skip_tracking":false,"_monsterinsights_sitenote_active":false,"_monsterinsights_sitenote_note":"","_monsterinsights_sitenote_category":0,"footnotes":""},"categories":[34],"tags":[],"class_list":["post-79559","post","type-post","status-publish","format-standard","has-post-thumbnail","hentry","category-releases-geral"],"acf":[],"_links":{"self":[{"href":"https:\/\/bluestudio.estadao.com.br\/agencia-de-comunicacao\/wp-json\/wp\/v2\/posts\/79559","targetHints":{"allow":["GET"]}}],"collection":[{"href":"https:\/\/bluestudio.estadao.com.br\/agencia-de-comunicacao\/wp-json\/wp\/v2\/posts"}],"about":[{"href":"https:\/\/bluestudio.estadao.com.br\/agencia-de-comunicacao\/wp-json\/wp\/v2\/types\/post"}],"author":[{"embeddable":true,"href":"https:\/\/bluestudio.estadao.com.br\/agencia-de-comunicacao\/wp-json\/wp\/v2\/users\/1"}],"replies":[{"embeddable":true,"href":"https:\/\/bluestudio.estadao.com.br\/agencia-de-comunicacao\/wp-json\/wp\/v2\/comments?post=79559"}],"version-history":[{"count":0,"href":"https:\/\/bluestudio.estadao.com.br\/agencia-de-comunicacao\/wp-json\/wp\/v2\/posts\/79559\/revisions"}],"wp:featuredmedia":[{"embeddable":true,"href":"https:\/\/bluestudio.estadao.com.br\/agencia-de-comunicacao\/wp-json\/wp\/v2\/media\/79560"}],"wp:attachment":[{"href":"https:\/\/bluestudio.estadao.com.br\/agencia-de-comunicacao\/wp-json\/wp\/v2\/media?parent=79559"}],"wp:term":[{"taxonomy":"category","embeddable":true,"href":"https:\/\/bluestudio.estadao.com.br\/agencia-de-comunicacao\/wp-json\/wp\/v2\/categories?post=79559"},{"taxonomy":"post_tag","embeddable":true,"href":"https:\/\/bluestudio.estadao.com.br\/agencia-de-comunicacao\/wp-json\/wp\/v2\/tags?post=79559"}],"curies":[{"name":"wp","href":"https:\/\/api.w.org\/{rel}","templated":true}]}}