{"id":79551,"date":"2023-11-14T12:46:00","date_gmt":"2023-11-14T15:46:00","guid":{"rendered":"https:\/\/bluestudio.estadao.com.br\/agencia-de-comunicacao\/releases\/releases-geral\/virtua-lanca-seguro-academia-com-cobertura-para-acidentes\/"},"modified":"2023-11-14T12:46:00","modified_gmt":"2023-11-14T15:46:00","slug":"virtua-lanca-seguro-academia-com-cobertura-para-acidentes","status":"publish","type":"post","link":"https:\/\/bluestudio.estadao.com.br\/agencia-de-comunicacao\/releases\/releases-geral\/virtua-lanca-seguro-academia-com-cobertura-para-acidentes\/","title":{"rendered":"Virtua lan\u00e7a Seguro Academia com cobertura para acidentes"},"content":{"rendered":"<p><b>DINO DIVULGADOR DE NOT\u00cdCIAS<\/b><\/p>\n<p>Campos, Rio de Janeiro&#8211;(<a target='_blank' href='http:\/\/www.dino.com.br' rel=\"noopener\">DINO<\/a> &#8211; 14 nov, 2023) &#8211;<br \/>\nOs centros de sa\u00fade e fitness, onde se incluem as academias, s\u00e3o espa\u00e7os onde os alunos buscam bem-estar e alcan\u00e7ar objetivos est\u00e9ticos e, tamb\u00e9m, relacionados ao bom funcionamento do corpo. De acordo com o \u00faltimo <a rel=\"follow noopener\" target='_blank' href='https:\/\/www.fitnessbrasil.com.br\/panorama-setorial-2023\/' data-mce-target='_blank'>Panorama Setorial Fitness Brasi<\/a>l, 38% da ind\u00fastria fitness no Brasil \u00e9 composta por academias especialistas.<\/p>\n<p>Apesar do volume de pessoas que transitam nesses estabelecimentos, ainda n\u00e3o h\u00e1 estudos que quantifiquem o n\u00famero de incidentes e acidentes decorridos pela pr\u00e1tica de atividades f\u00edsicas nesses locais. Mesmo assim, casos recentes divulgados na m\u00eddia deram foco ao assunto. Situa\u00e7\u00f5es adversas como essas podem ser consideradas desafios para a empresa e, al\u00e9m de afetar a sa\u00fade dos alunos, pode tamb\u00e9m resultar em <strong>preju\u00edzos financeiros<\/strong> para a academia decorrente de custos de atendimento e indeniza\u00e7\u00f5es em processos movidos pelos acidentados.<\/p>\n<p>Em resposta ao cen\u00e1rio, a Virtua Corretora em parceria com a Porto Seguro lan\u00e7aram em novembro de 2023 o primeiro<a rel=\"follow noopener\" target='_blank' href='https:\/\/www.virtuacorretora.com.br\/seguro-academias\/' data-mce-target='_blank'> Seguro Academia<\/a>, com cobertura de Acidentes Pessoais para alunos.<\/p>\n<p>Marcelo Balbi, CEO da Virtua Corretora, conta que essa iniciativa veio para atender \u00e0s necessidades dos empres\u00e1rios do ramo fitness, garantindo prote\u00e7\u00e3o financeira frente aos riscos e ao mesmo tempo oferecendo seguran\u00e7a aos clientes. &#8216;Este Seguro Academia oferece coberturas em caso de acidentes pessoais, incluindo <strong>reembolso para despesas m\u00e9dicas, hospitalares e odontol\u00f3gicas<\/strong>, al\u00e9m de coberturas para invalidez parcial ou total, morte acidental e aux\u00edlio funeral&#8217;, explica o CEO.<\/p>\n<p>O seguro tamb\u00e9m oferece <strong>prote\u00e7\u00e3o empresarial<\/strong> contra algumas eventualidades que podem afetar o funcionamento normal da academia, como inc\u00eandio, danos el\u00e9tricos, fen\u00f4menos naturais, roubo e furto.<\/p>\n<p>Do ponto de vista de &#8216;Danos a Terceiros&#8217;, o seguro inclui uma cobertura de Responsabilidade Civil que proporciona desde <strong>orienta\u00e7\u00e3o jur\u00eddica at\u00e9 o pagamento de indeniza\u00e7\u00f5es<\/strong>, seja por acordos extrajudiciais ou por determina\u00e7\u00f5es judiciais.<\/p>\n<p>Al\u00e9m do aspecto financeiro, Marcelo tamb\u00e9m pontua que esse tipo de iniciativa pode&nbsp; fortalecer a rela\u00e7\u00e3o entre a academia e seus membros. &#8216;Ao proporcionar esse n\u00edvel de seguran\u00e7a, as academias mostram se importar com a sa\u00fade e o bem-estar de seus alunos, o que, por sua vez, pode aumentar a satisfa\u00e7\u00e3o e a reten\u00e7\u00e3o dos membros&#8217;, finaliza.<\/p>\n<\/p>\n<p>Para saber mais sobre o seguro, basta acessar:&nbsp;<a target='_blank' href='https:\/\/www.virtuacorretora.com.br\/seguro-academias\/' rel=\"noopener\">https:\/\/www.virtuacorretora.com.br\/seguro-academias\/<\/a><\/p>\n<p><br data-mce-bogus='1'><\/p>\n<p>Website: <a target='_blank' href='https:\/\/www.virtuacorretora.com.br\/' rel=\"follow noopener\">https:\/\/www.virtuacorretora.com.br\/<\/a><img src='https:\/\/api.dino.com.br\/v2\/news\/tr\/295590' alt='' style='border:0px;width:1px;height:1px' \/><br \/>\nA <b>OESP<\/b> n\u00e3o \u00e9(s\u00e3o) respons\u00e1vel(is) por erros, incorre\u00e7\u00f5es, atrasos ou quaisquer decis\u00f5es tomadas por seus clientes com base nos Conte\u00fados ora disponibilizados, bem como tais Conte\u00fados n\u00e3o representam a opini\u00e3o da <b>OESP<\/b> e s\u00e3o de inteira responsabilidade da <b>Dino Divulgador de Noticias Online Ltda<\/b><\/p>\n","protected":false},"excerpt":{"rendered":"DINO DIVULGADOR DE NOT\u00cdCIAS Campos, Rio de Janeiro&#8211;(DINO &#8211; 14 nov, 2023) &#8211; Os centros de sa\u00fade e fitness, onde se incluem as academias, s\u00e3o espa\u00e7os onde os alunos buscam","protected":false},"author":1,"featured_media":79552,"comment_status":"open","ping_status":"closed","sticky":false,"template":"","format":"standard","meta":{"_acf_changed":false,"inline_featured_image":false,"_monsterinsights_skip_tracking":false,"_monsterinsights_sitenote_active":false,"_monsterinsights_sitenote_note":"","_monsterinsights_sitenote_category":0,"footnotes":""},"categories":[34],"tags":[],"class_list":["post-79551","post","type-post","status-publish","format-standard","has-post-thumbnail","hentry","category-releases-geral"],"acf":[],"_links":{"self":[{"href":"https:\/\/bluestudio.estadao.com.br\/agencia-de-comunicacao\/wp-json\/wp\/v2\/posts\/79551","targetHints":{"allow":["GET"]}}],"collection":[{"href":"https:\/\/bluestudio.estadao.com.br\/agencia-de-comunicacao\/wp-json\/wp\/v2\/posts"}],"about":[{"href":"https:\/\/bluestudio.estadao.com.br\/agencia-de-comunicacao\/wp-json\/wp\/v2\/types\/post"}],"author":[{"embeddable":true,"href":"https:\/\/bluestudio.estadao.com.br\/agencia-de-comunicacao\/wp-json\/wp\/v2\/users\/1"}],"replies":[{"embeddable":true,"href":"https:\/\/bluestudio.estadao.com.br\/agencia-de-comunicacao\/wp-json\/wp\/v2\/comments?post=79551"}],"version-history":[{"count":0,"href":"https:\/\/bluestudio.estadao.com.br\/agencia-de-comunicacao\/wp-json\/wp\/v2\/posts\/79551\/revisions"}],"wp:featuredmedia":[{"embeddable":true,"href":"https:\/\/bluestudio.estadao.com.br\/agencia-de-comunicacao\/wp-json\/wp\/v2\/media\/79552"}],"wp:attachment":[{"href":"https:\/\/bluestudio.estadao.com.br\/agencia-de-comunicacao\/wp-json\/wp\/v2\/media?parent=79551"}],"wp:term":[{"taxonomy":"category","embeddable":true,"href":"https:\/\/bluestudio.estadao.com.br\/agencia-de-comunicacao\/wp-json\/wp\/v2\/categories?post=79551"},{"taxonomy":"post_tag","embeddable":true,"href":"https:\/\/bluestudio.estadao.com.br\/agencia-de-comunicacao\/wp-json\/wp\/v2\/tags?post=79551"}],"curies":[{"name":"wp","href":"https:\/\/api.w.org\/{rel}","templated":true}]}}