{"id":79345,"date":"2023-11-13T12:10:00","date_gmt":"2023-11-13T15:10:00","guid":{"rendered":"https:\/\/bluestudio.estadao.com.br\/agencia-de-comunicacao\/releases\/releases-geral\/vera-mendes-joias-de-acucar-comemora-30-anos-no-mundo-da-gastronomia\/"},"modified":"2023-11-13T12:10:00","modified_gmt":"2023-11-13T15:10:00","slug":"vera-mendes-joias-de-acucar-comemora-30-anos-no-mundo-da-gastronomia","status":"publish","type":"post","link":"https:\/\/bluestudio.estadao.com.br\/agencia-de-comunicacao\/releases\/releases-geral\/vera-mendes-joias-de-acucar-comemora-30-anos-no-mundo-da-gastronomia\/","title":{"rendered":"Vera Mendes Joias de A\u00e7\u00facar comemora 30 anos no mundo da gastronomia"},"content":{"rendered":"<p><b>DINO DIVULGADOR DE NOT\u00cdCIAS<\/b><\/p>\n<p>S\u00e3o Jos\u00e9 dos Campos&#8211;(<a target='_blank' href='http:\/\/www.dino.com.br' rel=\"noopener\">DINO<\/a> &#8211; 13 nov, 2023) &#8211;<br \/>\nEm um evento realizado em sua boutique no &uacute;ltimo m&ecirc;s de Setembro, Vera Mendes Joias de A&ccedil;&uacute;car celebrou seus 30 anos de hist&oacute;ria no cen&aacute;rio gastron&ocirc;mico. A festa reuniu empres&aacute;rios, amigos e amantes da alta confeitaria da regi&atilde;o.<\/p>\n<p>Vera conduziu os convidados por um tour em sua boutique, revelando os bastidores de cada setor da confeitaria. A anfitri&atilde; tamb&eacute;m compartilhou a hist&oacute;ria por tr&aacute;s de alguns utens&iacute;lios que marcaram sua trajet&oacute;ria culin&aacute;ria.<\/p>\n<p>Os convidados tiveram a chance de confeitar o seu pr&oacute;prio bolo, al&eacute;m de experimentar as Joias de A&ccedil;&uacute;car da Vera e outros quitutes. &ldquo;A brincadeira foi &oacute;tima para criar um ambiente de descontra&ccedil;&atilde;o entre os convidados&rdquo;, conta Vera Mendes.<\/p>\n<p>Vera Mendes, influenciada por sua av&oacute;, iniciou no mundo da confeitaria aos 14 anos, quando fez seu primeiro bolo de casamento. Em 1993 abriu sua Boutique em S&atilde;o Jos&eacute; dos Campos e hoje atua tamb&eacute;m como professora no curso de confeitaria e panifica&ccedil;&atilde;o profissional no <a rel=\"follow noopener\" target='_blank' href='https:\/\/www.sp.senac.br\/centro-universitario-senac-campos-do-jordao'>Senac de Campos do Jord&atilde;o.<\/a><\/p>\n<p><strong>O cont&iacute;nuo crescimento do setor de doces e bolos<\/strong><\/p>\n<p>O setor de doces e confeitaria vem em crescente h&aacute; alguns anos e fatura, aproximadamente, 12 bilh&otilde;es de reais por ano. &Eacute; o que aponta a&nbsp;<a rel=\"follow noopener\" target='_blank' href='https:\/\/minutoligado.com.br\/saiba-mais-sobre-o-mercado-de-doces-no-brasil\/'>pesquisa &lsquo;Consumo Equilibrado&rsquo;, publicada no site Minuto Ligado.<\/a><\/p>\n<p>Al&eacute;m da tend&ecirc;ncia da personaliza&ccedil;&atilde;o se tornar uma parte fundamental no ramo de bolos e doces, a conscientiza&ccedil;&atilde;o sobre sa&uacute;de e bem-estar tamb&eacute;m t&ecirc;m influenciado o setor. Muitos consumidores est&atilde;o buscando op&ccedil;&otilde;es de alimenta&ccedil;&atilde;o mais saud&aacute;veis e menos processadas, como relata um artigo da <a rel=\"follow noopener\" target='_blank' href='https:\/\/www.euromonitor.com\/article\/de-volta-ao-basico-uma-tendencia-de-consumo-em-alimentos-e-bebidas-no-brasil'>Euromonitor Internacional.<\/a><\/p>\n<p>As tend&ecirc;ncias e transforma&ccedil;&otilde;es destacadas no setor de bolos e doces tamb&eacute;m se refletem na trajet&oacute;ria da <a rel=\"follow noopener\" target='_blank' href='http:\/\/veramendes.com'>Vera Mendes Joias de A&ccedil;&uacute;car.<\/a> &ldquo;O consumo de bolos e doces n&atilde;o se limita apenas a satisfazer o desejo por a&ccedil;&uacute;car. Os consumidores buscam experi&ecirc;ncias gastron&ocirc;micas &uacute;nicas&rdquo;, afirma Vera.<\/p>\n<p>Vera Mendes Joias de A&ccedil;&uacute;car<br \/>Telefone: (12) 98198-2956<br \/>veramendes.com<\/p>\n<p>Website: <a target='_blank' href='https:\/\/veramendes.com' rel=\"follow noopener\">https:\/\/veramendes.com<\/a><img src='https:\/\/api.dino.com.br\/v2\/news\/tr\/294702' alt='' style='border:0px;width:1px;height:1px' \/><br \/>\nA <b>OESP<\/b> n\u00e3o \u00e9(s\u00e3o) respons\u00e1vel(is) por erros, incorre\u00e7\u00f5es, atrasos ou quaisquer decis\u00f5es tomadas por seus clientes com base nos Conte\u00fados ora disponibilizados, bem como tais Conte\u00fados n\u00e3o representam a opini\u00e3o da <b>OESP<\/b> e s\u00e3o de inteira responsabilidade da <b>Dino Divulgador de Noticias Online Ltda<\/b><\/p>\n","protected":false},"excerpt":{"rendered":"DINO DIVULGADOR DE NOT\u00cdCIAS S\u00e3o Jos\u00e9 dos Campos&#8211;(DINO &#8211; 13 nov, 2023) &#8211; Em um evento realizado em sua boutique no &uacute;ltimo m&ecirc;s de Setembro, Vera Mendes Joias de","protected":false},"author":1,"featured_media":79346,"comment_status":"open","ping_status":"closed","sticky":false,"template":"","format":"standard","meta":{"_acf_changed":false,"inline_featured_image":false,"_monsterinsights_skip_tracking":false,"_monsterinsights_sitenote_active":false,"_monsterinsights_sitenote_note":"","_monsterinsights_sitenote_category":0,"footnotes":""},"categories":[34],"tags":[],"class_list":["post-79345","post","type-post","status-publish","format-standard","has-post-thumbnail","hentry","category-releases-geral"],"acf":[],"_links":{"self":[{"href":"https:\/\/bluestudio.estadao.com.br\/agencia-de-comunicacao\/wp-json\/wp\/v2\/posts\/79345","targetHints":{"allow":["GET"]}}],"collection":[{"href":"https:\/\/bluestudio.estadao.com.br\/agencia-de-comunicacao\/wp-json\/wp\/v2\/posts"}],"about":[{"href":"https:\/\/bluestudio.estadao.com.br\/agencia-de-comunicacao\/wp-json\/wp\/v2\/types\/post"}],"author":[{"embeddable":true,"href":"https:\/\/bluestudio.estadao.com.br\/agencia-de-comunicacao\/wp-json\/wp\/v2\/users\/1"}],"replies":[{"embeddable":true,"href":"https:\/\/bluestudio.estadao.com.br\/agencia-de-comunicacao\/wp-json\/wp\/v2\/comments?post=79345"}],"version-history":[{"count":0,"href":"https:\/\/bluestudio.estadao.com.br\/agencia-de-comunicacao\/wp-json\/wp\/v2\/posts\/79345\/revisions"}],"wp:featuredmedia":[{"embeddable":true,"href":"https:\/\/bluestudio.estadao.com.br\/agencia-de-comunicacao\/wp-json\/wp\/v2\/media\/79346"}],"wp:attachment":[{"href":"https:\/\/bluestudio.estadao.com.br\/agencia-de-comunicacao\/wp-json\/wp\/v2\/media?parent=79345"}],"wp:term":[{"taxonomy":"category","embeddable":true,"href":"https:\/\/bluestudio.estadao.com.br\/agencia-de-comunicacao\/wp-json\/wp\/v2\/categories?post=79345"},{"taxonomy":"post_tag","embeddable":true,"href":"https:\/\/bluestudio.estadao.com.br\/agencia-de-comunicacao\/wp-json\/wp\/v2\/tags?post=79345"}],"curies":[{"name":"wp","href":"https:\/\/api.w.org\/{rel}","templated":true}]}}