{"id":79242,"date":"2023-11-10T20:28:00","date_gmt":"2023-11-10T23:28:00","guid":{"rendered":"https:\/\/bluestudio.estadao.com.br\/agencia-de-comunicacao\/prnewswire\/prnewsbrasil\/tailg-estreia-nova-marca-tlg-e-linha-de-produtos-na-eicma-impulsionando-a-expansao-global\/"},"modified":"2023-11-10T20:28:00","modified_gmt":"2023-11-10T23:28:00","slug":"tailg-estreia-nova-marca-tlg-e-linha-de-produtos-na-eicma-impulsionando-a-expansao-global","status":"publish","type":"post","link":"https:\/\/bluestudio.estadao.com.br\/agencia-de-comunicacao\/prnewswire\/prnewsbrasil\/tailg-estreia-nova-marca-tlg-e-linha-de-produtos-na-eicma-impulsionando-a-expansao-global\/","title":{"rendered":"TAILG estreia nova marca TLG e linha de produtos na EICMA, impulsionando a expans\u00e3o global"},"content":{"rendered":"<p><b>PR NEWSWIRE<\/b><\/p>\n<div class=\"xn-content\">\n<span class=\"legendSpanClass\">MIL\u00c3O<\/span>, <span class=\"legendSpanClass\">10 de novembro de 2023<\/span> \/PRNewswire\/ &#8212; De 7 a 12 de novembro, a TAILG apresentou sua nova marca TLG ao mundo inteiro na principal exposi\u00e7\u00e3o para ve\u00edculos de duas rodas, a EICMA 2023, enquanto simultaneamente assinava um acordo para lan\u00e7ar sua primeira loja conceito na Europa. Geng Xiewei, conselheiro Econ\u00f4mico Comercial do Consulado Geral da <span class=\"xn-location\">China<\/span>, participou da coletiva de imprensa e fez um discurso.<\/p>\n<div id=\"prni_dvprnevide5aaleft\" dir=\"ltr\" style=\"width: 100%;text-align: left\" title=\" \"><\/div>\n<p>Durante o evento de lan\u00e7amento, v\u00e1rios novos produtos, incluindo o GTS, CTS e TL6, foram apresentados, gerando interesse consider\u00e1vel entre os participantes profissionais. O primeiro lote destas\u00a0ofertas\u00a0estar\u00e1 dispon\u00edvel\u00a0para\u00a0experi\u00eancias\u00a0pr\u00e1ticas\u00a0na\u00a0primeira loja\u00a0conceito\u00a0da\u00a0TLG na\u00a0Su\u00ed\u00e7a.<\/p>\n<p><span class=\"xn-person\">Sun Muchai<\/span>, diretor global da TLG e vice-presidente s\u00eanior da TAILG, explicou que a TLG aproveita a experi\u00eancia de duas d\u00e9cadas da TAILG no setor de ve\u00edculos el\u00e9tricos de duas e tr\u00eas rodas para atender \u00e0s necessidades de deslocamento urbano com bicicletas e scooters el\u00e9tricas. Incorporando a ess\u00eancia de <b>Try \u00b7 Love \u00b7 Go<\/b>, a marca se dedica a moldar um estilo de vida de viagens urbanas personalizado e inteligente. Al\u00e9m de proporcionar aos usu\u00e1rios solu\u00e7\u00f5es de transporte de curta dist\u00e2ncia, a TLG aspira oferecer uma experi\u00eancia de marca e produto tecnologicamente sofisticada, resiliente e duradoura, ao mesmo tempo em que enfatiza significativamente a cultura e o envolvimento da comunidade.<\/p>\n<p><b>TL6: Motocicleta el\u00e9trica pura de alta velocidade<\/b><\/p>\n<p>A TL6 est\u00e1 equipada com um motor de montagem central de 6 kW, capaz de atingir velocidades m\u00e1ximas de at\u00e9 100 km\/h. Gra\u00e7as a um sensor de posi\u00e7\u00e3o rotativo ATS de n\u00edvel automotivo, o modelo exibe agilidade superior no manuseio. Ele tamb\u00e9m apresenta configura\u00e7\u00f5es de freio de corrida, incluindo quatro pist\u00f5es, pin\u00e7as radiais de grande di\u00e2metro geralmente encontradas nas motocicletas tradicionais a combust\u00edvel. Isso aprimora o desempenho de frenagem da motocicleta, garantindo uma experi\u00eancia de pilotagem mais segura e confi\u00e1vel.<\/p>\n<p><b>CTS: Nova motocicleta com pedal de energia<\/b><\/p>\n<p>O CTS se destaca com seu design minimalista e estilo elegante. O corpo prateado do modelo e o farol\u00a0em\u00a0forma\u00a0de\u00a0estrela\u00a0exclusivo s\u00e3o\u00a0complementados\u00a0por\u00a0um\u00a0motor\u00a0de\u00a05000\u00a0w\u00a0e\u00a0uma\u00a0bateria de l\u00edtio\u00a072V\u00a034Ah.\u00a0Chegando\u00a0aos\u00a090\u00a0km\/h, o\u00a0modelo\u00a0CTS\u00a0pode\u00a0cobrir uma\u00a0dist\u00e2ncia\u00a0de\u00a0at\u00e9\u00a0100\u00a0km\u00a0em uma \u00fanica carga. Al\u00e9m disso, \u00e9 compat\u00edvel com o controle de cruzeiro, o que possibilita aos pilotos aliviar o aperto no acelerador e reduzir a fadiga durante percursos de m\u00e9dia a longa dist\u00e2ncia.<\/p>\n<p>Atendendo a pilotos em busca de emo\u00e7\u00f5es ou de lazer, a solu\u00e7\u00e3o de transporte oferece uma experi\u00eancia de passeio de alta qualidade.<\/p>\n<p><b>GTS: Scooter recreacional de luxo<\/b><\/p>\n<p>De olho no mercado de alto padr\u00e3o, o GTS apresenta um corpo em forma de diamante complementado por texturas de fibra de carbono. O modelo vem equipado com um motor s\u00edncrono\u00a0de \u00edm\u00e3 permanente (PMSM) 3 em 1 de montagem central de 25 kW, capaz de acelerar at\u00e9 50 km\/h em apenas 2,1 segundos e chegar \u00e0 velocidade m\u00e1xima de 150 km\/h. Al\u00e9m disso, a scooter oferece uma experi\u00eancia de usu\u00e1rio mais conveniente com sua capacidade para ser recarregada por meio de uma esta\u00e7\u00e3o de carregamento de ve\u00edculos el\u00e9tricos.<\/p>\n<p>A TLG oferece uma linha de produtos diversificada, abrangendo desde scooters recreacionais luxuosas at\u00e9 motocicletas totalmente el\u00e9tricas de alta velocidade. Al\u00e9m dos tr\u00eas modelos, a linha de produtos estreante tamb\u00e9m inclui o TY3 e TY3 PRO.<\/p>\n<p>Desenvolvidos por uma equipe dedicada, os produtos TLG atendem aos pilotos mais exigentes na Europa e na Am\u00e9rica do Norte. A equipe se focou\u00a0na\u00a0sele\u00e7\u00e3o\u00a0dos\u00a0materiais,\u00a0processos\u00a0de\u00a0fabrica\u00e7\u00e3o e s\u00e9rie de produtos para atender \u00e0s expectativas por solu\u00e7\u00f5es de mobilidade inteligentes e f\u00e1ceis de usar. A TLG est\u00e1 comprometida com a inova\u00e7\u00e3o e melhoria cont\u00ednua no design e recursos do produto.<\/p>\n<p><b>Sobre a TAILG<\/b><\/p>\n<p>Fundada em 2004 em <span class=\"xn-location\">Shenzhen, China<\/span>, a TAILG \u00e9 uma empresa internacional em um grupo tecnol\u00f3gico que integra pesquisa e desenvolvimento, produ\u00e7\u00e3o, vendas, compartilhamento, carregamento e troca de ve\u00edculos el\u00e9tricos, al\u00e9m de outros servi\u00e7os de toda a cadeia da ind\u00fastria. Confiando no centro de P&amp;D de alto padr\u00e3o, a TAILG \u00e9 propriet\u00e1ria de mais de 1.000 patentes nacionais e opera nove bases de produ\u00e7\u00e3o na <span class=\"xn-location\">China<\/span>, al\u00e9m de ter capacidade de produ\u00e7\u00e3o anual para mais de 12 milh\u00f5es de ve\u00edculos. Tamb\u00e9m possui mais de 30.000 lojas de experi\u00eancia em terminais e exporta para mais de 90 pa\u00edses e regi\u00f5es em todo o mundo.<\/p>\n<p>Para\u00a0obter\u00a0mais\u00a0informa\u00e7\u00f5es,\u00a0acesse\u00a0<a href=\"https:\/\/www.tailg.com\/\" target=\"_blank\" rel=\"nofollow noopener\">https:\/\/www.tailg.com\/<\/a>.<\/p>\n<div id=\"prni_dvprnejpg364bleft\" dir=\"ltr\" style=\"width: 100%;text-align: left\"><img decoding=\"async\" id=\"prnejpg364bleft\" title=\" \" src=\"https:\/\/mma.prnewswire.com\/media\/2273713\/iMAGE1.jpg\" alt=\" \" align=\"middle\" \/><\/div>\n<p>\u00a0<\/p>\n<div id=\"prni_dvprnejpg6a3eleft\" dir=\"ltr\" style=\"width: 100%;text-align: left\"><img decoding=\"async\" id=\"prnejpg6a3eleft\" title=\" \" src=\"https:\/\/mma.prnewswire.com\/media\/2273712\/iMAGE2.jpg\" alt=\" \" align=\"middle\" \/><\/div>\n<p>V\u00eddeo\u00a0&#8211;\u00a0<a href=\"https:\/\/www.youtube.com\/watch?v=lzRXTSqWUF4\" target=\"_blank\" rel=\"nofollow noopener\">https:\/\/www.youtube.com\/watch?v=lzRXTSqWUF4<\/a><\/p>\n<p>Foto\u00a0&#8211;\u00a0<a href=\"https:\/\/mma.prnewswire.com\/media\/2273713\/iMAGE1.jpg\" target=\"_blank\" rel=\"nofollow noopener\">https:\/\/mma.prnewswire.com\/media\/2273713\/iMAGE1.jpg<\/a>\u00a0<\/p>\n<p>Foto &#8211;\u00a0<a href=\"https:\/\/mma.prnewswire.com\/media\/2273712\/iMAGE2.jpg\" target=\"_blank\" rel=\"nofollow noopener\">https:\/\/mma.prnewswire.com\/media\/2273712\/iMAGE2.jpg<\/a><\/p>\n<p>FONTE  TAILG<\/p>\n<\/div>\n<p><img decoding=\"async\" alt=\"\" src=\"https:\/\/rt.prnewswire.com\/rt.gif?NewsItemId=PT60784&amp;Transmission_Id=202311101823PR_NEWS_LATAM____PT60784&amp;DateId=20231110\" style=\"border:0px;width:1px;height:1px\" \/><\/p>\n<p>A <b>OESP<\/b> n\u00e3o \u00e9(s\u00e3o) respons\u00e1vel(is) por erros, incorre\u00e7\u00f5es, atrasos ou quaisquer decis\u00f5es tomadas por seus clientes com base nos Conte\u00fados ora disponibilizados, bem como tais Conte\u00fados n\u00e3o representam a opini\u00e3o da <b>OESP<\/b> e s\u00e3o de inteira responsabilidade da <b>PR Newswire Ltda<\/b><\/p>\n","protected":false},"excerpt":{"rendered":"PR NEWSWIRE MIL\u00c3O, 10 de novembro de 2023 \/PRNewswire\/ &#8212; De 7 a 12 de novembro, a TAILG apresentou sua nova marca TLG ao mundo inteiro na principal exposi\u00e7\u00e3o para ve\u00edculos de duas rodas, a","protected":false},"author":1,"featured_media":79243,"comment_status":"open","ping_status":"closed","sticky":false,"template":"","format":"standard","meta":{"_acf_changed":false,"inline_featured_image":false,"_monsterinsights_skip_tracking":false,"_monsterinsights_sitenote_active":false,"_monsterinsights_sitenote_note":"","_monsterinsights_sitenote_category":0,"footnotes":""},"categories":[28],"tags":[],"class_list":["post-79242","post","type-post","status-publish","format-standard","has-post-thumbnail","hentry","category-prnewsbrasil"],"acf":[],"_links":{"self":[{"href":"https:\/\/bluestudio.estadao.com.br\/agencia-de-comunicacao\/wp-json\/wp\/v2\/posts\/79242","targetHints":{"allow":["GET"]}}],"collection":[{"href":"https:\/\/bluestudio.estadao.com.br\/agencia-de-comunicacao\/wp-json\/wp\/v2\/posts"}],"about":[{"href":"https:\/\/bluestudio.estadao.com.br\/agencia-de-comunicacao\/wp-json\/wp\/v2\/types\/post"}],"author":[{"embeddable":true,"href":"https:\/\/bluestudio.estadao.com.br\/agencia-de-comunicacao\/wp-json\/wp\/v2\/users\/1"}],"replies":[{"embeddable":true,"href":"https:\/\/bluestudio.estadao.com.br\/agencia-de-comunicacao\/wp-json\/wp\/v2\/comments?post=79242"}],"version-history":[{"count":0,"href":"https:\/\/bluestudio.estadao.com.br\/agencia-de-comunicacao\/wp-json\/wp\/v2\/posts\/79242\/revisions"}],"wp:featuredmedia":[{"embeddable":true,"href":"https:\/\/bluestudio.estadao.com.br\/agencia-de-comunicacao\/wp-json\/wp\/v2\/media\/79243"}],"wp:attachment":[{"href":"https:\/\/bluestudio.estadao.com.br\/agencia-de-comunicacao\/wp-json\/wp\/v2\/media?parent=79242"}],"wp:term":[{"taxonomy":"category","embeddable":true,"href":"https:\/\/bluestudio.estadao.com.br\/agencia-de-comunicacao\/wp-json\/wp\/v2\/categories?post=79242"},{"taxonomy":"post_tag","embeddable":true,"href":"https:\/\/bluestudio.estadao.com.br\/agencia-de-comunicacao\/wp-json\/wp\/v2\/tags?post=79242"}],"curies":[{"name":"wp","href":"https:\/\/api.w.org\/{rel}","templated":true}]}}