{"id":78812,"date":"2023-11-07T15:55:00","date_gmt":"2023-11-07T18:55:00","guid":{"rendered":"https:\/\/bluestudio.estadao.com.br\/agencia-de-comunicacao\/releases\/releases-geral\/reducao-nas-taxas-de-juros-de-emprestimos-consignados-impulsiona-economia\/"},"modified":"2023-11-07T15:55:00","modified_gmt":"2023-11-07T18:55:00","slug":"reducao-nas-taxas-de-juros-de-emprestimos-consignados-impulsiona-economia","status":"publish","type":"post","link":"https:\/\/bluestudio.estadao.com.br\/agencia-de-comunicacao\/releases\/releases-geral\/reducao-nas-taxas-de-juros-de-emprestimos-consignados-impulsiona-economia\/","title":{"rendered":"Redu\u00e7\u00e3o nas taxas de juros de empr\u00e9stimos consignados impulsiona economia"},"content":{"rendered":"<p><b>DINO DIVULGADOR DE NOT\u00cdCIAS<\/b><\/p>\n<p>S\u00e3o Jos\u00e9 do Rio Preto \/ SP&#8211;(<a target='_blank' href='http:\/\/www.dino.com.br' rel=\"noopener\">DINO<\/a> &#8211; 07 nov, 2023) &#8211;<br \/>\nEm um marco hist\u00f3rico, o Conselho Nacional de Previd\u00eancia Social (CNPS) aprovou, em outubro de 2023, uma redu\u00e7\u00e3o significativa nas taxas de juros dos empr\u00e9stimos consignados para benefici\u00e1rios do INSS. Esta decis\u00e3o, alinhada com a recente diminui\u00e7\u00e3o da taxa Selic pelo Comit\u00ea de Pol\u00edtica Monet\u00e1ria (Copom) do Banco Central (BC), n\u00e3o apenas beneficia empresas e cidad\u00e3os dependentes desses empr\u00e9stimos, mas tamb\u00e9m tem um impacto positivo nas compras de fim de ano, um momento crucial para o mercado.<\/p>\n<p>Com essa decis\u00e3o, o teto das taxas de juros para empr\u00e9stimos com desconto em folha cair\u00e1 de 1,91% para 1,84%, segundo publica\u00e7\u00e3o da <a data-mce-target='_blank' href='https:\/\/agenciagov.ebc.com.br\/noticias\/202310\/conselho-reduz-novamente-teto-de-juros-do-consignado-para-1-84' target='_blank' rel=\"noopener\">Ag\u00eancia GOV.<\/a> Da mesma forma, para opera\u00e7\u00f5es com cart\u00e3o de cr\u00e9dito e cart\u00e3o consignado de benef\u00edcio, o \u00edndice m\u00e1ximo ser\u00e1 reduzido de 2,83% para 2,73%. Essas mudan\u00e7as n\u00e3o s\u00f3 estimulam o poder de compra dos consumidores, mas tamb\u00e9m impulsionam os investimentos no per\u00edodo das festas de fim de ano.<\/p>\n<p>&#8216;Essa decis\u00e3o adotada garantir\u00e1 cr\u00e9dito de maneira mais acess\u00edvel, fortalecendo n\u00e3o apenas as finan\u00e7as dos indiv\u00edduos, mas tamb\u00e9m dinamizando o mercado durante as compras de fim de ano. O impacto direto ser\u00e1 sentido nas transa\u00e7\u00f5es comerciais, impulsionando os neg\u00f3cios durante um dos per\u00edodos mais importantes para o mercado&#8217;, comentou Gustavo Capelo, diretor do Grupo Velox.<\/p>\n<p>Al\u00e9m disso, em um movimento para aumentar a transpar\u00eancia e facilitar a escolha do melhor servi\u00e7o financeiro para os benefici\u00e1rios do INSS, as taxas de juros praticadas pelas institui\u00e7\u00f5es financeiras no Brasil agora est\u00e3o dispon\u00edveis no portal do INSS e no aplicativo Meu INSS. Esta iniciativa oferece aos segurados a oportunidade de fazer a portabilidade do empr\u00e9stimo, escolhendo a taxa mais vantajosa antes de contrair um empr\u00e9stimo.<\/p>\n<p>A Velox Solu\u00e7\u00f5es Financeiras compreende que essa redu\u00e7\u00e3o nas taxas de juros ser\u00e3o um impulso n\u00e3o apenas para seus clientes e mais de 700 franqueados, mas tamb\u00e9m como um catalisador para o crescimento do mercado durante o per\u00edodo de compras de fim de ano estimulando e movimentando a economia.<\/p>\n<p>Website: <a target='_blank' href='https:\/\/www.veloxsolucoesfinanceiras.com.br' rel=\"follow noopener\">https:\/\/www.veloxsolucoesfinanceiras.com.br<\/a><img src='https:\/\/api.dino.com.br\/v2\/news\/tr\/283339' alt='' style='border:0px;width:1px;height:1px' \/><br \/>\nA <b>OESP<\/b> n\u00e3o \u00e9(s\u00e3o) respons\u00e1vel(is) por erros, incorre\u00e7\u00f5es, atrasos ou quaisquer decis\u00f5es tomadas por seus clientes com base nos Conte\u00fados ora disponibilizados, bem como tais Conte\u00fados n\u00e3o representam a opini\u00e3o da <b>OESP<\/b> e s\u00e3o de inteira responsabilidade da <b>Dino Divulgador de Noticias Online Ltda<\/b><\/p>\n","protected":false},"excerpt":{"rendered":"DINO DIVULGADOR DE NOT\u00cdCIAS S\u00e3o Jos\u00e9 do Rio Preto \/ SP&#8211;(DINO &#8211; 07 nov, 2023) &#8211; Em um marco hist\u00f3rico, o Conselho Nacional de Previd\u00eancia Social (CNPS) aprovou, em outubro de","protected":false},"author":1,"featured_media":78813,"comment_status":"open","ping_status":"closed","sticky":false,"template":"","format":"standard","meta":{"_acf_changed":false,"inline_featured_image":false,"_monsterinsights_skip_tracking":false,"_monsterinsights_sitenote_active":false,"_monsterinsights_sitenote_note":"","_monsterinsights_sitenote_category":0,"footnotes":""},"categories":[34],"tags":[],"class_list":["post-78812","post","type-post","status-publish","format-standard","has-post-thumbnail","hentry","category-releases-geral"],"acf":[],"_links":{"self":[{"href":"https:\/\/bluestudio.estadao.com.br\/agencia-de-comunicacao\/wp-json\/wp\/v2\/posts\/78812","targetHints":{"allow":["GET"]}}],"collection":[{"href":"https:\/\/bluestudio.estadao.com.br\/agencia-de-comunicacao\/wp-json\/wp\/v2\/posts"}],"about":[{"href":"https:\/\/bluestudio.estadao.com.br\/agencia-de-comunicacao\/wp-json\/wp\/v2\/types\/post"}],"author":[{"embeddable":true,"href":"https:\/\/bluestudio.estadao.com.br\/agencia-de-comunicacao\/wp-json\/wp\/v2\/users\/1"}],"replies":[{"embeddable":true,"href":"https:\/\/bluestudio.estadao.com.br\/agencia-de-comunicacao\/wp-json\/wp\/v2\/comments?post=78812"}],"version-history":[{"count":0,"href":"https:\/\/bluestudio.estadao.com.br\/agencia-de-comunicacao\/wp-json\/wp\/v2\/posts\/78812\/revisions"}],"wp:featuredmedia":[{"embeddable":true,"href":"https:\/\/bluestudio.estadao.com.br\/agencia-de-comunicacao\/wp-json\/wp\/v2\/media\/78813"}],"wp:attachment":[{"href":"https:\/\/bluestudio.estadao.com.br\/agencia-de-comunicacao\/wp-json\/wp\/v2\/media?parent=78812"}],"wp:term":[{"taxonomy":"category","embeddable":true,"href":"https:\/\/bluestudio.estadao.com.br\/agencia-de-comunicacao\/wp-json\/wp\/v2\/categories?post=78812"},{"taxonomy":"post_tag","embeddable":true,"href":"https:\/\/bluestudio.estadao.com.br\/agencia-de-comunicacao\/wp-json\/wp\/v2\/tags?post=78812"}],"curies":[{"name":"wp","href":"https:\/\/api.w.org\/{rel}","templated":true}]}}