{"id":78623,"date":"2023-11-06T10:35:00","date_gmt":"2023-11-06T13:35:00","guid":{"rendered":"https:\/\/bluestudio.estadao.com.br\/agencia-de-comunicacao\/releases\/releases-geral\/coworking-de-curitiba-anuncia-espaco-de-eventos-corporativos\/"},"modified":"2023-11-06T10:35:00","modified_gmt":"2023-11-06T13:35:00","slug":"coworking-de-curitiba-anuncia-espaco-de-eventos-corporativos","status":"publish","type":"post","link":"https:\/\/bluestudio.estadao.com.br\/agencia-de-comunicacao\/releases\/releases-geral\/coworking-de-curitiba-anuncia-espaco-de-eventos-corporativos\/","title":{"rendered":"Coworking de Curitiba anuncia espa\u00e7o de eventos corporativos"},"content":{"rendered":"<p><b>DINO DIVULGADOR DE NOT\u00cdCIAS<\/b><\/p>\n<p>Curitiba, PR&#8211;(<a target='_blank' href='http:\/\/www.dino.com.br' rel=\"noopener\">DINO<\/a> &#8211; 06 nov, 2023) &#8211;<br \/>\nA <a rel=\"follow noopener\" target='_blank' href='https:\/\/coworking.aldeia.cc\/'>Aldeia Coworking<\/a>, reconhecida por ser o <a rel=\"follow noopener\" target='_blank' href='https:\/\/www.curitiba.pr.leg.br\/informacao\/noticias\/aldeia-coworking-e-realidade-em-curitiba'>coworking mais antigo<\/a> de Curitiba, anunciou a recente inaugura&ccedil;&atilde;o de um espa&ccedil;o dedicado a grandes eventos corporativos no Shopping Esta&ccedil;&atilde;o. Com duas unidades consolidadas na cidade, a Aldeia Coworking, al&eacute;m de j&aacute; oferecer ambientes para reuni&otilde;es, workshops e outros tipos de eventos, expande sua estrutura para um espa&ccedil;o que pode acomodar at&eacute; 500 pessoas. Vale ressaltar que este local j&aacute; foi palco de eventos de renome, como o TEDx, e agora est&aacute; aberto para novas loca&ccedil;&otilde;es.<\/p>\n<p>Localizado na unidade Aldeia Coworking Shopping Esta&ccedil;&atilde;o, o espa&ccedil;o proporciona os benef&iacute;cios do shopping, incluindo estacionamento amplo, seguran&ccedil;a, infraestrutura de apoio, como pra&ccedil;a de alimenta&ccedil;&atilde;o, conveni&ecirc;ncias diversas e acesso facilitado para visitantes.&nbsp;<\/p>\n<p>Desenvolvido para atender a todos os tipos de demandas corporativas, o espa&ccedil;o disp&otilde;e de tel&otilde;es de LED, equipamentos de som, ilumina&ccedil;&atilde;o adequada para diversos eventos, palco, isolamento ac&uacute;stico, entre outras facilidades para a realiza&ccedil;&atilde;o de eventos.&nbsp;<\/p>\n<p>Ricardo D&oacute;ria, CEO da empresa aponta que esse projeto vem de uma an&aacute;lise estrat&eacute;gica do neg&oacute;cio: &#8216;N&oacute;s sent&iacute;amos car&ecirc;ncia na cidade por espa&ccedil;os de eventos corporativos que realmente atendessem grandes demandas na regi&atilde;o central da cidade. O novo espa&ccedil;o de eventos promete suprir a necessidade desses clientes&#8217;.<\/p>\n<p>Na fase de pr&eacute;-estreia, em que o espa&ccedil;o foi apresentado apenas para organiza&ccedil;&otilde;es pr&oacute;ximas &agrave; Aldeia Coworking, a agenda j&aacute; apresentou grande ocupa&ccedil;&atilde;o. Empresas como Rumo, Grupo Botic&aacute;rio e McDonalds foram algumas das que utilizaram o local para treinamentos e confer&ecirc;ncias corporativas.<\/p>\n<p>As consultas sobre hor&aacute;rios e espa&ccedil;os dispon&iacute;veis podem ser realizadas atrav&eacute;s do site da empresa: <a rel=\"follow noopener\" target='_blank' href='https:\/\/coworking.aldeia.cc\/categoria-produtos\/eventos_corporativos_na_aldeia\/'>https:\/\/coworking.aldeia.cc\/categoria-produtos\/eventos_corporativos_na_aldeia\/<\/a>.<\/p>\n<p>Website: <a target='_blank' href='https:\/\/coworking.aldeia.cc\/' rel=\"follow noopener\">https:\/\/coworking.aldeia.cc\/<\/a><img src='https:\/\/api.dino.com.br\/v2\/news\/tr\/292434' alt='' style='border:0px;width:1px;height:1px' \/><br \/>\nA <b>OESP<\/b> n\u00e3o \u00e9(s\u00e3o) respons\u00e1vel(is) por erros, incorre\u00e7\u00f5es, atrasos ou quaisquer decis\u00f5es tomadas por seus clientes com base nos Conte\u00fados ora disponibilizados, bem como tais Conte\u00fados n\u00e3o representam a opini\u00e3o da <b>OESP<\/b> e s\u00e3o de inteira responsabilidade da <b>Dino Divulgador de Noticias Online Ltda<\/b><\/p>\n","protected":false},"excerpt":{"rendered":"DINO DIVULGADOR DE NOT\u00cdCIAS Curitiba, PR&#8211;(DINO &#8211; 06 nov, 2023) &#8211; A Aldeia Coworking, reconhecida por ser o coworking mais antigo de Curitiba, anunciou a recente","protected":false},"author":1,"featured_media":78624,"comment_status":"open","ping_status":"closed","sticky":false,"template":"","format":"standard","meta":{"_acf_changed":false,"inline_featured_image":false,"_monsterinsights_skip_tracking":false,"_monsterinsights_sitenote_active":false,"_monsterinsights_sitenote_note":"","_monsterinsights_sitenote_category":0,"footnotes":""},"categories":[34],"tags":[],"class_list":["post-78623","post","type-post","status-publish","format-standard","has-post-thumbnail","hentry","category-releases-geral"],"acf":[],"_links":{"self":[{"href":"https:\/\/bluestudio.estadao.com.br\/agencia-de-comunicacao\/wp-json\/wp\/v2\/posts\/78623","targetHints":{"allow":["GET"]}}],"collection":[{"href":"https:\/\/bluestudio.estadao.com.br\/agencia-de-comunicacao\/wp-json\/wp\/v2\/posts"}],"about":[{"href":"https:\/\/bluestudio.estadao.com.br\/agencia-de-comunicacao\/wp-json\/wp\/v2\/types\/post"}],"author":[{"embeddable":true,"href":"https:\/\/bluestudio.estadao.com.br\/agencia-de-comunicacao\/wp-json\/wp\/v2\/users\/1"}],"replies":[{"embeddable":true,"href":"https:\/\/bluestudio.estadao.com.br\/agencia-de-comunicacao\/wp-json\/wp\/v2\/comments?post=78623"}],"version-history":[{"count":0,"href":"https:\/\/bluestudio.estadao.com.br\/agencia-de-comunicacao\/wp-json\/wp\/v2\/posts\/78623\/revisions"}],"wp:featuredmedia":[{"embeddable":true,"href":"https:\/\/bluestudio.estadao.com.br\/agencia-de-comunicacao\/wp-json\/wp\/v2\/media\/78624"}],"wp:attachment":[{"href":"https:\/\/bluestudio.estadao.com.br\/agencia-de-comunicacao\/wp-json\/wp\/v2\/media?parent=78623"}],"wp:term":[{"taxonomy":"category","embeddable":true,"href":"https:\/\/bluestudio.estadao.com.br\/agencia-de-comunicacao\/wp-json\/wp\/v2\/categories?post=78623"},{"taxonomy":"post_tag","embeddable":true,"href":"https:\/\/bluestudio.estadao.com.br\/agencia-de-comunicacao\/wp-json\/wp\/v2\/tags?post=78623"}],"curies":[{"name":"wp","href":"https:\/\/api.w.org\/{rel}","templated":true}]}}