{"id":78530,"date":"2023-11-03T14:25:00","date_gmt":"2023-11-03T17:25:00","guid":{"rendered":"https:\/\/bluestudio.estadao.com.br\/agencia-de-comunicacao\/releases\/releases-geral\/mitsubishi-electric-promove-competicao-educacional-no-pais\/"},"modified":"2023-11-03T14:25:00","modified_gmt":"2023-11-03T17:25:00","slug":"mitsubishi-electric-promove-competicao-educacional-no-pais","status":"publish","type":"post","link":"https:\/\/bluestudio.estadao.com.br\/agencia-de-comunicacao\/releases\/releases-geral\/mitsubishi-electric-promove-competicao-educacional-no-pais\/","title":{"rendered":"Mitsubishi Electric promove competi\u00e7\u00e3o educacional no pa\u00eds"},"content":{"rendered":"<p><b>DINO DIVULGADOR DE NOT\u00cdCIAS<\/b><\/p>\n<p>S\u00e3o Paulo&#8211;(<a target='_blank' href='http:\/\/www.dino.com.br' rel=\"noopener\">DINO<\/a> &#8211; 03 nov, 2023) &#8211;<br \/>\nChega na reta final a competi\u00e7\u00e3o educacional MECA Brasil, promovida mundialmente pela Mitsubishi Electric. A primeira edi\u00e7\u00e3o no pa\u00eds contou com cerca de 150 institui\u00e7\u00f5es de ensino convidadas, com mais de 60 projetos inscritos e 15 finalistas, selecionados por um comit\u00ea examinador de diferentes \u00e1reas da empresa. No dia 8 de novembro, dois projetos v\u00e3o levar o pr\u00eamio &#8211; sendo um de gradua\u00e7\u00e3o e outro de ensino t\u00e9cnico. O evento de premia\u00e7\u00e3o ter\u00e1 transmiss\u00e3o ao vivo, \u00e0s 17h, nas redes sociais da empresa.<\/p>\n<p>As duas equipes vencedoras ganhar\u00e3o rob\u00f4s industriais &#8211; que ser\u00e3o doados para a institui\u00e7\u00e3o de ensino &#8211; j\u00e1 os alunos v\u00e3o ganhar a oportunidade de estagiar na Mitsubishi Electric. Al\u00e9m disso, os estudantes tamb\u00e9m v\u00e3o receber pr\u00eamios individuais, que incluem notebooks, trof\u00e9us e mochilas.<\/p>\n<p>Na sele\u00e7\u00e3o, foram aplicados crit\u00e9rios como criatividade e inova\u00e7\u00e3o dos projetos, al\u00e9m da facilidade de opera\u00e7\u00e3o e viabilidade, assim como a did\u00e1tica utilizada por cada equipe para a sua apresenta\u00e7\u00e3o, com trabalhos bem descriminados, incluindo desenhos e diagramas para compreens\u00e3o plena por parte do comit\u00ea. &nbsp;<\/p>\n<p>&#8216;Estamos muito satisfeitos com o bom n\u00edvel dos projetos, assim como, com a pluralidade das solu\u00e7\u00f5es. Os membros do comit\u00ea examinador tamb\u00e9m avaliaram positivamente a intera\u00e7\u00e3o com as equipes durante as sess\u00f5es de suporte. A experi\u00eancia na promo\u00e7\u00e3o de uma competi\u00e7\u00e3o totalmente gratuita em um mercado emergente est\u00e1 sendo altamente produtiva e tem tudo para ser a primeira de muitas&#8217;, ressalta Fabiano Louren\u00e7o, Presidente da Mitsubishi Electric Brasil.<\/p>\n<p>Os projetos incluem solu\u00e7\u00f5es para diversos setores industriais, como agroneg\u00f3cio, sustentabilidade, log\u00edstica, entre outros. &#8216;Constatamos que as equipes est\u00e3o conectadas com as principais tend\u00eancias da Ind\u00fastria, aproveitando ao m\u00e1ximo as funcionalidades de nossos produtos, e bem alinhadas ao mercado de trabalho do qual em breve far\u00e3o parte&#8217;, diz Fabiano.<\/p>\n<p>Durante o evento de premia\u00e7\u00e3o, os competidores e convidados poder\u00e3o visitar o showroom m\u00f3vel da companhia &#8211; o MEB Truck &#8211; e conhecer melhor as solu\u00e7\u00f5es de automa\u00e7\u00e3o industrial e suas aplica\u00e7\u00f5es.<\/p>\n<p><strong>Servi\u00e7o<\/strong><\/p>\n<p>Competi\u00e7\u00e3o: MECA Brasil 2023<br \/>\n Dias: 7 e 8 de novembro<br \/>\n Hor\u00e1rio: Dia 7, instala\u00e7\u00e3o dos projetos, das 08h30 \u00e0s 17h<br \/>\n Dia 8, avalia\u00e7\u00e3o e premia\u00e7\u00e3o, das 08h00 \u00e0s 19h00. Coquetel de an\u00fancio dos vencedores come\u00e7a \u00e0s 17h<\/p>\n<p>Local: Novotel S\u00e3o Paulo Center Norte<br \/>\n Avenida Zaki Narchi, 500<br \/>\n *O evento ser\u00e1 acompanhado somente por convidados, e n\u00e3o receber\u00e1 p\u00fablico externo.<\/p>\n<p>O evento \u00e9 fechado, mas a live de premia\u00e7\u00e3o ser\u00e1 transmitida pelo canal do Youtube da Mitsubishi Electric, que pode ser acessado pelo seguinte endere\u00e7o: <a rel=\"follow noopener\" target='_blank' href='https:\/\/www.youtube.com\/@mitsubishielectric_br' data-mce-target='_blank'>https:\/\/www.youtube.com\/@mitsubishielectric_br<\/a><\/p>\n<p>Website: <a target='_blank' href='https:\/\/br.mitsubishielectric.com\/pt\/' rel=\"follow noopener\">https:\/\/br.mitsubishielectric.com\/pt\/<\/a><img src='https:\/\/api.dino.com.br\/v2\/news\/tr\/295540' alt='' style='border:0px;width:1px;height:1px' \/><br \/>\nA <b>OESP<\/b> n\u00e3o \u00e9(s\u00e3o) respons\u00e1vel(is) por erros, incorre\u00e7\u00f5es, atrasos ou quaisquer decis\u00f5es tomadas por seus clientes com base nos Conte\u00fados ora disponibilizados, bem como tais Conte\u00fados n\u00e3o representam a opini\u00e3o da <b>OESP<\/b> e s\u00e3o de inteira responsabilidade da <b>Dino Divulgador de Noticias Online Ltda<\/b><\/p>\n","protected":false},"excerpt":{"rendered":"DINO DIVULGADOR DE NOT\u00cdCIAS S\u00e3o Paulo&#8211;(DINO &#8211; 03 nov, 2023) &#8211; Chega na reta final a competi\u00e7\u00e3o educacional MECA Brasil, promovida mundialmente pela Mitsubishi Electric. A","protected":false},"author":1,"featured_media":78531,"comment_status":"open","ping_status":"closed","sticky":false,"template":"","format":"standard","meta":{"_acf_changed":false,"inline_featured_image":false,"_monsterinsights_skip_tracking":false,"_monsterinsights_sitenote_active":false,"_monsterinsights_sitenote_note":"","_monsterinsights_sitenote_category":0,"footnotes":""},"categories":[34],"tags":[],"class_list":["post-78530","post","type-post","status-publish","format-standard","has-post-thumbnail","hentry","category-releases-geral"],"acf":[],"_links":{"self":[{"href":"https:\/\/bluestudio.estadao.com.br\/agencia-de-comunicacao\/wp-json\/wp\/v2\/posts\/78530","targetHints":{"allow":["GET"]}}],"collection":[{"href":"https:\/\/bluestudio.estadao.com.br\/agencia-de-comunicacao\/wp-json\/wp\/v2\/posts"}],"about":[{"href":"https:\/\/bluestudio.estadao.com.br\/agencia-de-comunicacao\/wp-json\/wp\/v2\/types\/post"}],"author":[{"embeddable":true,"href":"https:\/\/bluestudio.estadao.com.br\/agencia-de-comunicacao\/wp-json\/wp\/v2\/users\/1"}],"replies":[{"embeddable":true,"href":"https:\/\/bluestudio.estadao.com.br\/agencia-de-comunicacao\/wp-json\/wp\/v2\/comments?post=78530"}],"version-history":[{"count":0,"href":"https:\/\/bluestudio.estadao.com.br\/agencia-de-comunicacao\/wp-json\/wp\/v2\/posts\/78530\/revisions"}],"wp:featuredmedia":[{"embeddable":true,"href":"https:\/\/bluestudio.estadao.com.br\/agencia-de-comunicacao\/wp-json\/wp\/v2\/media\/78531"}],"wp:attachment":[{"href":"https:\/\/bluestudio.estadao.com.br\/agencia-de-comunicacao\/wp-json\/wp\/v2\/media?parent=78530"}],"wp:term":[{"taxonomy":"category","embeddable":true,"href":"https:\/\/bluestudio.estadao.com.br\/agencia-de-comunicacao\/wp-json\/wp\/v2\/categories?post=78530"},{"taxonomy":"post_tag","embeddable":true,"href":"https:\/\/bluestudio.estadao.com.br\/agencia-de-comunicacao\/wp-json\/wp\/v2\/tags?post=78530"}],"curies":[{"name":"wp","href":"https:\/\/api.w.org\/{rel}","templated":true}]}}