{"id":78371,"date":"2023-11-01T17:30:00","date_gmt":"2023-11-01T20:30:00","guid":{"rendered":"https:\/\/bluestudio.estadao.com.br\/agencia-de-comunicacao\/releases\/releases-geral\/foz-do-iguacu-tera-natal-de-aguas-e-luzes\/"},"modified":"2023-11-01T17:30:00","modified_gmt":"2023-11-01T20:30:00","slug":"foz-do-iguacu-tera-natal-de-aguas-e-luzes","status":"publish","type":"post","link":"https:\/\/bluestudio.estadao.com.br\/agencia-de-comunicacao\/releases\/releases-geral\/foz-do-iguacu-tera-natal-de-aguas-e-luzes\/","title":{"rendered":"Foz do Igua\u00e7u ter\u00e1 Natal de \u00c1guas e Luzes"},"content":{"rendered":"<p><b>DINO DIVULGADOR DE NOT\u00cdCIAS<\/b><\/p>\n<p>(<a target='_blank' href='http:\/\/www.dino.com.br' rel=\"noopener\">DINO<\/a> &#8211; 31 out, 2023) &#8211;<br \/>\nFoz do Igua\u00e7u, no Paran\u00e1, \u00e9 conhecida como a terra das Cataratas, mas agora tamb\u00e9m quer se tornar destino para as festividades natalinas. O complexo Wonder Park Foz, situado pr\u00f3ximo \u00e0s Cataratas do Igua\u00e7u e que j\u00e1 oferece atra\u00e7\u00f5es internacionais como o Movie Cars e o Show das \u00c1guas, acaba de anunciar sua programa\u00e7\u00e3o festiva de final de ano, inspirada nos renomados eventos natalinos de Gramado.&nbsp;<\/p>\n<p>O Natal M\u00e1gico de \u00c1guas e Luzes do Wonder Park ser\u00e1 o maior evento natalino da cidade paranaense, e acontecer\u00e1 entre os dias 30 de novembro e 6 de janeiro. A novidade foi bem recebida pelo setor hoteleiro local.<\/p>\n<p>&#8216;Nossa principal expectativa \u00e9 que a nossa cidade se consolide como um destino natalino, onde os turistas venham visitar os atrativos e aproveite para participar das a\u00e7\u00f5es do Natal de \u00c1gua e Luzes&#8217;, conta Jaime Mendes, s\u00f3cio-propriet\u00e1rio do Del Rey Quality Hotel, localizado na cidade paranaense.<\/p>\n<p>Segundo a organiza\u00e7\u00e3o do evento, a programa\u00e7\u00e3o ser\u00e1 voltada para toda a fam\u00edlia e contar\u00e1 com a presen\u00e7a do Papai Noel e mais de 15 outros personagens, al\u00e9m de espet\u00e1culos, desfiles e uma decora\u00e7\u00e3o natalina.<\/p>\n<p>&#8216;Acreditamos que este evento \u00e9 uma grande oportunidade para melhorar a ocupa\u00e7\u00e3o do setor hoteleiro, pois, neste per\u00edodo, a cidade recebe um n\u00famero menor de turistas&#8217;, completa Mendes.<\/p>\n<p>Para o espet\u00e1culo, o Wonder Park estima ter realizado um investimento de mais de R$ 600 mil reais, com o objetivo tamb\u00e9m de enriquecer a experi\u00eancia tur\u00edstica na cidade, proporcionando alternativas al\u00e9m das Cataratas para os milh\u00f5es de visitantes que Foz do Igua\u00e7u j\u00e1 recebe anualmente.<\/p>\n<p>Para saber mais, basta acessar: <a rel=\"follow noopener\" target='_blank' href='http:\/\/www.hoteldelreyfoz.com.br' data-mce-target='_blank'>www.hoteldelreyfoz.com.br<\/a>&nbsp;<\/p>\n<p>Website: <a target='_blank' href='http:\/\/www.hoteldelreyfoz.com.br ' rel=\"follow noopener\">http:\/\/www.hoteldelreyfoz.com.br <\/a><img src='https:\/\/api.dino.com.br\/v2\/news\/tr\/294387' alt='' style='border:0px;width:1px;height:1px' \/><br \/>\nA <b>OESP<\/b> n\u00e3o \u00e9(s\u00e3o) respons\u00e1vel(is) por erros, incorre\u00e7\u00f5es, atrasos ou quaisquer decis\u00f5es tomadas por seus clientes com base nos Conte\u00fados ora disponibilizados, bem como tais Conte\u00fados n\u00e3o representam a opini\u00e3o da <b>OESP<\/b> e s\u00e3o de inteira responsabilidade da <b>Dino Divulgador de Noticias Online Ltda<\/b><\/p>\n","protected":false},"excerpt":{"rendered":"DINO DIVULGADOR DE NOT\u00cdCIAS (DINO &#8211; 31 out, 2023) &#8211; Foz do Igua\u00e7u, no Paran\u00e1, \u00e9 conhecida como a terra das Cataratas, mas agora tamb\u00e9m quer se tornar destino para as festividades","protected":false},"author":1,"featured_media":78372,"comment_status":"open","ping_status":"closed","sticky":false,"template":"","format":"standard","meta":{"_acf_changed":false,"inline_featured_image":false,"_monsterinsights_skip_tracking":false,"_monsterinsights_sitenote_active":false,"_monsterinsights_sitenote_note":"","_monsterinsights_sitenote_category":0,"footnotes":""},"categories":[34],"tags":[],"class_list":["post-78371","post","type-post","status-publish","format-standard","has-post-thumbnail","hentry","category-releases-geral"],"acf":[],"_links":{"self":[{"href":"https:\/\/bluestudio.estadao.com.br\/agencia-de-comunicacao\/wp-json\/wp\/v2\/posts\/78371","targetHints":{"allow":["GET"]}}],"collection":[{"href":"https:\/\/bluestudio.estadao.com.br\/agencia-de-comunicacao\/wp-json\/wp\/v2\/posts"}],"about":[{"href":"https:\/\/bluestudio.estadao.com.br\/agencia-de-comunicacao\/wp-json\/wp\/v2\/types\/post"}],"author":[{"embeddable":true,"href":"https:\/\/bluestudio.estadao.com.br\/agencia-de-comunicacao\/wp-json\/wp\/v2\/users\/1"}],"replies":[{"embeddable":true,"href":"https:\/\/bluestudio.estadao.com.br\/agencia-de-comunicacao\/wp-json\/wp\/v2\/comments?post=78371"}],"version-history":[{"count":0,"href":"https:\/\/bluestudio.estadao.com.br\/agencia-de-comunicacao\/wp-json\/wp\/v2\/posts\/78371\/revisions"}],"wp:featuredmedia":[{"embeddable":true,"href":"https:\/\/bluestudio.estadao.com.br\/agencia-de-comunicacao\/wp-json\/wp\/v2\/media\/78372"}],"wp:attachment":[{"href":"https:\/\/bluestudio.estadao.com.br\/agencia-de-comunicacao\/wp-json\/wp\/v2\/media?parent=78371"}],"wp:term":[{"taxonomy":"category","embeddable":true,"href":"https:\/\/bluestudio.estadao.com.br\/agencia-de-comunicacao\/wp-json\/wp\/v2\/categories?post=78371"},{"taxonomy":"post_tag","embeddable":true,"href":"https:\/\/bluestudio.estadao.com.br\/agencia-de-comunicacao\/wp-json\/wp\/v2\/tags?post=78371"}],"curies":[{"name":"wp","href":"https:\/\/api.w.org\/{rel}","templated":true}]}}