{"id":78315,"date":"2023-11-01T17:21:00","date_gmt":"2023-11-01T20:21:00","guid":{"rendered":"https:\/\/bluestudio.estadao.com.br\/agencia-de-comunicacao\/releases\/releases-geral\/banda-bistro-se-apresenta-em-belo-horizonte-com-show-ao-vivo\/"},"modified":"2023-11-01T17:21:00","modified_gmt":"2023-11-01T20:21:00","slug":"banda-bistro-se-apresenta-em-belo-horizonte-com-show-ao-vivo","status":"publish","type":"post","link":"https:\/\/bluestudio.estadao.com.br\/agencia-de-comunicacao\/releases\/releases-geral\/banda-bistro-se-apresenta-em-belo-horizonte-com-show-ao-vivo\/","title":{"rendered":"Banda Bistr\u00f4 se apresenta em Belo Horizonte com show ao vivo"},"content":{"rendered":"<p><b>DINO DIVULGADOR DE NOT\u00cdCIAS<\/b><\/p>\n<p>Belo Horizonte, MG&#8211;(<a target='_blank' href='http:\/\/www.dino.com.br' rel=\"noopener\">DINO<\/a> &#8211; 01 nov, 2023) &#8211; <\/p>\n<p style='font-family: sans-serif;font-size: 13.3333px;text-align: justify' data-mce-style='font-family: sans-serif; font-size: 13.3333px; text-align: justify;'>No dia 3 de novembro (sexta-feira), \u00e0s 20h, a banda mineira Bistr\u00f4 se apresenta em Belo Horizonte, no Teatro Pio XII, com o novo show&nbsp;<a rel=\"follow noopener\" target='_blank'>https:\/\/www.sympla.com.br\/evento\/bistro-ao-vivo\/2165993?fbclid=PAAabRD01Kr4OVdNAibeDfFUKkrgJYvHOJt-PYnjirjL-oxAMyz8uZnivyxAo_aem_AfYTJNbLyJ6Q9Kwc3GKk_C9SnvnpQGiDfRmKTX-eOeazL6SmxBAMHb6SgOlksJYmh1M&amp;referrer=l.instagram.com<\/a>&#8216; data-mce-target=&#8217;_blank&#8217; href=&#8217;<a target='_blank' href='https:\/\/www.sympla.com.br\/evento\/bistro-ao-vivo\/2165993?fbclid=PAAabRD01Kr4OVdNAibeDfFUKkrgJYvHOJt-PYnjirjL-oxAMyz8uZnivyxAo_aem_AfYTJNbLyJ6Q9Kwc3GKk_C9SnvnpQGiDfRmKTX-eOeazL6SmxBAMHb6SgOlksJYmh1M&amp;referrer=l.instagram.com' rel=\"follow noopener\">https:\/\/www.sympla.com.br\/evento\/bistro-ao-vivo\/2165993?fbclid=PAAabRD01Kr4OVdNAibeDfFUKkrgJYvHOJt-PYnjirjL-oxAMyz8uZnivyxAo_aem_AfYTJNbLyJ6Q9Kwc3GKk_C9SnvnpQGiDfRmKTX-eOeazL6SmxBAMHb6SgOlksJYmh1M&amp;referrer=l.instagram.com<\/a>&#8216;&gt;<em>Bistr\u00f4 Ao Vivo<\/em><\/a>, em apresenta\u00e7\u00e3o \u00fanica.<\/p>\n<p style='font-family: sans-serif;font-size: 13.3333px;text-align: justify' data-mce-style='font-family: sans-serif; font-size: 13.3333px; text-align: justify;'>O evento marca a primeira apresenta\u00e7\u00e3o na capital mineira ap\u00f3s o lan\u00e7amento do DVD que leva o nome do show. As faixas &#8216;Te Amando Calado&#8217; e &#8216;Minha Preta&#8217; est\u00e3o entre as m\u00fasicas escolhidas pela banda da Sony Music para a noite de sexta-feira.<\/p>\n<p style='font-family: sans-serif;font-size: 13.3333px;text-align: justify' data-mce-style='font-family: sans-serif; font-size: 13.3333px; text-align: justify;'>Wallace Laender, vocalista da Bistr\u00f4, promete uma apresenta\u00e7\u00e3o especial para quem for ao teatro no fim de semana do feriado: &#8216;A Bistr\u00f4 est\u00e1 em casa com a apresenta\u00e7\u00e3o aqui em Belo Horizonte. \u00c9 nossa primeira apresenta\u00e7\u00e3o na capital com o show do nosso novo DVD e estamos preparando um show com muita entrega, repert\u00f3rio com m\u00fasicas autorais, al\u00e9m do cl\u00e1ssico da Bistr\u00f4, que \u00e9 cantar MPB com nossa roupagem&#8217;.<\/p>\n<p style='font-family: sans-serif;font-size: 13.3333px;text-align: justify' data-mce-style='font-family: sans-serif; font-size: 13.3333px; text-align: justify;'><strong>DVD Bistr\u00f4 Ao Vivo<\/strong><\/p>\n<p style='font-family: sans-serif;font-size: 13.3333px;text-align: justify' data-mce-style='font-family: sans-serif; font-size: 13.3333px; text-align: justify;'>Em 2023, a banda Bistr\u00f4 enveredou-se pelo universo de Moraes Moreira e Luiz Galv\u00e3o, dois grandes nomes da MPB que integraram a banda Novos Baianos, sucesso nos anos 70, e gravou a m\u00fasica &#8216;Amigo Joel&#8217;, composi\u00e7\u00e3o de Moreira e Galv\u00e3o. A faixa faz parte do DVD &#8216;Bistr\u00f4 ao Vivo&#8217;, projeto rec\u00e9m-lan\u00e7ado que conta com m\u00fasicas autorais da banda e regrava\u00e7\u00f5es de cl\u00e1ssicos da m\u00fasica popular brasileira.<\/p>\n<p style='font-family: sans-serif;font-size: 13.3333px;text-align: justify' data-mce-style='font-family: sans-serif; font-size: 13.3333px; text-align: justify;'><strong>Banda Bistr\u00f4<\/strong><\/p>\n<p style='font-family: sans-serif;font-size: 13.3333px;text-align: justify' data-mce-style='font-family: sans-serif; font-size: 13.3333px; text-align: justify;'>A banda <a rel=\"follow noopener\" target='_blank'>https:\/\/bistrooficial.com.br\/<\/a>&#8216; data-mce-target=&#8217;_blank&#8217; href=&#8217;<a target='_blank' href='https:\/\/bistrooficial.com.br\/' rel=\"follow noopener\">https:\/\/bistrooficial.com.br\/<\/a>&#8216;&gt;Bistr\u00f4, da Sony Music<\/a>, surgiu em 2012 em Belo Horizonte com a reuni\u00e3o de tr\u00eas irm\u00e3os: Wallace Laender, voz e viol\u00e3o, Peterson Soares, no baixo, Winil, na guitarra e o irm\u00e3o de cora\u00e7\u00e3o Leonardo Brito, na bateria. O nome &#8216;Bistr\u00f4&#8217; \u00e9 uma alus\u00e3o direta aos dotes culin\u00e1rios que os integrantes do grupo t\u00eam (s\u00e3o tr\u00eas Chefs de cozinha e um Sommelier).&nbsp;No ano passado, o grupo lan\u00e7ou o EP &#8216;Minha Preta&#8217;, com a chancela da Sony Music. A&nbsp;faixa &#8216;Te amando calado&#8217; (cujo clipe possui mais de dois milh\u00f5es de visualiza\u00e7\u00f5es no YouTube) est\u00e1 entre os sucessos da banda.&nbsp;<\/p>\n<p style='font-family: sans-serif;font-size: 13.3333px;text-align: justify' data-mce-style='font-family: sans-serif; font-size: 13.3333px; text-align: justify;'><strong>Servi\u00e7o: Banda Bistr\u00f4 Ao vivo<\/strong><\/p>\n<p style='font-family: sans-serif;font-size: 13.3333px;text-align: justify' data-mce-style='font-family: sans-serif; font-size: 13.3333px; text-align: justify;'><strong>Data:&nbsp;<\/strong>03 de novembro, \u00e0s 20h<\/p>\n<p style='font-family: sans-serif;font-size: 13.3333px;text-align: justify' data-mce-style='font-family: sans-serif; font-size: 13.3333px; text-align: justify;'><strong>Local:&nbsp;<\/strong>Teatro Pio XII<\/p>\n<p style='font-family: sans-serif;font-size: 13.3333px;text-align: justify' data-mce-style='font-family: sans-serif; font-size: 13.3333px; text-align: justify;'><strong>Endere\u00e7o:&nbsp;<\/strong>Avenida Alvarenga Peixoto, 1679, Santo Agostinho, Belo Horizonte<\/p>\n<p style='font-family: sans-serif;font-size: 13.3333px;text-align: justify' data-mce-style='font-family: sans-serif; font-size: 13.3333px; text-align: justify;'><strong>Ingressos \u00e0 venda pelo <a rel=\"follow noopener\" target='_blank'>https:\/\/www.sympla.com.br\/evento\/bistro-ao-vivo\/2165993?fbclid=PAAabRD01Kr4OVdNAibeDfFUKkrgJYvHOJt-PYnjirjL-oxAMyz8uZnivyxAo_aem_AfYTJNbLyJ6Q9Kwc3GKk_C9SnvnpQGiDfRmKTX-eOeazL6SmxBAMHb6SgOlksJYmh1M&amp;referrer=l.instagram.com<\/a>&#8216; data-mce-target=&#8217;_blank&#8217; href=&#8217;<a target='_blank' href='https:\/\/www.sympla.com.br\/evento\/bistro-ao-vivo\/2165993?fbclid=PAAabRD01Kr4OVdNAibeDfFUKkrgJYvHOJt-PYnjirjL-oxAMyz8uZnivyxAo_aem_AfYTJNbLyJ6Q9Kwc3GKk_C9SnvnpQGiDfRmKTX-eOeazL6SmxBAMHb6SgOlksJYmh1M&amp;referrer=l.instagram.com' rel=\"follow noopener\">https:\/\/www.sympla.com.br\/evento\/bistro-ao-vivo\/2165993?fbclid=PAAabRD01Kr4OVdNAibeDfFUKkrgJYvHOJt-PYnjirjL-oxAMyz8uZnivyxAo_aem_AfYTJNbLyJ6Q9Kwc3GKk_C9SnvnpQGiDfRmKTX-eOeazL6SmxBAMHb6SgOlksJYmh1M&amp;referrer=l.instagram.com<\/a>&#8216;&gt;Sympla<\/a><\/strong><\/p>\n<p>Website: <a target='_blank' href='https:\/\/bistrooficial.com.br\/' rel=\"follow noopener\">https:\/\/bistrooficial.com.br\/<\/a><img src='https:\/\/api.dino.com.br\/v2\/news\/tr\/293371' alt='' style='border:0px;width:1px;height:1px' \/><br \/>\nA <b>OESP<\/b> n\u00e3o \u00e9(s\u00e3o) respons\u00e1vel(is) por erros, incorre\u00e7\u00f5es, atrasos ou quaisquer decis\u00f5es tomadas por seus clientes com base nos Conte\u00fados ora disponibilizados, bem como tais Conte\u00fados n\u00e3o representam a opini\u00e3o da <b>OESP<\/b> e s\u00e3o de inteira responsabilidade da <b>Dino Divulgador de Noticias Online Ltda<\/b><\/p>\n","protected":false},"excerpt":{"rendered":"DINO DIVULGADOR DE NOT\u00cdCIAS Belo Horizonte, MG&#8211;(DINO &#8211; 01 nov, 2023) &#8211; No dia 3 de novembro (sexta-feira), \u00e0s 20h, a banda mineira Bistr\u00f4 se apresenta em Belo Horizonte, no Teatro","protected":false},"author":1,"featured_media":78316,"comment_status":"open","ping_status":"closed","sticky":false,"template":"","format":"standard","meta":{"_acf_changed":false,"inline_featured_image":false,"_monsterinsights_skip_tracking":false,"_monsterinsights_sitenote_active":false,"_monsterinsights_sitenote_note":"","_monsterinsights_sitenote_category":0,"footnotes":""},"categories":[34],"tags":[],"class_list":["post-78315","post","type-post","status-publish","format-standard","has-post-thumbnail","hentry","category-releases-geral"],"acf":[],"_links":{"self":[{"href":"https:\/\/bluestudio.estadao.com.br\/agencia-de-comunicacao\/wp-json\/wp\/v2\/posts\/78315","targetHints":{"allow":["GET"]}}],"collection":[{"href":"https:\/\/bluestudio.estadao.com.br\/agencia-de-comunicacao\/wp-json\/wp\/v2\/posts"}],"about":[{"href":"https:\/\/bluestudio.estadao.com.br\/agencia-de-comunicacao\/wp-json\/wp\/v2\/types\/post"}],"author":[{"embeddable":true,"href":"https:\/\/bluestudio.estadao.com.br\/agencia-de-comunicacao\/wp-json\/wp\/v2\/users\/1"}],"replies":[{"embeddable":true,"href":"https:\/\/bluestudio.estadao.com.br\/agencia-de-comunicacao\/wp-json\/wp\/v2\/comments?post=78315"}],"version-history":[{"count":0,"href":"https:\/\/bluestudio.estadao.com.br\/agencia-de-comunicacao\/wp-json\/wp\/v2\/posts\/78315\/revisions"}],"wp:featuredmedia":[{"embeddable":true,"href":"https:\/\/bluestudio.estadao.com.br\/agencia-de-comunicacao\/wp-json\/wp\/v2\/media\/78316"}],"wp:attachment":[{"href":"https:\/\/bluestudio.estadao.com.br\/agencia-de-comunicacao\/wp-json\/wp\/v2\/media?parent=78315"}],"wp:term":[{"taxonomy":"category","embeddable":true,"href":"https:\/\/bluestudio.estadao.com.br\/agencia-de-comunicacao\/wp-json\/wp\/v2\/categories?post=78315"},{"taxonomy":"post_tag","embeddable":true,"href":"https:\/\/bluestudio.estadao.com.br\/agencia-de-comunicacao\/wp-json\/wp\/v2\/tags?post=78315"}],"curies":[{"name":"wp","href":"https:\/\/api.w.org\/{rel}","templated":true}]}}