{"id":78058,"date":"2023-10-31T12:58:00","date_gmt":"2023-10-31T15:58:00","guid":{"rendered":"https:\/\/bluestudio.estadao.com.br\/agencia-de-comunicacao\/releases\/releases-geral\/henley-partners-organiza-a-17a-conferencia-de-cidadania-global-em-dubai\/"},"modified":"2023-10-31T12:58:00","modified_gmt":"2023-10-31T15:58:00","slug":"henley-partners-organiza-a-17a-conferencia-de-cidadania-global-em-dubai","status":"publish","type":"post","link":"https:\/\/bluestudio.estadao.com.br\/agencia-de-comunicacao\/releases\/releases-geral\/henley-partners-organiza-a-17a-conferencia-de-cidadania-global-em-dubai\/","title":{"rendered":"Henley &amp; Partners organiza a 17\u00aa Confer\u00eancia de Cidadania Global em Dubai"},"content":{"rendered":"<p><b>HENLEY &amp; PARTNERS GROUP HOLDINGS LTD<\/b><\/p>\n<p align=\"justify\">LONDRES, Oct.  31, 2023  (GLOBE NEWSWIRE) &#8212; Espera-se que mais de 400 participantes de mais de 35 pa\u00edses participem da\u00a0<a href=\"https:\/\/www.globenewswire.com\/Tracker?data=N2AvPUrbIkU9ptDxbS073gdz5ClQCf-lWw5DwgKHk7K8rbAgkjBbQ6onuJRor00tee8P7CWYdNhdenrUcv-6SCLoaQ0XOug-g8zXfoY27pVWk4ZcwxiDR9nWugeIatoaoUTtaemYaPQKtajRtHk_GSbK8nFE4GJNMmZ9yp82E9fal60Kl0QaUKm1d7zhdDyciUL78a6yHGpXijIQULUvfg==\" rel=\"nofollow noopener\" target=\"_blank\"><u>17\u00aa Confer\u00eancia Global anual sobre Resid\u00eancia e Cidadania<\/u><\/a>, que acontecer\u00e1 na pr\u00f3xima semana (de 8 a 10 de novembro) no Hotel Shangri-La no DIFC, em Dubai, Emirados \u00c1rabes Unidos.<\/p>\n<p align=\"justify\">Organizada pela\u00a0<a href=\"https:\/\/www.globenewswire.com\/Tracker?data=nHBHafRSbpX9dwEcEfAo7nC7aU7FzhvXrhFis-3QJEe1xLCSsyJNSw6gCAZCgPjJaZCN31oXNeim_nNMkAQuGQxlVpDjy9SlR-EAcb8hDpg=\" rel=\"nofollow noopener\" target=\"_blank\"><u>Henley &amp; Partners<\/u><\/a>, empresa l\u00edder mundial em consultoria internacional sobre cidadania e resid\u00eancia, este evento anual se tornou a maior e mais significativa confer\u00eancia do mundo sobre riqueza privada e migra\u00e7\u00e3o de investimentos, reunindo presidentes, primeiros-ministros, ministros e profissionais de alto escal\u00e3o do governo, acad\u00eamicos renomados, consultores de clientes privados, profissionais de gest\u00e3o de patrim\u00f4nio e m\u00eddia financeira e empresarial do mais alto n\u00edvel.<\/p>\n<p align=\"justify\">O\u00a0<a href=\"https:\/\/www.globenewswire.com\/Tracker?data=KCnL8xjKULsBtBGVi0z96Gk3u1oEcmqjlYa0bvqKTxsQstcSCsvL6FouCzDRplrPJB2yL6kSRDAXXZoeVMdpxA5_hQK1Y_S0lQsb832pi_V0C_VyVVxibwUYdwYMZftzn0lWx6c_ia9mH_jJJsmZ8nUYceAj61BHvsUPzXFwMGWrdNObOwSYUVUUlBZb942b\" rel=\"nofollow noopener\" target=\"_blank\"><u>programa da confer\u00eancia de 2023<\/u><\/a>\u00a0apresenta conte\u00fado sofisticado e inovador sobre os principais desenvolvimentos que moldam a\u00a0<a href=\"https:\/\/www.globenewswire.com\/Tracker?data=rcssQuxp-vCzKOE4XuB4nOBNe68uH9OGAY4CwmY9dWmMZQ67sRObkiLh57ZXVvEGCEQZUY9Ws4WUgj_IppFyrHFHgr1YwcgIgOshqJj7t5kdyvbsGLiVfXz5NZC1z6PX\" rel=\"nofollow noopener\" target=\"_blank\"><u>migra\u00e7\u00e3o de investimentos<\/u><\/a>\u00a0e a geopol\u00edtica atualmente, oferecendo aos participantes a oportunidade de interagir com as maiores mentes e ideias mais recentes do mundo, acerca de temas centrais de cidadania global e interconectividade.<\/p>\n<p align=\"justify\"><a href=\"https:\/\/www.globenewswire.com\/Tracker?data=vRPMSuLioabaHhjLDYLugbx62CytX7eSDa6sZtHUgTokyKlv3DXo_zhWBAlfVxFcixFMo8nG0vem1U6kWuNpQnGT368ZR8Yf2rvEZui_iwwAz0FYBx5PIMSvRMZIqNlPhRZrKZNhQPQ4BbVx15iyUQ==\" rel=\"nofollow noopener\" target=\"_blank\"><u>Dr. Christian H. Kalin<\/u><\/a>, presidente do grupo Henley &amp; Partners, que tamb\u00e9m falar\u00e1 na confer\u00eancia, destaca que n\u00e3o poderia haver momento mais relevante e necess\u00e1rio para uma conex\u00e3o transfronteiri\u00e7a como cidad\u00e3os do mundo. Em um momento da nossa hist\u00f3ria em que o nosso mundo parece cada vez mais dividido e polarizado, \u00e9 mais importante do que nunca concentrarmos as nossas mentes na humanidade que compartilhamos e em como podemos ser mais fortes juntos. Embora possa significar coisas diferentes para pessoas diferentes, a cidadania global baseia-se no princ\u00edpio de que todos n\u00f3s temos responsabilidades para com o mundo como um todo, e n\u00e3o apenas para com os nossos pr\u00f3prios pa\u00edses ou comunidades locais. Esta confer\u00eancia visa expandir os nossos horizontes por meio da aprendizagem e compreens\u00e3o globais, para que possamos fazer mudan\u00e7as de maneira mais significativa, em pequena e grande escala.<\/p>\n<p align=\"justify\">Os renomados palestrantes da confer\u00eancia incluem os Primeiros-Ministros de Montenegro, S. Ex.\u00aa Dritan Abazovic, e de Granada, o Exmo. Dickon Mitchell, bem como o ex-Presidente e Porta-voz do Parlamento das Maldivas, o Exmo. Mohamed Nasheed. O CEO da Dubai Economic Development Corporation, Hadi Badri, juntamente com o Prof. Dr. Christian Joppke do Instituto de Sociologia da Universidade de Berna, na Su\u00ed\u00e7a, o Dr. Titus Gebel, Presidente da Funda\u00e7\u00e3o Cidades Livres na Alemanha, o Prof. Dr. Khalid Koser, Diretor Executivo do Fundo Global de Resili\u00eancia e Envolvimento Comunit\u00e1rio (Global Community Engagement and Resilience Fund), a Diretora de Parcerias de Mulheres em IA, Oriente M\u00e9dio, Debbie Botha, e o Dr. Parag Khanna, Fundador e CEO da Climate Alpha em Cingapura, entre muitos outros. Todos compartilhar\u00e3o as suas perspectivas sobre as principais tend\u00eancias sociais, econ\u00f4micas, pol\u00edticas e ambientais que moldam o nosso mundo.<\/p>\n<p align=\"justify\">Outro destaque da confer\u00eancia ser\u00e1 o\u00a0<a href=\"https:\/\/www.globenewswire.com\/Tracker?data=FWu_GO5_e6UUI06l-c2xbxxHJbYz_W6MBhhQRVgxGap9h64qshtilUGcfFeLahXM1O86mjKi6EdWI_rq_G1c1tiO6kAjvLrwjm_pynh5dEAKaYtXz66NR0Nv-ZHkb6EJhxF7PqlQC40aoQjodeWIezCZV8DCN4pK02RnIrrB67qajWiGUo5G8cwFWGgHJPAAL-prCtcxhcQc3uXho9dVdQ==\" rel=\"nofollow noopener\" target=\"_blank\"><u>Jantar do Pr\u00eamio Cidad\u00e3o Global 2023<\/u><\/a>,\u00a0no dia 9 de novembro, para homenagear um indiv\u00edduo not\u00e1vel que trabalha para promover um dos desafios globais que afetam a humanidade hoje. Organizado em colabora\u00e7\u00e3o com a\u00a0<a href=\"https:\/\/www.globenewswire.com\/Tracker?data=IvrnsNUvy3VE28dc2hOyvF17x2o8lHDdhsKk8La951WMJcDg3FENeUtiTlzRFkvTiOjGwvQsdbubsp-23aPu-A==\" rel=\"nofollow noopener\" target=\"_blank\"><u>Andan Foundation<\/u><\/a>, organiza\u00e7\u00e3o humanit\u00e1ria su\u00ed\u00e7a sem fins lucrativos, o laureado deste ano ser\u00e1 anunciado no evento de gala, e o lucro l\u00edquido da noite ser\u00e1 doado \u00e0 funda\u00e7\u00e3o focada na autossufici\u00eancia dos refugiados por meio da educa\u00e7\u00e3o, do empreendedorismo e do emprego.<\/p>\n<p align=\"justify\"><strong>Notas aos editores<\/strong><\/p>\n<p align=\"justify\">Para mais informa\u00e7\u00f5es e credenciamento da m\u00eddia para participar da\u00a0<a href=\"https:\/\/www.globenewswire.com\/Tracker?data=N2AvPUrbIkU9ptDxbS073gdz5ClQCf-lWw5DwgKHk7K8rbAgkjBbQ6onuJRor00tee8P7CWYdNhdenrUcv-6SH3LT0LVO8XFdNGzxlA6sHeEJIGQqpBZhyf16LL1HIDeZuZFXCRStsYWvXYTTPsPa7fSdugL0Yzfm20wztLT5TCWgA7n0GPNt57hDYdXBrZoqJ6r2XEyTKIx4b2bUOM0uA==\" rel=\"nofollow noopener\" target=\"_blank\"><u>17\u00aa Confer\u00eancia Global anual sobre Resid\u00eancia e Cidadania<\/u><\/a>, entre em contato com:<\/p>\n<p align=\"justify\"><strong>Sarah Nicklin<\/strong><br \/>L\u00edder de Rela\u00e7\u00f5es P\u00fablicas do Grupo <br \/><a href=\"https:\/\/www.globenewswire.com\/Tracker?data=kdCUKNWhTh1Hf4qM_-jXwdFytMGpwEVdg89hKS2keBtw3YvmYRZmUaNzMUxPCtMg3zk_HnKd1o3LQykkMPmK62dKIWWwS3au7yiC9u0Sttx4OckmY2YX_rnPsQD5zJlI\" rel=\"nofollow noopener\" target=\"_blank\">sarah.nicklin@henleyglobal.com<\/a><br \/>Celular: +27 72 464 8965<\/p>\n<p align=\"justify\"><strong>Sobre a Henley &amp; Partners<\/strong><\/p>\n<p align=\"justify\">A <a href=\"https:\/\/www.globenewswire.com\/Tracker?data=nHBHafRSbpX9dwEcEfAo7nC7aU7FzhvXrhFis-3QJEcTyBJH9w_BBhtr0GKzS6m_iOWIwOhQ8Q9mk6AiLpAdTFJO2RZmuroOhMyMxHsTCtc=\" rel=\"nofollow noopener\" target=\"_blank\"><u>Henley &amp; Partners<\/u><\/a>\u00a0\u00e9 l\u00edder global em resid\u00eancia e cidadania por meio de investimentos. Todos os anos, centenas de indiv\u00edduos ricos e os seus consultores confiam no nosso conhecimento e experi\u00eancia nesta \u00e1rea. Os profissionais altamente qualificados da empresa trabalham juntos como uma equipe em mais de 40 escrit\u00f3rios em todo o mundo.<\/p>\n<p align=\"justify\">O conceito de resid\u00eancia e cidadania por meio de investimentos foi criado pela Henley &amp; Partners na d\u00e9cada de 1990. \u00c0 medida que a globaliza\u00e7\u00e3o se expandiu, resid\u00eancia e cidadania tornaram-se temas de interesse significativo entre o n\u00famero crescente de empreendedores e investidores com mobilidade internacional, a quem orgulhosamente atendemos todos os dias.<\/p>\n<p align=\"justify\">A Henley &amp; Partners tamb\u00e9m dirige a principal pr\u00e1tica mundial de consultoria governamental para migra\u00e7\u00e3o de investimentos, que angariou mais de 12 bilh\u00f5es de d\u00f3lares em investimentos diretos estrangeiros. Confi\u00e1vel pelos governos, a empresa esteve envolvida em consultoria estrat\u00e9gica e na cria\u00e7\u00e3o, organiza\u00e7\u00e3o e opera\u00e7\u00e3o dos programas de resid\u00eancia e cidadania mais bem-sucedidos do mundo.<br \/><a href=\"https:\/\/www.globenewswire.com\/Tracker?data=ajRq74K4fCjfvBMEKgpwVUHHmdmMrXp3B3--9pTwqbJW8bM_uVAHfO_ZaH9B5pFqEwQKwgPJ--aSOYvqLH0iCiSw8DuDjW75zF-Es59eFCPfNEEWZTaJwNvS-QkdUtry\" rel=\"nofollow noopener\" target=\"_blank\"><u>https:\/\/www.henleyglobal.com<\/u><\/a><\/p>\n<p align=\"justify\" style=\"text-align: justify\">\n<p> <img decoding=\"async\" class=\"__GNW8366DE3E__IMG\" src=\"https:\/\/www.globenewswire.com\/newsroom\/ti?nf=MTAwMDg5NjkzMyM0MDE2Njk3MjMjMjI1MTEwNg==\" \/> <br \/><img decoding=\"async\" src=\"https:\/\/ml-eu.globenewswire.com\/media\/YTQ1MTBlMzItZjU4Ny00Yjg0LTg5NTktMzVmOGViOTM0OTU0LTEyNjI2NTk=\/tiny\/HENLEY-PARTNERS-GROUP-HOLDINGS.png\" \/><\/p>\n<p>A <b>OESP<\/b> nao e(sao) responsavel(is) por erros, incorrecoes, atrasos ou quaisquer decisoes tomadas por seus clientes com base nos Conteudos ora disponibilizados, bem como tais Conteudos nao representam a opiniao da <b>OESP<\/b> e sao de inteira responsabilidade da <b>GlobeNewswire<\/b><\/p>\n","protected":false},"excerpt":{"rendered":"HENLEY &amp; PARTNERS GROUP HOLDINGS LTD LONDRES, Oct. 31, 2023 (GLOBE NEWSWIRE) &#8212; Espera-se que mais de 400 participantes de mais de 35 pa\u00edses participem da\u00a017\u00aa Confer\u00eancia Global anual","protected":false},"author":1,"featured_media":78059,"comment_status":"open","ping_status":"closed","sticky":false,"template":"","format":"standard","meta":{"_acf_changed":false,"inline_featured_image":false,"_monsterinsights_skip_tracking":false,"_monsterinsights_sitenote_active":false,"_monsterinsights_sitenote_note":"","_monsterinsights_sitenote_category":0,"footnotes":""},"categories":[34],"tags":[],"class_list":["post-78058","post","type-post","status-publish","format-standard","has-post-thumbnail","hentry","category-releases-geral"],"acf":[],"_links":{"self":[{"href":"https:\/\/bluestudio.estadao.com.br\/agencia-de-comunicacao\/wp-json\/wp\/v2\/posts\/78058","targetHints":{"allow":["GET"]}}],"collection":[{"href":"https:\/\/bluestudio.estadao.com.br\/agencia-de-comunicacao\/wp-json\/wp\/v2\/posts"}],"about":[{"href":"https:\/\/bluestudio.estadao.com.br\/agencia-de-comunicacao\/wp-json\/wp\/v2\/types\/post"}],"author":[{"embeddable":true,"href":"https:\/\/bluestudio.estadao.com.br\/agencia-de-comunicacao\/wp-json\/wp\/v2\/users\/1"}],"replies":[{"embeddable":true,"href":"https:\/\/bluestudio.estadao.com.br\/agencia-de-comunicacao\/wp-json\/wp\/v2\/comments?post=78058"}],"version-history":[{"count":0,"href":"https:\/\/bluestudio.estadao.com.br\/agencia-de-comunicacao\/wp-json\/wp\/v2\/posts\/78058\/revisions"}],"wp:featuredmedia":[{"embeddable":true,"href":"https:\/\/bluestudio.estadao.com.br\/agencia-de-comunicacao\/wp-json\/wp\/v2\/media\/78059"}],"wp:attachment":[{"href":"https:\/\/bluestudio.estadao.com.br\/agencia-de-comunicacao\/wp-json\/wp\/v2\/media?parent=78058"}],"wp:term":[{"taxonomy":"category","embeddable":true,"href":"https:\/\/bluestudio.estadao.com.br\/agencia-de-comunicacao\/wp-json\/wp\/v2\/categories?post=78058"},{"taxonomy":"post_tag","embeddable":true,"href":"https:\/\/bluestudio.estadao.com.br\/agencia-de-comunicacao\/wp-json\/wp\/v2\/tags?post=78058"}],"curies":[{"name":"wp","href":"https:\/\/api.w.org\/{rel}","templated":true}]}}