{"id":77672,"date":"2023-10-27T14:14:00","date_gmt":"2023-10-27T17:14:00","guid":{"rendered":"https:\/\/bluestudio.estadao.com.br\/agencia-de-comunicacao\/releases\/releases-geral\/century-data-foi-patrocinadora-oficial-do-mind-the-sec-2023\/"},"modified":"2023-10-27T14:14:00","modified_gmt":"2023-10-27T17:14:00","slug":"century-data-foi-patrocinadora-oficial-do-mind-the-sec-2023","status":"publish","type":"post","link":"https:\/\/bluestudio.estadao.com.br\/agencia-de-comunicacao\/releases\/releases-geral\/century-data-foi-patrocinadora-oficial-do-mind-the-sec-2023\/","title":{"rendered":"Century Data foi patrocinadora oficial do Mind The Sec 2023"},"content":{"rendered":"<p><b>DINO DIVULGADOR DE NOT\u00cdCIAS<\/b><\/p>\n<p>S\u00e3o Paulo &#8211; S\u00e3o Paulo&#8211;(<a target='_blank' href='http:\/\/www.dino.com.br' rel=\"noopener\">DINO<\/a> &#8211; 27 out, 2023) &#8211;<br \/>\nO Mind the Sec aconteceu nos dias 12 a 14 de setembro de 2023, no Transam\u00e9rica Expocenter, na cidade de S\u00e3o Paulo. Com recorde de p\u00fablico, noticiado pela organiza\u00e7\u00e3o, mais de 10 mil participantes discutiram as novidades e desafios da seguran\u00e7a da informa\u00e7\u00e3o e ciberseguran\u00e7a na Am\u00e9rica Latina. Estiveram presentes tomadores de decis\u00f5es, l\u00edderes de marcas do setor, especialistas, entre outros profissionais da \u00e1rea de seguran\u00e7a da informa\u00e7\u00e3o.<\/p>\n<p>Entre os temas apresentados foi ressaltada a import\u00e2ncia de seguran\u00e7a de Aplicativos m\u00f3veis e de API&#8217;s dentro de uma organiza\u00e7\u00e3o pela Century Data, exemplificando como uma conex\u00e3o vulner\u00e1vel pode causar uma falha de seguran\u00e7a. Al\u00e9m das solu\u00e7\u00f5es expostas aconteceram v\u00e1rios debates e palestras onde foram citados assuntos atuais sobre seguran\u00e7a.<\/p>\n<p>Um tema que teve grande visita\u00e7\u00e3o foi o de Governan\u00e7a e Seguran\u00e7a de Dados moderado pelo CEO da Century Data, Wellington Franham e debatido por Carlos Grilli e Mauro Tonon. Foram detalhadas as melhores pr\u00e1ticas de implementa\u00e7\u00e3o dos processos de seguran\u00e7a e como endere\u00e7ar os desafios emergentes nesta \u00e1rea.<\/p>\n<p>A participa\u00e7\u00e3o no Mind The Sec tamb\u00e9m foi uma oportunidade de networking e expans\u00e3o dos di\u00e1logos no mercado de seguran\u00e7a. &#8216;Ter a honra de participar de um evento t\u00e3o grandioso como o Mind The Sec, levando a um p\u00fablico t\u00e3o bem selecionado nossas solu\u00e7\u00f5es e servi\u00e7os foi um privil\u00e9gio&#8217;, afirma Solange Santos, Diretora Executiva Century Data.<\/p>\n<p>Para mais informa\u00e7\u00f5es sobre ciberseguran\u00e7a, basta acessar:<a rel=\"follow noopener\" target='_blank' href='https:\/\/centurydata.com.br\/blog\/' data-mce-target='_blank'> https:\/\/centurydata.com.br<\/a><\/p>\n<\/p>\n<p>Website: <a target='_blank' href='https:\/\/centurydata.com.br' rel=\"follow noopener\">https:\/\/centurydata.com.br<\/a><img src='https:\/\/api.dino.com.br\/v2\/news\/tr\/291840' alt='' style='border:0px;width:1px;height:1px' \/><br \/>\nA <b>OESP<\/b> n\u00e3o \u00e9(s\u00e3o) respons\u00e1vel(is) por erros, incorre\u00e7\u00f5es, atrasos ou quaisquer decis\u00f5es tomadas por seus clientes com base nos Conte\u00fados ora disponibilizados, bem como tais Conte\u00fados n\u00e3o representam a opini\u00e3o da <b>OESP<\/b> e s\u00e3o de inteira responsabilidade da <b>Dino Divulgador de Noticias Online Ltda<\/b><\/p>\n","protected":false},"excerpt":{"rendered":"DINO DIVULGADOR DE NOT\u00cdCIAS S\u00e3o Paulo &#8211; S\u00e3o Paulo&#8211;(DINO &#8211; 27 out, 2023) &#8211; O Mind the Sec aconteceu nos dias 12 a 14 de setembro de 2023, no Transam\u00e9rica Expocenter, na","protected":false},"author":1,"featured_media":77673,"comment_status":"open","ping_status":"closed","sticky":false,"template":"","format":"standard","meta":{"_acf_changed":false,"inline_featured_image":false,"_monsterinsights_skip_tracking":false,"_monsterinsights_sitenote_active":false,"_monsterinsights_sitenote_note":"","_monsterinsights_sitenote_category":0,"footnotes":""},"categories":[34],"tags":[],"class_list":["post-77672","post","type-post","status-publish","format-standard","has-post-thumbnail","hentry","category-releases-geral"],"acf":[],"_links":{"self":[{"href":"https:\/\/bluestudio.estadao.com.br\/agencia-de-comunicacao\/wp-json\/wp\/v2\/posts\/77672","targetHints":{"allow":["GET"]}}],"collection":[{"href":"https:\/\/bluestudio.estadao.com.br\/agencia-de-comunicacao\/wp-json\/wp\/v2\/posts"}],"about":[{"href":"https:\/\/bluestudio.estadao.com.br\/agencia-de-comunicacao\/wp-json\/wp\/v2\/types\/post"}],"author":[{"embeddable":true,"href":"https:\/\/bluestudio.estadao.com.br\/agencia-de-comunicacao\/wp-json\/wp\/v2\/users\/1"}],"replies":[{"embeddable":true,"href":"https:\/\/bluestudio.estadao.com.br\/agencia-de-comunicacao\/wp-json\/wp\/v2\/comments?post=77672"}],"version-history":[{"count":0,"href":"https:\/\/bluestudio.estadao.com.br\/agencia-de-comunicacao\/wp-json\/wp\/v2\/posts\/77672\/revisions"}],"wp:featuredmedia":[{"embeddable":true,"href":"https:\/\/bluestudio.estadao.com.br\/agencia-de-comunicacao\/wp-json\/wp\/v2\/media\/77673"}],"wp:attachment":[{"href":"https:\/\/bluestudio.estadao.com.br\/agencia-de-comunicacao\/wp-json\/wp\/v2\/media?parent=77672"}],"wp:term":[{"taxonomy":"category","embeddable":true,"href":"https:\/\/bluestudio.estadao.com.br\/agencia-de-comunicacao\/wp-json\/wp\/v2\/categories?post=77672"},{"taxonomy":"post_tag","embeddable":true,"href":"https:\/\/bluestudio.estadao.com.br\/agencia-de-comunicacao\/wp-json\/wp\/v2\/tags?post=77672"}],"curies":[{"name":"wp","href":"https:\/\/api.w.org\/{rel}","templated":true}]}}