{"id":77644,"date":"2023-10-27T10:44:00","date_gmt":"2023-10-27T13:44:00","guid":{"rendered":"https:\/\/bluestudio.estadao.com.br\/agencia-de-comunicacao\/releases\/releases-geral\/seminario-internacional-do-cafe-tera-lancamento-dia-31-10\/"},"modified":"2023-10-27T10:44:00","modified_gmt":"2023-10-27T13:44:00","slug":"seminario-internacional-do-cafe-tera-lancamento-dia-31-10","status":"publish","type":"post","link":"https:\/\/bluestudio.estadao.com.br\/agencia-de-comunicacao\/releases\/releases-geral\/seminario-internacional-do-cafe-tera-lancamento-dia-31-10\/","title":{"rendered":"Semin\u00e1rio Internacional do Caf\u00e9 ter\u00e1 lan\u00e7amento dia 31\/10"},"content":{"rendered":"<p><b>DINO DIVULGADOR DE NOT\u00cdCIAS<\/b><\/p>\n<p>Santos, SP&#8211;(<a target='_blank' href='http:\/\/www.dino.com.br' rel=\"noopener\">DINO<\/a> &#8211; 27 out, 2023) &#8211;<br \/>\nA <a rel=\"follow noopener\" target='_blank' href='https:\/\/www.acs.org.br'>Associa&ccedil;&atilde;o Comercial de Santos<\/a> realizar&aacute; o evento de lan&ccedil;amento das novidades do XXIV Semin&aacute;rio Internacional do Caf&eacute; 2024, na pr&oacute;xima ter&ccedil;a-feira, dia 31 de outubro, &agrave;s 16h, no Sheraton Santos Hotel, localizado na Rua Guaia&oacute;, n&ordm; 70, na cidade de Santos no litoral paulista.<\/p>\n<p>O Semin&aacute;rio Internacional do Caf&eacute; de Santos &eacute; um evento tradicional no mundo do caf&eacute; com um hist&oacute;rico de 50 anos. A cada ano, o semin&aacute;rio re&uacute;ne especialistas, produtores, pesquisadores e l&iacute;deres da ind&uacute;stria cafeeira de todo o mundo para discutir tend&ecirc;ncias e desafios significativos que impactam o setor.<\/p>\n<p>No lan&ccedil;amento, ser&atilde;o reveladas todas as inova&ccedil;&otilde;es, informa&ccedil;&otilde;es sobre os temas a serem abordados, os palestrantes confirmados e os detalhes da estrutura completa da 24&ordf; edi&ccedil;&atilde;o do Semin&aacute;rio Internacional do Caf&eacute;, a ser realizado em maio de 2024.<\/p>\n<p>O evento contar&aacute; com a presen&ccedil;a da artista, empres&aacute;ria multil&iacute;ngue e atriz internacional de cinema premiada <a rel=\"follow noopener\" target='_blank' href='https:\/\/br.linkedin.com\/in\/crislopesoficial'>Cris Lopes<\/a>. &#8216;Todas as novidades do XXIV Semin&aacute;rio Internacional do Caf&eacute; ser&atilde;o apresentadas na pr&oacute;xima ter&ccedil;a-feira (31\/10)&#8217;, comenta <a rel=\"follow noopener\" target='_blank' href='https:\/\/www.instagram.com\/crislopes.oficial'>Cris Lopes<\/a>.<\/p>\n<p>Local do Evento de Lan&ccedil;amento:<\/p>\n<p>Data: 31 de outubro de 2023 (ter&ccedil;a-feira)<br \/>Hor&aacute;rio: 16h<br \/>Local: Sheraton Santos Hotel &#8211; R. Guaia&oacute;, 70 &ndash; Santos &#8211; SP &#8211; Brasil<\/p>\n<p>Para mais informa&ccedil;&otilde;es e credenciamento, os interessados dever&atilde;o contactar a assessora do evento, Gabriela Nebot, atrav&eacute;s do WhatsApp (13) 97406-4874.<\/p>\n<p>Website: <a target='_blank' href='https:\/\/www.acs.org.br' rel=\"follow noopener\">https:\/\/www.acs.org.br<\/a><img src='https:\/\/api.dino.com.br\/v2\/news\/tr\/294000' alt='' style='border:0px;width:1px;height:1px' \/><br \/>\nA <b>OESP<\/b> n\u00e3o \u00e9(s\u00e3o) respons\u00e1vel(is) por erros, incorre\u00e7\u00f5es, atrasos ou quaisquer decis\u00f5es tomadas por seus clientes com base nos Conte\u00fados ora disponibilizados, bem como tais Conte\u00fados n\u00e3o representam a opini\u00e3o da <b>OESP<\/b> e s\u00e3o de inteira responsabilidade da <b>Dino Divulgador de Noticias Online Ltda<\/b><\/p>\n","protected":false},"excerpt":{"rendered":"DINO DIVULGADOR DE NOT\u00cdCIAS Santos, SP&#8211;(DINO &#8211; 27 out, 2023) &#8211; A Associa&ccedil;&atilde;o Comercial de Santos realizar&aacute; o evento de lan&ccedil;amento das novidades do XXIV","protected":false},"author":1,"featured_media":77645,"comment_status":"open","ping_status":"closed","sticky":false,"template":"","format":"standard","meta":{"_acf_changed":false,"inline_featured_image":false,"_monsterinsights_skip_tracking":false,"_monsterinsights_sitenote_active":false,"_monsterinsights_sitenote_note":"","_monsterinsights_sitenote_category":0,"footnotes":""},"categories":[34],"tags":[],"class_list":["post-77644","post","type-post","status-publish","format-standard","has-post-thumbnail","hentry","category-releases-geral"],"acf":[],"_links":{"self":[{"href":"https:\/\/bluestudio.estadao.com.br\/agencia-de-comunicacao\/wp-json\/wp\/v2\/posts\/77644","targetHints":{"allow":["GET"]}}],"collection":[{"href":"https:\/\/bluestudio.estadao.com.br\/agencia-de-comunicacao\/wp-json\/wp\/v2\/posts"}],"about":[{"href":"https:\/\/bluestudio.estadao.com.br\/agencia-de-comunicacao\/wp-json\/wp\/v2\/types\/post"}],"author":[{"embeddable":true,"href":"https:\/\/bluestudio.estadao.com.br\/agencia-de-comunicacao\/wp-json\/wp\/v2\/users\/1"}],"replies":[{"embeddable":true,"href":"https:\/\/bluestudio.estadao.com.br\/agencia-de-comunicacao\/wp-json\/wp\/v2\/comments?post=77644"}],"version-history":[{"count":0,"href":"https:\/\/bluestudio.estadao.com.br\/agencia-de-comunicacao\/wp-json\/wp\/v2\/posts\/77644\/revisions"}],"wp:featuredmedia":[{"embeddable":true,"href":"https:\/\/bluestudio.estadao.com.br\/agencia-de-comunicacao\/wp-json\/wp\/v2\/media\/77645"}],"wp:attachment":[{"href":"https:\/\/bluestudio.estadao.com.br\/agencia-de-comunicacao\/wp-json\/wp\/v2\/media?parent=77644"}],"wp:term":[{"taxonomy":"category","embeddable":true,"href":"https:\/\/bluestudio.estadao.com.br\/agencia-de-comunicacao\/wp-json\/wp\/v2\/categories?post=77644"},{"taxonomy":"post_tag","embeddable":true,"href":"https:\/\/bluestudio.estadao.com.br\/agencia-de-comunicacao\/wp-json\/wp\/v2\/tags?post=77644"}],"curies":[{"name":"wp","href":"https:\/\/api.w.org\/{rel}","templated":true}]}}