{"id":77569,"date":"2023-10-26T15:59:00","date_gmt":"2023-10-26T18:59:00","guid":{"rendered":"https:\/\/bluestudio.estadao.com.br\/agencia-de-comunicacao\/releases\/releases-geral\/proposta-de-reforma-tributaria-ja-impacta-as-doacoes-em-vida\/"},"modified":"2023-10-26T15:59:00","modified_gmt":"2023-10-26T18:59:00","slug":"proposta-de-reforma-tributaria-ja-impacta-as-doacoes-em-vida","status":"publish","type":"post","link":"https:\/\/bluestudio.estadao.com.br\/agencia-de-comunicacao\/releases\/releases-geral\/proposta-de-reforma-tributaria-ja-impacta-as-doacoes-em-vida\/","title":{"rendered":"Proposta de reforma tribut\u00e1ria j\u00e1 impacta as doa\u00e7\u00f5es em vida"},"content":{"rendered":"<p><b>DINO DIVULGADOR DE NOT\u00cdCIAS<\/b><\/p>\n<p>S\u00e3o Paulo \/ SP&#8211;(<a target='_blank' href='http:\/\/www.dino.com.br' rel=\"noopener\">DINO<\/a> &#8211; 26 out, 2023) &#8211;<br \/>\nUm dos movimentos observados em decorr\u00eancia aprova\u00e7\u00e3o da PEC &#8211; Proposta de Emenda Constitucional 45\/2019, que tramita no Congresso Nacional e tem o objetivo de simplificar a tributa\u00e7\u00e3o sobre o consumo de responsabilidade da Uni\u00e3o, Estados e Munic\u00edpios, foi o aumento no n\u00famero de doa\u00e7\u00f5es em vida.<\/p>\n<p>Dados do CNB\/CF &#8211; Col\u00e9gio Notarial do Brasil\/Conselho Federal (CNB\/CF), entidade representativa dos mais de nove mil not\u00e1rios do pa\u00eds e congrega os tabeli\u00e3es de notas e de protestos em cada Estado, apontam que o n\u00famero de doa\u00e7\u00f5es passou de uma m\u00e9dia mensal de 11,6 mil em 2022 para <a rel=\"follow noopener\" target='_blank' href='https:\/\/www.notariado.org.br\/medo-da-reforma-tributaria-aumenta-em-22-doacoes-de-bens-a-herdeiros\/' data-mce-target='_blank'>mais de 14,2 mil atos realizados em agosto<\/a>, m\u00eas da apresenta\u00e7\u00e3o da proposta.<\/p>\n<p>&#8216;A preocupa\u00e7\u00e3o com os impactos da reforma tribut\u00e1ria tem feito com que muitos brasileiros comecem a planejar antecipadamente, com tempo e intelig\u00eancia, a prote\u00e7\u00e3o patrimonial, optando pela doa\u00e7\u00e3o em vida aos herdeiros ao inv\u00e9s de aguardar a realiza\u00e7\u00e3o do invent\u00e1rio&#8217;, explica Angel Ardanaz, advogado na <a rel=\"follow noopener\" target='_blank' href='https:\/\/ardanazsa.adv.br\/' data-mce-target='_blank'>Ardanaz Sociedade de Advogados<\/a> e Professor Universit\u00e1rio nas disciplinas de Direito Empresarial e Direito Tribut\u00e1rio.<\/p>\n<p>E isso ganha corpo em raz\u00e3o da previs\u00e3o de aumento progressivo da al\u00edquota de imposto pago ao governo de acordo com o patrim\u00f4nio envolvido, pois o texto da PEC 45\/2019 determina que o ITCMD &#8211; Imposto de Transmiss\u00e3o Causa Mortis e Doa\u00e7\u00e3o se torne obrigatoriamente uma al\u00edquota progressiva at\u00e9 8%.<\/p>\n<p>O ITCMD est\u00e1 previsto no artigo 155 da Constitui\u00e7\u00e3o Federal, e figura entre os artigos 33 e 45 do C\u00f3digo Tribut\u00e1rio Nacional. As al\u00edquotas e formas de cobran\u00e7as s\u00e3o estabelecidas pelos estados. Ou seja, sua legisla\u00e7\u00e3o \u00e9 criada nas Assembleias Legislativas de cada unidade federativa do pa\u00eds.<\/p>\n<p><strong>Sociedade holding \u00e9 alternativa vi\u00e1vel para a prote\u00e7\u00e3o patrimonial<\/strong><\/p>\n<p>Uma das alternativas vi\u00e1veis de prote\u00e7\u00e3o patrimonial \u00e9 uma <a rel=\"follow noopener\" target='_blank' href='https:\/\/ardanazsa.adv.br\/areas-de-atuacao\/protecao-patrimonial-holding\/' data-mce-target='_blank'>sociedade holding<\/a>, que participa de outras sociedades, como cotista ou acionista, tendo como objetivo a deten\u00e7\u00e3o de bens, que podem ser participa\u00e7\u00f5es em outras sociedades e im\u00f3veis, al\u00e9m de outros bens e direitos.<\/p>\n<p>&#8216;Trata-se, portanto, de uma importante ferramenta na organiza\u00e7\u00e3o patrimonial e no planejamento sucess\u00f3rio, permitindo a concentra\u00e7\u00e3o de investimentos de pessoas f\u00edsicas ou jur\u00eddicas, atuando como instrumento de controle societ\u00e1rio, al\u00e9m de promover a segrega\u00e7\u00e3o de ativos ou atividades, podendo assim segmentar e proteger o patrim\u00f4nio com regras especiais&#8217;, diz Ardanaz.<\/p>\n<p>A holding poder\u00e1 ser constitu\u00edda sob a forma de sociedade limitada ou por a\u00e7\u00f5es e pode ser dividida em:<\/p>\n<ul>\n<li>Pura ou de Participa\u00e7\u00f5es, quando a empresa investidora tem como \u00fanico objetivo social a participa\u00e7\u00e3o em outras sociedades na qualidade de acionista ou quotista;<\/li>\n<\/ul>\n<ul>\n<li>Mista, quando possui atividades secund\u00e1rias, caracterizando-se pela integraliza\u00e7\u00e3o de bens im\u00f3veis ou m\u00f3veis dos quotistas\/acionistas, fundadores no capital social da pessoa jur\u00eddica; e<\/li>\n<\/ul>\n<ul>\n<li>Familiar, aquela que ampara o empresariado nacional com blindagem e diretrizes frente aos problemas cotidianos, como conflitos familiares, separa\u00e7\u00f5es e falecimentos, dentre outros.<\/li>\n<\/ul>\n<p>&#8216;Al\u00e9m de possibilitar uma redu\u00e7\u00e3o da carga tribut\u00e1ria, a prote\u00e7\u00e3o patrimonial atrav\u00e9s de uma sociedade holding constitui uma medida preventiva e eficaz em face de futuros credores e dos riscos empresariais, aperfei\u00e7oando a gest\u00e3o de ativos, resguardando as atividades econ\u00f4micas e problemas familiares&#8217;, finaliza Ardanaz.<\/p>\n<p>Website: <a target='_blank' href='https:\/\/ardanazsa.adv.br\/' rel=\"follow noopener\">https:\/\/ardanazsa.adv.br\/<\/a><img src='https:\/\/api.dino.com.br\/v2\/news\/tr\/282034' alt='' style='border:0px;width:1px;height:1px' \/><br \/>\nA <b>OESP<\/b> n\u00e3o \u00e9(s\u00e3o) respons\u00e1vel(is) por erros, incorre\u00e7\u00f5es, atrasos ou quaisquer decis\u00f5es tomadas por seus clientes com base nos Conte\u00fados ora disponibilizados, bem como tais Conte\u00fados n\u00e3o representam a opini\u00e3o da <b>OESP<\/b> e s\u00e3o de inteira responsabilidade da <b>Dino Divulgador de Noticias Online Ltda<\/b><\/p>\n","protected":false},"excerpt":{"rendered":"DINO DIVULGADOR DE NOT\u00cdCIAS S\u00e3o Paulo \/ SP&#8211;(DINO &#8211; 26 out, 2023) &#8211; Um dos movimentos observados em decorr\u00eancia aprova\u00e7\u00e3o da PEC &#8211; Proposta de Emenda Constitucional","protected":false},"author":1,"featured_media":77570,"comment_status":"open","ping_status":"closed","sticky":false,"template":"","format":"standard","meta":{"_acf_changed":false,"inline_featured_image":false,"_monsterinsights_skip_tracking":false,"_monsterinsights_sitenote_active":false,"_monsterinsights_sitenote_note":"","_monsterinsights_sitenote_category":0,"footnotes":""},"categories":[34],"tags":[],"class_list":["post-77569","post","type-post","status-publish","format-standard","has-post-thumbnail","hentry","category-releases-geral"],"acf":[],"_links":{"self":[{"href":"https:\/\/bluestudio.estadao.com.br\/agencia-de-comunicacao\/wp-json\/wp\/v2\/posts\/77569","targetHints":{"allow":["GET"]}}],"collection":[{"href":"https:\/\/bluestudio.estadao.com.br\/agencia-de-comunicacao\/wp-json\/wp\/v2\/posts"}],"about":[{"href":"https:\/\/bluestudio.estadao.com.br\/agencia-de-comunicacao\/wp-json\/wp\/v2\/types\/post"}],"author":[{"embeddable":true,"href":"https:\/\/bluestudio.estadao.com.br\/agencia-de-comunicacao\/wp-json\/wp\/v2\/users\/1"}],"replies":[{"embeddable":true,"href":"https:\/\/bluestudio.estadao.com.br\/agencia-de-comunicacao\/wp-json\/wp\/v2\/comments?post=77569"}],"version-history":[{"count":0,"href":"https:\/\/bluestudio.estadao.com.br\/agencia-de-comunicacao\/wp-json\/wp\/v2\/posts\/77569\/revisions"}],"wp:featuredmedia":[{"embeddable":true,"href":"https:\/\/bluestudio.estadao.com.br\/agencia-de-comunicacao\/wp-json\/wp\/v2\/media\/77570"}],"wp:attachment":[{"href":"https:\/\/bluestudio.estadao.com.br\/agencia-de-comunicacao\/wp-json\/wp\/v2\/media?parent=77569"}],"wp:term":[{"taxonomy":"category","embeddable":true,"href":"https:\/\/bluestudio.estadao.com.br\/agencia-de-comunicacao\/wp-json\/wp\/v2\/categories?post=77569"},{"taxonomy":"post_tag","embeddable":true,"href":"https:\/\/bluestudio.estadao.com.br\/agencia-de-comunicacao\/wp-json\/wp\/v2\/tags?post=77569"}],"curies":[{"name":"wp","href":"https:\/\/api.w.org\/{rel}","templated":true}]}}