{"id":77322,"date":"2023-10-25T13:13:00","date_gmt":"2023-10-25T16:13:00","guid":{"rendered":"https:\/\/bluestudio.estadao.com.br\/agencia-de-comunicacao\/prnewswire\/prnewsinternacional\/fibra-experts-celebra-lancamento-oficial-de-bonanca-ypes-em-braganca-paulista\/"},"modified":"2023-10-25T13:13:00","modified_gmt":"2023-10-25T16:13:00","slug":"fibra-experts-celebra-lancamento-oficial-de-bonanca-ypes-em-braganca-paulista","status":"publish","type":"post","link":"https:\/\/bluestudio.estadao.com.br\/agencia-de-comunicacao\/prnewswire\/prnewsinternacional\/fibra-experts-celebra-lancamento-oficial-de-bonanca-ypes-em-braganca-paulista\/","title":{"rendered":"Fibra Experts celebra lan\u00e7amento oficial de Bonan\u00e7a Yp\u00eas em Bragan\u00e7a Paulista"},"content":{"rendered":"<p><b>PR NEWSWIRE<\/b><\/p>\n<div class=\"xn-content\">\n<i><span>Evento realizado no stand do empreendimento foi um sucesso de vendas e contou com a presen\u00e7a do prefeito da cidade, secretariado municipal, empres\u00e1rios e futuros moradores<\/span><\/i><\/p>\n<p><span class=\"legendSpanClass\">S\u00c3O PAULO<\/span>, <span class=\"legendSpanClass\">25 de outubro de 2023<\/span> <span>\/PRNewswire\/ &#8212; <\/span>No \u00faltimo s\u00e1bado, 21 de outubro, a cidade de Bragan\u00e7a Paulista foi palco do lan\u00e7amento do empreendimento Bonan\u00e7a Yp\u00eas, um marco de relev\u00e2ncia para a regi\u00e3o, principalmente para a zona norte do munic\u00edpio. Autoridades municipais, empres\u00e1rios e futuros moradores se reuniram para celebrar mais esse ganho para o cen\u00e1rio urbano local.<\/p>\n<div class=\"PRN_ImbeddedAssetReference\" id=\"DivAssetPlaceHolder1\">\n<a href=\"https:\/\/mma.prnewswire.com\/media\/2257525\/1.html\" target=\"_blank\" rel=\"nofollow noopener\">  <img decoding=\"async\" src=\"https:\/\/mma.prnewswire.com\/media\/2257525\/1.jpg\" title=\"\" alt=\"\" \/><\/a>\n <\/p>\n<\/p><\/div>\n<p>O empreendimento Bonan\u00e7a Yp\u00eas, desenvolvido pela <b>Fibra Experts<\/b>, \u00e9 a mais recente fase do prestigiado Jardim Bonan\u00e7a, que tem desempenhado um papel fundamental na redefini\u00e7\u00e3o da qualidade de vida em Bragan\u00e7a Paulista.<\/p>\n<p>O Bonan\u00e7a Yp\u00eas, planejado com cuidado e alinhado aos princ\u00edpios do bom urbanismo, vai al\u00e9m da simples oferta de lotes, visando criar um bairro completo e um destino de excel\u00eancia para seus moradores.<\/p>\n<p>O diretor de urbanismo da Fibra, <span class=\"xn-person\">Stefan Riess<\/span>, refor\u00e7a que esta nova fase lan\u00e7ada no \u00faltimo s\u00e1bado \u00e9 mais do que um empreendimento, \u00e9 a constru\u00e7\u00e3o de um novo e grande bairro na zona norte.<\/p>\n<p>&#8220;Nosso compromisso \u00e9 aprimorar a qualidade de vida em uma regi\u00e3o que est\u00e1 em constante crescimento. A zona norte \u00e9 o principal vetor de crescimento da cidade e j\u00e1 abriga mais de 60.000 moradores. E ver um trabalho que come\u00e7ou em 2005 sendo concretizado e poder contribuir com o crescimento e sucesso da localidade \u00e9 muito gratificante. Na Fibra, destacamos nosso compromisso com o urbanismo consciente, uma abordagem que sempre valorizamos e que trouxemos para o Jardim Bonan\u00e7a&#8221;, afirmou <span class=\"xn-person\">Stefan Riess<\/span>, Diretor de Urbanismo.<\/p>\n<p>No evento de lan\u00e7amento do empreendimento Bonan\u00e7a Yp\u00eas, o prefeito de Bragan\u00e7a Paulista, Amauri Sodr\u00e9, destacou a import\u00e2ncia desse marco para a cidade. O chefe do Executivo ressaltou a contribui\u00e7\u00e3o significativa da Fibra Experts no desenvolvimento da zona norte, enaltecendo o compromisso da empresa em oferecer infraestrutura de qualidade, acessibilidade e conforto para os moradores.<\/p>\n<p>&#8220;Este \u00e9 um dia de realiza\u00e7\u00e3o para nossa cidade e para a zona norte em particular. A Fibra Experts tem desempenhado um papel crucial no desenvolvimento desta regi\u00e3o, trazendo infraestrutura, acessibilidade e conforto para nossos habitantes. \u00c9 um marco importante e contribuir\u00e1 para o crescimento da zona norte de Bragan\u00e7a Paulista, que j\u00e1 est\u00e1 em constante desenvolvimento. Quero parabenizar toda a equipe que tornou este empreendimento poss\u00edvel e agradecer a todos os envolvidos. Mais do que um bairro, estamos construindo um futuro melhor para nossa comunidade&#8221;, refor\u00e7a Sodr\u00e9.<\/p>\n<p>Para a Secret\u00e1ria Municipal de Planejamento de Bragan\u00e7a Paulista, <span class=\"xn-person\">Camila Tomaselli<\/span>, o projeto Bonan\u00e7a Yp\u00eas trouxe a t\u00e3o necess\u00e1ria infraestrutura e assegurou os recursos essenciais para efetuar uma revitaliza\u00e7\u00e3o genu\u00edna da zona norte da cidade. &#8220;Cada aspecto foi aprovado de acordo com o plano diretor vigente, e todas as medidas compensat\u00f3rias e contrapartidas, incluindo aquelas com impacto social e \u00e1reas verdes planejadas, foram rigorosamente cumpridas. Essa parceria entre o poder p\u00fablico e a esfera privada \u00e9 fundamental para o progresso de nosso munic\u00edpio, e estamos orgulhosos de que isso tenha se tornado uma refer\u00eancia para nossa cidade&#8221;, finalizou Tomaselli.<\/p>\n<p><b>Empreendimento<\/b><\/p>\n<p>O acesso principal ao empreendimento Jardim Bonan\u00e7a direto pela Rodovia Benevenuto Moretto garante comodidade aos moradores e visitantes. A Avenida Amoreira, com cerca de 2 km de ciclofaixas, proporciona uma entrada acolhedora e convidativa.<\/p>\n<p>O compromisso da Fibra Experts com a qualidade, o respeito ao meio ambiente e a satisfa\u00e7\u00e3o dos moradores se reflete na continua\u00e7\u00e3o do Jardim Bonan\u00e7a com o foco em criar um bairro com infraestrutura completa.<\/p>\n<p><span>O Bonan\u00e7a Yp\u00eas tem na seguran\u00e7a dos moradores uma de suas principais caracter\u00edsticas. A quantidade de acesso foi limitado, o que assegura mais tranquilidade aos moradores e vai ao encontro do conceito de privilegiar o pedestre, pois reduz o fluxo de tr\u00e2nsito no entorno e facilita o lazer das crian\u00e7as e a livre circula\u00e7\u00e3o das pessoas. <\/span><\/p>\n<p><span>Para a concep\u00e7\u00e3o do empreendimento a empresa levou em conta as rotinas dos futuros habitantes, em rela\u00e7\u00e3o aos deslocamentos para o trabalho, o caminho que os filhos precisam fazer para ir \u00e0 escola, a sa\u00edda para lazer ou compras no com\u00e9rcio da regi\u00e3o. O desenho de todas as linhas locais acompanha as curvas de n\u00edvel, o que propicia ruas mais planas, bastante convidativas para caminhadas e com um caminho dourados de ip\u00eas.<\/span><\/p>\n<p><span>O ponto alto do Bonan\u00e7a Yp\u00eas est\u00e1 na alameda central que delimita a entrada do empreendimento, projetada para ser o cora\u00e7\u00e3o do bairro, o ponto de encontro e sociabiliza\u00e7\u00e3o dos moradores. Trata-se de uma \u00e1rea verde central e espa\u00e7os p\u00fablicos de conviv\u00eancia, que permite atividades de esporte, lazer e entretenimento para todas as idades, da crian\u00e7a ao idoso, sem se esquecer dos pets. A comunidade pode desfrutar uma completa infraestrutura que mesa de jogos, quadras de v\u00f4lei de areia e garraf\u00e3o de basquete. Todas essas atra\u00e7\u00f5es s\u00e3o ladeadas por bancos em meio a flores e palmeiras, que culminam em um mirante de onde \u00e9 poss\u00edvel admirar a vista bel\u00edssima da cidade.<\/span><\/p>\n<p><b><span>Servi\u00e7os:<\/span><\/b><\/p>\n<p><b><span>Stands para visita\u00e7\u00e3o e informa\u00e7\u00f5es do empreendimento<\/span><\/b><\/p>\n<ul type=\"disc\">\n<li><span>Stand de Vendas Nove de Julho &#8211; Pra\u00e7a Nove de Julho, 133 Bairro do Tabo\u00e3o, Bragan\u00e7a Paulista<\/span><\/li>\n<li><span>Stand de Vendas Jardim Bonan\u00e7a &#8211; <span class=\"xn-person\">Rua Rosa Branca<\/span> x Avenida Loureiro Jardim Bonan\u00e7a, Bragan\u00e7a Paulista<\/span><\/li>\n<\/ul>\n<p><b><span>Site:<\/span><\/b> <span><a href=\"http:\/\/www.fibraexperts.com.br\/\" target=\"_blank\" rel=\"nofollow noopener\"><span>www.fibraexperts.com.br<\/span><\/a><\/span><\/p>\n<p><b>Sobre a Fibra Experts<\/b><\/p>\n<p>A <b>Fibra Experts<\/b> \u00e9 uma empresa especializada no setor imobili\u00e1rio, com foco nos segmentos corporativo, residencial e de urbanismo. Presente nos estados de S\u00e3o Paulo, <span class=\"xn-location\">Rio de Janeiro<\/span> e Cear\u00e1, a empresa oferece solu\u00e7\u00f5es arquitet\u00f4nicas e urban\u00edsticas para empreendimentos dotados dos mais modernos padr\u00f5es de qualidade, tecnologia, inova\u00e7\u00e3o e sustentabilidade, sempre visando atender \u00e0s necessidades de seus clientes. Sin\u00f4nimo de artesania urbana de ponta, a empresa se consolida como uma full developer company promovendo neg\u00f3cios imobili\u00e1rios com elevado padr\u00e3o de qualidade e de retorno financeiro e adicionando sua expertise aos diferentes segmentos em que atua.???<\/p>\n<p>A Fibra Experts tem um modelo de gest\u00e3o profissional e conservadora, com executivos experientes, melhores pr\u00e1ticas de governan\u00e7a, estrutura enxuta e baixo n\u00edvel de alavancagem. Para mais informa\u00e7\u00f5es, visite o site da Fibra Experts: <a href=\"http:\/\/www.fibraexperts.com.br\/\" target=\"_blank\" rel=\"nofollow noopener\"><b><span>www.fibraexperts.com.br\/<\/span><\/b><\/a><\/p>\n<p><span><b><span>Planin<\/span><\/b><\/span><span> &#8211; <\/span><span>Assessoria de Imprensa da Fibra Experts<br \/><\/span>Ang\u00e9lica Consiglio, Beatriz Imenes, <span class=\"xn-person\">Eduarda Lopes<\/span> e equipe &#8211; <a href=\"https:\/\/www.planin.com\/\" target=\"_blank\" rel=\"nofollow noopener\">www.planin.com<\/a><br \/><a href=\"mailto:plaenge@planin.com\" target=\"_blank\" rel=\"nofollow noopener\"><span>fibraexperts@planin.com<\/span><\/a>?- Tel.: (11) 2138-8940<\/p>\n<p>Foto &#8211; <a href=\"https:\/\/mma.prnewswire.com\/media\/2257525\/1.jpg\" target=\"_blank\" rel=\"nofollow noopener\">https:\/\/mma.prnewswire.com\/media\/2257525\/1.jpg<\/a><\/p>\n<p>FONTE  Fibra Experts<\/p>\n<\/div>\n<p><img decoding=\"async\" alt=\"\" src=\"https:\/\/rt.prnewswire.com\/rt.gif?NewsItemId=PT48639&amp;Transmission_Id=202310251200PR_NEWS_LATAM____PT48639&amp;DateId=20231025\" style=\"border:0px;width:1px;height:1px\" \/><\/p>\n<p>A <b>OESP<\/b> n\u00e3o \u00e9(s\u00e3o) respons\u00e1vel(is) por erros, incorre\u00e7\u00f5es, atrasos ou quaisquer decis\u00f5es tomadas por seus clientes com base nos Conte\u00fados ora disponibilizados, bem como tais Conte\u00fados n\u00e3o representam a opini\u00e3o da <b>OESP<\/b> e s\u00e3o de inteira responsabilidade da <b>PR Newswire Ltda<\/b><\/p>\n","protected":false},"excerpt":{"rendered":"PR NEWSWIRE Evento realizado no stand do empreendimento foi um sucesso de vendas e contou com a presen\u00e7a do prefeito da cidade, secretariado municipal, empres\u00e1rios e futuros moradores S\u00c3O PAULO, 25","protected":false},"author":1,"featured_media":77323,"comment_status":"open","ping_status":"closed","sticky":false,"template":"","format":"standard","meta":{"_acf_changed":false,"inline_featured_image":false,"_monsterinsights_skip_tracking":false,"_monsterinsights_sitenote_active":false,"_monsterinsights_sitenote_note":"","_monsterinsights_sitenote_category":0,"footnotes":""},"categories":[31],"tags":[],"class_list":["post-77322","post","type-post","status-publish","format-standard","has-post-thumbnail","hentry","category-prnewsinternacional"],"acf":[],"_links":{"self":[{"href":"https:\/\/bluestudio.estadao.com.br\/agencia-de-comunicacao\/wp-json\/wp\/v2\/posts\/77322","targetHints":{"allow":["GET"]}}],"collection":[{"href":"https:\/\/bluestudio.estadao.com.br\/agencia-de-comunicacao\/wp-json\/wp\/v2\/posts"}],"about":[{"href":"https:\/\/bluestudio.estadao.com.br\/agencia-de-comunicacao\/wp-json\/wp\/v2\/types\/post"}],"author":[{"embeddable":true,"href":"https:\/\/bluestudio.estadao.com.br\/agencia-de-comunicacao\/wp-json\/wp\/v2\/users\/1"}],"replies":[{"embeddable":true,"href":"https:\/\/bluestudio.estadao.com.br\/agencia-de-comunicacao\/wp-json\/wp\/v2\/comments?post=77322"}],"version-history":[{"count":0,"href":"https:\/\/bluestudio.estadao.com.br\/agencia-de-comunicacao\/wp-json\/wp\/v2\/posts\/77322\/revisions"}],"wp:featuredmedia":[{"embeddable":true,"href":"https:\/\/bluestudio.estadao.com.br\/agencia-de-comunicacao\/wp-json\/wp\/v2\/media\/77323"}],"wp:attachment":[{"href":"https:\/\/bluestudio.estadao.com.br\/agencia-de-comunicacao\/wp-json\/wp\/v2\/media?parent=77322"}],"wp:term":[{"taxonomy":"category","embeddable":true,"href":"https:\/\/bluestudio.estadao.com.br\/agencia-de-comunicacao\/wp-json\/wp\/v2\/categories?post=77322"},{"taxonomy":"post_tag","embeddable":true,"href":"https:\/\/bluestudio.estadao.com.br\/agencia-de-comunicacao\/wp-json\/wp\/v2\/tags?post=77322"}],"curies":[{"name":"wp","href":"https:\/\/api.w.org\/{rel}","templated":true}]}}