{"id":77260,"date":"2023-10-25T10:12:00","date_gmt":"2023-10-25T13:12:00","guid":{"rendered":"https:\/\/bluestudio.estadao.com.br\/agencia-de-comunicacao\/prnewswire\/prnewsinternacional\/preenchimento-de-mandibulas-para-um-contorno-facial-preciso\/"},"modified":"2023-10-27T16:13:32","modified_gmt":"2023-10-27T19:13:32","slug":"preenchimento-de-mandibulas-para-um-contorno-facial-preciso","status":"publish","type":"post","link":"https:\/\/bluestudio.estadao.com.br\/agencia-de-comunicacao\/prnewswire\/prnewsinternacional\/preenchimento-de-mandibulas-para-um-contorno-facial-preciso\/","title":{"rendered":"Preenchimento de mand\u00edbulas para um contorno facial preciso"},"content":{"rendered":"<p><b>PR NEWSWIRE<\/b><\/p>\n<div class=\"xn-content\">\n<p class=\"prntac\"><i>Speaker da Rennova explica que o processo deve considerar estrutura \u00f3ssea e \u00e2ngulo mandibular para garantir contorno facial equilibrado<\/i><\/p>\n<p><span class=\"legendSpanClass\">S\u00c3O PAULO<\/span>, <span class=\"legendSpanClass\">25 de outubro de 2023<\/span> \/PRNewswire\/ &#8212; A busca por um contorno facial bem definido e harmonioso tem levado um n\u00famero crescente de pessoas a optar por procedimentos est\u00e9ticos, com destaque para o preenchimento de\u00a0mand\u00edbulas. No entanto, um cuidado preliminar para o sucesso do tratamento \u00e9 respeitar as diferen\u00e7as pr\u00f3prias dos perfis masculino e feminino para alcan\u00e7ar resultados naturais e atraentes.<\/p>\n<div id=\"DivAssetPlaceHolder1\" class=\"PRN_ImbeddedAssetReference\"><a href=\"https:\/\/mma.prnewswire.com\/media\/2256701\/Rennova_credito_Freepik.html\" target=\"_blank\" rel=\"nofollow noopener\"> <img decoding=\"async\" title=\"Foto: Freepik\" src=\"https:\/\/mma.prnewswire.com\/media\/2256701\/Rennova_credito_Freepik.jpg\" alt=\"Foto: Freepik\" \/><\/a><\/div>\n<p>A dermatologista e speaker da Rennova, <span class=\"xn-person\">Alexandra Cariello<\/span> destaca que a estrutura \u00f3ssea desempenha um papel importante nesse processo. De acordo com a especialista, a mand\u00edbula masculina apresenta um contorno mais demarcado e anguloso. A face quadrada em homens traz um aspecto for\u00e7a, virilidade e masculinidade. &#8220;O p\u00fablico\u00a0masculino quase sempre procura um contorno facial mais angular e definido, \u00e9 importante que o \u00e2ngulo mandibular esteja em equil\u00edbrio com o ter\u00e7o superior da face e tamb\u00e9m com a regi\u00e3o do queixo para que a largura da mand\u00edbula n\u00e3o exceda os padr\u00f5es da estrutura facial&#8221;, explica a especialista.<\/p>\n<p>Para que o procedimento atinja a solu\u00e7\u00e3o esperada, alinhada com um rejuvenescimento suave e natural, Alexandra tem conquistado excelentes resultados com a aplica\u00e7\u00e3o do <i>Rennova Lift Plus Lido<b>\u00ae<\/b>,<\/i> preenchedor com alta concentra\u00e7\u00e3o de \u00e1cido hialur\u00f4nico e atua\u00e7\u00e3o na restaura\u00e7\u00e3o do volume facial. A especialista refor\u00e7a que essa abordagem cl\u00ednica se mostra extremamente eficiente para pessoas mais maduras, que buscam igualmente uma apar\u00eancia mais delineada.<\/p>\n<p>&#8220;Estamos em constante desenvolvimento e atualiza\u00e7\u00e3o dos nossos produtos, sempre focando nos desejos do p\u00fablico. Por isso, investimos em estudos cl\u00ednicos, inova\u00e7\u00e3o e tecnologia para apresentar um portf\u00f3lio seguro, eficiente e com qualidade&#8221;, declara <b><span class=\"xn-person\">Leonardo Rezende<\/span><\/b>, CEO da Rennova.<\/p>\n<p><b>Rennova Lift Plus Lido<\/b><b><i>\u00ae<\/i><\/b><\/p>\n<p><i>Preenchedor com alta concentra\u00e7\u00e3o de \u00e1cido hialur\u00f4nico indicado para corrigir d\u00e9ficit de volume em algumas regi\u00f5es como a ma\u00e7\u00e3 do rosto (zigom\u00e1tico), tratando assim, os sinais de envelhecimento<\/i><sup>\u00a01<\/sup><i>.<\/i><\/p>\n<p><sup>1<\/sup>Instru\u00e7\u00e3o de uso Rennova Lift Plus Lido\u00ae<\/p>\n<p><b>Sobre a Rennova<\/b><br \/>\nFundada em 2008, Rennova apresenta produtos para procedimentos est\u00e9ticos injet\u00e1veis para face e corpo. Com atua\u00e7\u00e3o no mercado nacional e internacional, possui um portf\u00f3lio que atende os desejos do consumidor, com itens \u00e0 base de \u00e1cido hialur\u00f4nico, bioestimuladores de col\u00e1geno, toxina botul\u00ednica, fios de PDO, entre outras solu\u00e7\u00f5es. Sua tecnologia \u00e9 desenvolvida em parceria com pa\u00edses refer\u00eancia em ci\u00eancia e inova\u00e7\u00e3o, como \u00c1ustria, <span class=\"xn-location\">Israel<\/span> e Coreia do Sul.<\/p>\n<p>Foto &#8211;\u00a0<a href=\"https:\/\/mma.prnewswire.com\/media\/2256701\/Rennova_credito_Freepik.jpg\" target=\"_blank\" rel=\"nofollow noopener\">https:\/\/mma.prnewswire.com\/media\/2256701\/Rennova_credito_Freepik.jpg<\/a><\/p>\n<p>FONTE Rennova<\/p>\n<\/div>\n<p><img decoding=\"async\" style=\"border: 0px; width: 1px; height: 1px;\" src=\"https:\/\/rt.prnewswire.com\/rt.gif?NewsItemId=PT47791&amp;Transmission_Id=202310250900PR_NEWS_LATAM____PT47791&amp;DateId=20231025\" alt=\"\" \/><\/p>\n<p>A <b>OESP<\/b> n\u00e3o \u00e9(s\u00e3o) respons\u00e1vel(is) por erros, incorre\u00e7\u00f5es, atrasos ou quaisquer decis\u00f5es tomadas por seus clientes com base nos Conte\u00fados ora disponibilizados, bem como tais Conte\u00fados n\u00e3o representam a opini\u00e3o da <b>OESP<\/b> e s\u00e3o de inteira responsabilidade da <b>PR Newswire Ltda<\/b><\/p>\n","protected":false},"excerpt":{"rendered":"PR NEWSWIRE Speaker da Rennova explica que o processo deve considerar estrutura \u00f3ssea e \u00e2ngulo mandibular para garantir contorno facial equilibrado S\u00c3O PAULO, 25 de outubro de 2023 \/PRNewswire\/","protected":false},"author":1,"featured_media":77261,"comment_status":"open","ping_status":"closed","sticky":false,"template":"","format":"standard","meta":{"_acf_changed":false,"inline_featured_image":false,"_monsterinsights_skip_tracking":false,"_monsterinsights_sitenote_active":false,"_monsterinsights_sitenote_note":"","_monsterinsights_sitenote_category":0,"footnotes":""},"categories":[31],"tags":[],"class_list":["post-77260","post","type-post","status-publish","format-standard","has-post-thumbnail","hentry","category-prnewsinternacional"],"acf":[],"_links":{"self":[{"href":"https:\/\/bluestudio.estadao.com.br\/agencia-de-comunicacao\/wp-json\/wp\/v2\/posts\/77260","targetHints":{"allow":["GET"]}}],"collection":[{"href":"https:\/\/bluestudio.estadao.com.br\/agencia-de-comunicacao\/wp-json\/wp\/v2\/posts"}],"about":[{"href":"https:\/\/bluestudio.estadao.com.br\/agencia-de-comunicacao\/wp-json\/wp\/v2\/types\/post"}],"author":[{"embeddable":true,"href":"https:\/\/bluestudio.estadao.com.br\/agencia-de-comunicacao\/wp-json\/wp\/v2\/users\/1"}],"replies":[{"embeddable":true,"href":"https:\/\/bluestudio.estadao.com.br\/agencia-de-comunicacao\/wp-json\/wp\/v2\/comments?post=77260"}],"version-history":[{"count":2,"href":"https:\/\/bluestudio.estadao.com.br\/agencia-de-comunicacao\/wp-json\/wp\/v2\/posts\/77260\/revisions"}],"predecessor-version":[{"id":77705,"href":"https:\/\/bluestudio.estadao.com.br\/agencia-de-comunicacao\/wp-json\/wp\/v2\/posts\/77260\/revisions\/77705"}],"wp:featuredmedia":[{"embeddable":true,"href":"https:\/\/bluestudio.estadao.com.br\/agencia-de-comunicacao\/wp-json\/wp\/v2\/media\/77261"}],"wp:attachment":[{"href":"https:\/\/bluestudio.estadao.com.br\/agencia-de-comunicacao\/wp-json\/wp\/v2\/media?parent=77260"}],"wp:term":[{"taxonomy":"category","embeddable":true,"href":"https:\/\/bluestudio.estadao.com.br\/agencia-de-comunicacao\/wp-json\/wp\/v2\/categories?post=77260"},{"taxonomy":"post_tag","embeddable":true,"href":"https:\/\/bluestudio.estadao.com.br\/agencia-de-comunicacao\/wp-json\/wp\/v2\/tags?post=77260"}],"curies":[{"name":"wp","href":"https:\/\/api.w.org\/{rel}","templated":true}]}}