{"id":76976,"date":"2023-10-23T15:54:00","date_gmt":"2023-10-23T18:54:00","guid":{"rendered":"https:\/\/bluestudio.estadao.com.br\/agencia-de-comunicacao\/releases\/releases-geral\/cosmetico-vegano-e-opcao-na-busca-por-solucoes-sustentaveis\/"},"modified":"2023-10-23T15:54:00","modified_gmt":"2023-10-23T18:54:00","slug":"cosmetico-vegano-e-opcao-na-busca-por-solucoes-sustentaveis","status":"publish","type":"post","link":"https:\/\/bluestudio.estadao.com.br\/agencia-de-comunicacao\/releases\/releases-geral\/cosmetico-vegano-e-opcao-na-busca-por-solucoes-sustentaveis\/","title":{"rendered":"Cosm\u00e9tico vegano \u00e9 op\u00e7\u00e3o na busca por solu\u00e7\u00f5es sustent\u00e1veis"},"content":{"rendered":"<p><b>DINO DIVULGADOR DE NOT\u00cdCIAS<\/b><\/p>\n<p>S\u00e3o Paulo&#8211;(<a target='_blank' href='http:\/\/www.dino.com.br' rel=\"noopener\">DINO<\/a> &#8211; 23 out, 2023) &#8211;<br \/>\nEm um mundo que cada vez mais busca por conscientiza&ccedil;&atilde;o ambiental e sustentabilidade, o mercado de cosm&eacute;ticos veganos vive a expectativa de um crescimento. <a rel=\"follow noopener\" target='_blank' href='https:\/\/www.mordorintelligence.com\/pt\/industry-reports\/vegan-cosmetics-market'>De acordo com o estudo da Mordor Intelligence<\/a>, o setor crescer&aacute; de US$ 2,66 bilh&otilde;es em 2023 para US$ 3,70 bilh&otilde;es no ano de 2028.<\/p>\n<p>Esse fen&ocirc;meno &eacute; impulsionado pela <a rel=\"follow noopener\" target='_blank' href='https:\/\/www.estadao.com.br\/pme\/cosmeticos-veganos-e-cruelty-free-ditam-tendencia-no-mercado-da-beleza\/'>tend&ecirc;ncia crescente em torno de cosm&eacute;ticos e dermocosm&eacute;ticos que s&atilde;o livres de produtos de origem animal<\/a>. No Brasil, inclusive, existe uma lei que pro&iacute;be o uso de animais em testes para cosm&eacute;ticos.<\/p>\n<p>O Conselho Nacional de Controle de Experimenta&ccedil;&atilde;o Animal (Concea), ligado ao Minist&eacute;rio da Ci&ecirc;ncia, Tecnologia e Inova&ccedil;&atilde;o (MCTI) do Brasil, <a rel=\"follow noopener\" target='_blank' href='https:\/\/www.cnnbrasil.com.br\/saude\/governo-proibe-uso-de-animais-em-testes-de-cosmeticos-e-produtos-de-higiene\/'>publicou uma resolu&ccedil;&atilde;o que pro&iacute;be o uso de animais em pesquisa, desenvolvimento e controle de cosm&eacute;ticos, produtos de higiene pessoal e perfumes<\/a>. A lei est&aacute; em vigor desde mar&ccedil;o de 2023.<\/p>\n<p>Fundadora da Gasp&aacute; Cosm&eacute;ticos, a empres&aacute;ria Tatiane Boff refor&ccedil;a que existe uma tend&ecirc;ncia de crescimento do mercado de dermocosm&eacute;ticos e cosm&eacute;ticos veganos, impulsionado por uma combina&ccedil;&atilde;o de conscientiza&ccedil;&atilde;o ambiental e busca por produtos mais saud&aacute;veis e naturais.<\/p>\n<p>&ldquo;Como o setor se encaminha para o futuro, &eacute; evidente que a ascens&atilde;o dos dermocosm&eacute;ticos veganos &eacute; mais do que uma mera tend&ecirc;ncia passageira. &Eacute; um movimento consciente em dire&ccedil;&atilde;o a um mundo mais sustent&aacute;vel e &eacute;tico. &Agrave; medida que mais consumidores se voltam para esses produtos, a ind&uacute;stria de dermocosm&eacute;ticos e cosm&eacute;ticos est&aacute; respondendo, inovando e expandindo seu alcance. Aqui, na Gasp&aacute;, estamos sempre alinhados com essas tend&ecirc;ncias e com a necessidade do mercado&rdquo;, revela.<\/p>\n<p>A Gasp&aacute; Cosm&eacute;ticos conta com o&nbsp;<strong>selo Cruelty Free<\/strong>, que certifica que nem a empresa e nem seus fornecedores realizam testes em animais e tamb&eacute;m conta com o <strong>selo eu reciclo<\/strong>. Outra pr&aacute;tica da empresa &eacute; dispensar embalagens desnecess&aacute;rias, priorizando embalagens de f&aacute;cil reciclagem, como o vidro e biodegrad&aacute;veis.<\/p>\n<p>Al&eacute;m disso, a Gasp&aacute; utiliza nanotecnologia com o intuito de garantir maior efic&aacute;cia dos produtos. A nanotecnologia &eacute; uma ci&ecirc;ncia que est&aacute; sendo utilizada em diversos setores, al&eacute;m do de cosm&eacute;ticos, como o alimentar e o qu&iacute;mico, gra&ccedil;as aos benef&iacute;cios que ela oferece para os produtos fabricados.<\/p>\n<p>&ldquo;As nanopart&iacute;culas s&atilde;o empregadas em cosm&eacute;ticos porque conseguem melhorar a a&ccedil;&atilde;o dos ativos usados nas formula&ccedil;&otilde;es. Essa tecnologia trabalha com materiais em escala nanom&eacute;trica, ou seja, com part&iacute;culas muito pequenas de elementos que proporcionam uma s&eacute;rie de benef&iacute;cios, como a melhora da penetra&ccedil;&atilde;o dos ativos na pele, al&eacute;m de promover a redu&ccedil;&atilde;o dos efeitos&nbsp;indesej&aacute;veis e a possibilidade de liberar&nbsp;gradativamente os ativos cosm&eacute;ticos na pele&rdquo;, explica Tatiane Boff.&nbsp;&ldquo;Elas s&atilde;o capazes de aprimorar a efic&aacute;cia das mercadorias. Em um mercado crescente e competitivo, essa caracter&iacute;stica &eacute; fundamental para garantir que os produtos v&atilde;o agradar os clientes e se consolidar na &aacute;rea&rdquo;, complementa.<\/p>\n<p>Website: <a target='_blank' href='https:\/\/www.gaspacosmeticos.com.br\/' rel=\"follow noopener\">https:\/\/www.gaspacosmeticos.com.br\/<\/a><img src='https:\/\/api.dino.com.br\/v2\/news\/tr\/289790' alt='' style='border:0px;width:1px;height:1px' \/><br \/>\nA <b>OESP<\/b> n\u00e3o \u00e9(s\u00e3o) respons\u00e1vel(is) por erros, incorre\u00e7\u00f5es, atrasos ou quaisquer decis\u00f5es tomadas por seus clientes com base nos Conte\u00fados ora disponibilizados, bem como tais Conte\u00fados n\u00e3o representam a opini\u00e3o da <b>OESP<\/b> e s\u00e3o de inteira responsabilidade da <b>Dino Divulgador de Noticias Online Ltda<\/b><\/p>\n","protected":false},"excerpt":{"rendered":"DINO DIVULGADOR DE NOT\u00cdCIAS S\u00e3o Paulo&#8211;(DINO &#8211; 23 out, 2023) &#8211; Em um mundo que cada vez mais busca por conscientiza&ccedil;&atilde;o ambiental e sustentabilidade, o mercado de","protected":false},"author":1,"featured_media":76977,"comment_status":"open","ping_status":"closed","sticky":false,"template":"","format":"standard","meta":{"_acf_changed":false,"inline_featured_image":false,"_monsterinsights_skip_tracking":false,"_monsterinsights_sitenote_active":false,"_monsterinsights_sitenote_note":"","_monsterinsights_sitenote_category":0,"footnotes":""},"categories":[34],"tags":[],"class_list":["post-76976","post","type-post","status-publish","format-standard","has-post-thumbnail","hentry","category-releases-geral"],"acf":[],"_links":{"self":[{"href":"https:\/\/bluestudio.estadao.com.br\/agencia-de-comunicacao\/wp-json\/wp\/v2\/posts\/76976","targetHints":{"allow":["GET"]}}],"collection":[{"href":"https:\/\/bluestudio.estadao.com.br\/agencia-de-comunicacao\/wp-json\/wp\/v2\/posts"}],"about":[{"href":"https:\/\/bluestudio.estadao.com.br\/agencia-de-comunicacao\/wp-json\/wp\/v2\/types\/post"}],"author":[{"embeddable":true,"href":"https:\/\/bluestudio.estadao.com.br\/agencia-de-comunicacao\/wp-json\/wp\/v2\/users\/1"}],"replies":[{"embeddable":true,"href":"https:\/\/bluestudio.estadao.com.br\/agencia-de-comunicacao\/wp-json\/wp\/v2\/comments?post=76976"}],"version-history":[{"count":0,"href":"https:\/\/bluestudio.estadao.com.br\/agencia-de-comunicacao\/wp-json\/wp\/v2\/posts\/76976\/revisions"}],"wp:featuredmedia":[{"embeddable":true,"href":"https:\/\/bluestudio.estadao.com.br\/agencia-de-comunicacao\/wp-json\/wp\/v2\/media\/76977"}],"wp:attachment":[{"href":"https:\/\/bluestudio.estadao.com.br\/agencia-de-comunicacao\/wp-json\/wp\/v2\/media?parent=76976"}],"wp:term":[{"taxonomy":"category","embeddable":true,"href":"https:\/\/bluestudio.estadao.com.br\/agencia-de-comunicacao\/wp-json\/wp\/v2\/categories?post=76976"},{"taxonomy":"post_tag","embeddable":true,"href":"https:\/\/bluestudio.estadao.com.br\/agencia-de-comunicacao\/wp-json\/wp\/v2\/tags?post=76976"}],"curies":[{"name":"wp","href":"https:\/\/api.w.org\/{rel}","templated":true}]}}