{"id":76940,"date":"2023-10-23T10:54:00","date_gmt":"2023-10-23T13:54:00","guid":{"rendered":"https:\/\/bluestudio.estadao.com.br\/agencia-de-comunicacao\/releases\/releases-geral\/empresas-transformam-atmosfera-corporativa-em-residencial\/"},"modified":"2023-10-23T10:54:00","modified_gmt":"2023-10-23T13:54:00","slug":"empresas-transformam-atmosfera-corporativa-em-residencial","status":"publish","type":"post","link":"https:\/\/bluestudio.estadao.com.br\/agencia-de-comunicacao\/releases\/releases-geral\/empresas-transformam-atmosfera-corporativa-em-residencial\/","title":{"rendered":"Empresas transformam atmosfera corporativa em residencial"},"content":{"rendered":"<p><b>DINO DIVULGADOR DE NOT\u00cdCIAS<\/b><\/p>\n<p>S\u00e3o Paulo&#8211;(<a target='_blank' href='http:\/\/www.dino.com.br' rel=\"noopener\">DINO<\/a> &#8211; 23 out, 2023) &#8211;<br \/>\nO retorno a jornada presencial de trabalho vem crescendo em empresas de diferentes setores nos &uacute;ltimos anos no Brasil. Segundo levantamento da <a rel=\"follow noopener\" target='_blank' href='https:\/\/www.roberthalf.com.br\/sites\/roberthalf.com.br\/files\/documents_not_indexed\/roberthalf-beneficios_pre-e-pos-covid.pdf'>Robert Half<\/a>, 41,9% das empresas j&aacute; estabeleceu o formato do turno de trabalho p&oacute;s-pandemia, sendo que 21,4% optou pelo turno 100% presencial dos colaboradores.&nbsp;<\/p>\n<p>O desafio encontrado pelos departamentos de RH vem sendo a preocupa&ccedil;&atilde;o em como motivar seus colaboradores a esse retorno presencial e uma das alternativas encontradas est&aacute; na transforma&ccedil;&atilde;o dos espa&ccedil;os, tornando-os&nbsp;mais leves e aconchegantes, com atmosfera que se aproxime ao ambiente de uma casa.<\/p>\n<p>Investimentos em novos projetos de design de interiores, arquitetura biof&iacute;lica que evidencia a presen&ccedil;a de plantas e flores no ambiente, mobili&aacute;rios e escolhas por cores mais claras est&atilde;o entre algumas mudan&ccedil;as apontadas por arquitetos e designers de interiores.<\/p>\n<p>&ldquo;Estamos fazendo muitos projetos priorizando espa&ccedil;os de conviv&ecirc;ncia e aplicando a arquitetura biof&iacute;lica, ou seja, inserindo a natureza e criando &aacute;reas verdes nos ambientes para gerar bem-estar que se assemelhem aos lares dos colaboradores&rdquo;, afirma&nbsp;a arquiteta e s&oacute;cia do escrit&oacute;rio ArchLab, Ma&iacute;ra Rossi. Segundo ela, no &uacute;ltimo ano, aproximadamente 80% dos clientes corporativos inclu&iacute;ram itens com aspecto de resid&ecirc;ncia no briefing inicial.<\/p>\n<p>Al&eacute;m dos arquitetos, ind&uacute;strias como a Flexform, fabricante de mobili&aacute;rios corporativos, vem constatando a forte demanda por m&oacute;veis com design residencial. &ldquo;Hoje, o desafio&nbsp;&eacute; que retornem ao presencial com a mesma associa&ccedil;&atilde;o ao ambiente&nbsp;de casa. Ou seja,&nbsp;uma das principais diferen&ccedil;as a serem percebidas&nbsp;est&aacute; na escolha de produtos mais confort&aacute;veis, ergon&ocirc;micos, com cores e texturas que se pare&ccedil;am mais com residenciais&#8217;, explica,&nbsp;Thais Paszko, Gerente Comercial da Flexform.<\/p>\n<p>Com o mesmo briefing e volume de projetos chegando a 80% das empresas adeptas a transformar o ambiente de trabalho em atmosfera residencial, que as arquitetas Marta e Fabiana Camanho, da Camanho Arquitetura, revelam cinco dicas de como promover essa mudan&ccedil;a dentro das empresas:<\/p>\n<p>1 &ndash; Optar por mobili&aacute;rios, objetos e ambientes com cores neutras. Isso resulta em um ambiente que transmite bem-estar;<\/p>\n<p>2 &ndash; Criar ambientes pensando em receber e promover eventos, como ter uma cozinha que sirva de bar e\/ou copa, al&eacute;m de salas de reuni&otilde;es com interior voltado para uma sala de jantar. Isso criar&aacute; um suporte, inclusive para jantares informais;<\/p>\n<p>3 &#8211; Projetar um cantinho pr&oacute;prio para o momento do caf&eacute;, com poltronas aconchegantes que fazem total sentido nesse cen&aacute;rio;<\/p>\n<p>4 &ndash; Ter uma sala de estar na recep&ccedil;&atilde;o; n&atilde;o s&oacute; para receber clientes, mas tamb&eacute;m para um momento de descompress&atilde;o dos funcion&aacute;rios;<\/p>\n<p>5 &#8211; Abusar de objetos e enfeites com cara de casa: livros, vasos, flores e quadros entram nessa cenografia, como algo primordial para trazer esse equil&iacute;brio.<\/p>\n<p>Website: <a target='_blank' href='http:\/\/www.flexform.com.br' rel=\"follow noopener\">http:\/\/www.flexform.com.br<\/a><img src='https:\/\/api.dino.com.br\/v2\/news\/tr\/292752' alt='' style='border:0px;width:1px;height:1px' \/><br \/>\nA <b>OESP<\/b> n\u00e3o \u00e9(s\u00e3o) respons\u00e1vel(is) por erros, incorre\u00e7\u00f5es, atrasos ou quaisquer decis\u00f5es tomadas por seus clientes com base nos Conte\u00fados ora disponibilizados, bem como tais Conte\u00fados n\u00e3o representam a opini\u00e3o da <b>OESP<\/b> e s\u00e3o de inteira responsabilidade da <b>Dino Divulgador de Noticias Online Ltda<\/b><\/p>\n","protected":false},"excerpt":{"rendered":"DINO DIVULGADOR DE NOT\u00cdCIAS S\u00e3o Paulo&#8211;(DINO &#8211; 23 out, 2023) &#8211; O retorno a jornada presencial de trabalho vem crescendo em empresas de diferentes setores nos &uacute;ltimos anos no","protected":false},"author":1,"featured_media":76941,"comment_status":"open","ping_status":"closed","sticky":false,"template":"","format":"standard","meta":{"_acf_changed":false,"inline_featured_image":false,"_monsterinsights_skip_tracking":false,"_monsterinsights_sitenote_active":false,"_monsterinsights_sitenote_note":"","_monsterinsights_sitenote_category":0,"footnotes":""},"categories":[34],"tags":[],"class_list":["post-76940","post","type-post","status-publish","format-standard","has-post-thumbnail","hentry","category-releases-geral"],"acf":[],"_links":{"self":[{"href":"https:\/\/bluestudio.estadao.com.br\/agencia-de-comunicacao\/wp-json\/wp\/v2\/posts\/76940","targetHints":{"allow":["GET"]}}],"collection":[{"href":"https:\/\/bluestudio.estadao.com.br\/agencia-de-comunicacao\/wp-json\/wp\/v2\/posts"}],"about":[{"href":"https:\/\/bluestudio.estadao.com.br\/agencia-de-comunicacao\/wp-json\/wp\/v2\/types\/post"}],"author":[{"embeddable":true,"href":"https:\/\/bluestudio.estadao.com.br\/agencia-de-comunicacao\/wp-json\/wp\/v2\/users\/1"}],"replies":[{"embeddable":true,"href":"https:\/\/bluestudio.estadao.com.br\/agencia-de-comunicacao\/wp-json\/wp\/v2\/comments?post=76940"}],"version-history":[{"count":0,"href":"https:\/\/bluestudio.estadao.com.br\/agencia-de-comunicacao\/wp-json\/wp\/v2\/posts\/76940\/revisions"}],"wp:featuredmedia":[{"embeddable":true,"href":"https:\/\/bluestudio.estadao.com.br\/agencia-de-comunicacao\/wp-json\/wp\/v2\/media\/76941"}],"wp:attachment":[{"href":"https:\/\/bluestudio.estadao.com.br\/agencia-de-comunicacao\/wp-json\/wp\/v2\/media?parent=76940"}],"wp:term":[{"taxonomy":"category","embeddable":true,"href":"https:\/\/bluestudio.estadao.com.br\/agencia-de-comunicacao\/wp-json\/wp\/v2\/categories?post=76940"},{"taxonomy":"post_tag","embeddable":true,"href":"https:\/\/bluestudio.estadao.com.br\/agencia-de-comunicacao\/wp-json\/wp\/v2\/tags?post=76940"}],"curies":[{"name":"wp","href":"https:\/\/api.w.org\/{rel}","templated":true}]}}