{"id":76856,"date":"2023-10-20T15:54:00","date_gmt":"2023-10-20T18:54:00","guid":{"rendered":"https:\/\/bluestudio.estadao.com.br\/agencia-de-comunicacao\/releases\/releases-geral\/pedido-de-mudanca-no-simples-nacional-e-vetado-por-lira\/"},"modified":"2023-10-20T15:54:00","modified_gmt":"2023-10-20T18:54:00","slug":"pedido-de-mudanca-no-simples-nacional-e-vetado-por-lira","status":"publish","type":"post","link":"https:\/\/bluestudio.estadao.com.br\/agencia-de-comunicacao\/releases\/releases-geral\/pedido-de-mudanca-no-simples-nacional-e-vetado-por-lira\/","title":{"rendered":"Pedido de mudan\u00e7a no Simples Nacional \u00e9 vetado por Lira"},"content":{"rendered":"<p><b>DINO DIVULGADOR DE NOT\u00cdCIAS<\/b><\/p>\n<p>(<a target='_blank' href='http:\/\/www.dino.com.br' rel=\"noopener\">DINO<\/a> &#8211; 20 out, 2023) &#8211;<br \/>\nNo final de junho, o pedido feito por governadores de assumirem a administra&ccedil;&atilde;o do Simples Nacional foi vetado pelo presidente da C&acirc;mara, Arthur Lira (PP-AL), sob a justificativa de que altera&ccedil;&otilde;es no regime especial de tributa&ccedil;&atilde;o culminariam na inviabiliza&ccedil;&atilde;o da reforma tribut&aacute;ria, impedindo-a de avan&ccedil;ar.<\/p>\n<p>Dias antes desse epis&oacute;dio, secret&aacute;rios estaduais de Fazenda haviam deliberado que a administra&ccedil;&atilde;o do Simples Nacional, devido &agrave; sua significativa import&acirc;ncia, deveria ficar sob a responsabilidade de um conselho federativo, a ser criado pela reforma.<\/p>\n<p>&ldquo;O &#8216;veto&#8217; promovido por Artur Lira &eacute; coerente com a sistem&aacute;tica do Simples Nacional. A concentra&ccedil;&atilde;o de v&aacute;rios tributos, de distintas esferas de governo, em uma &uacute;nica guia, exige que uma entidade central organize a gest&atilde;o dessa arrecada&ccedil;&atilde;o&rdquo;, avalia o Dr. Vanderson Ferreira, especialista em direito tribut&aacute;rio.<\/p>\n<p>O Simples Nacional &eacute; um regime de arrecada&ccedil;&atilde;o de tributos institu&iacute;do pela Lei Complementar n&ordm; 123, de 14 de dezembro de 2006, exclusivo para microempresas e empresas de pequeno porte &ndash; incluindo os microempreendedores individuais (MEIs).<\/p>\n<p>Ferreira explica que esse sistema unifica o pagamento de tributos federais, estaduais e municipais, como o imposto sobre a renda das pessoas jur&iacute;dicas (IRPJ), a contribui&ccedil;&atilde;o social sobre o lucro l&iacute;quido (CSLL), a contribui&ccedil;&atilde;o para o financiamento da Seguridade Social (Cofins), o imposto sobre produtos industrializados (IPI), o imposto sobre circula&ccedil;&atilde;o de mercadorias e servi&ccedil;os (ICMS) e o imposto sobre servi&ccedil;os de qualquer natureza (ISS). &ldquo;Ele visa simplificar o recolhimento de contribui&ccedil;&otilde;es, reduzindo os custos de pequenos empres&aacute;rios&rdquo;, acrescenta.<\/p>\n<p>Atualmente, o pa&iacute;s conta com quase<a rel=\"follow noopener\" target='_blank' href='https:\/\/www.infomoney.com.br\/politica\/lira-veta-mudanca-no-simples-pedida-por-governadores\/'> 22 milh&otilde;es<\/a> de empresas nesse regime. Para optar pelo enquadramento no Simples Nacional, as empresas precisam atender a alguns pr&eacute;-requisitos, entre eles o limite de faturamento, que n&atilde;o pode ultrapassar 4,8 milh&otilde;es de reais anuais.<\/p>\n<p>As al&iacute;quotas s&atilde;o progressivas, sendo definidas de acordo com o faturamento acumulado nos 12 meses anteriores ao m&ecirc;s de c&aacute;lculo (per&iacute;odo de apura&ccedil;&atilde;o). &ldquo;A primeira faixa de al&iacute;quota &eacute; de 4%, conforme a tabela prevista na lei, para empresas que registraram faturamento acumulado inferior a R$ 180 mil&rdquo;, exemplifica o especialista.<\/p>\n<p>Al&eacute;m do pagamento de diversos impostos por meio de uma guia &uacute;nica mensal &ndash; o documento de arrecada&ccedil;&atilde;o do Simples Nacional (DAS) &ndash;, o Dr. Vanderson Ferreira destaca outra vantagem para as empresas que optam pelo Simples Nacional: a contabilidade simplificada. &ldquo;S&atilde;o menos declara&ccedil;&otilde;es em rela&ccedil;&atilde;o aos outros tipos de regime, o que desburocratiza a rotina dos empreendedores, facilitando a gest&atilde;o de seus neg&oacute;cios&rdquo;, conclui.<\/p>\n<p>Para saber mais, bastar acessar<a rel=\"follow noopener\" target='_blank' href='http:\/\/www.associadosferreira.com.br\/'> www.associadosferreira.com.br<\/a><\/p>\n<p>Website: <a target='_blank' href='http:\/\/www.associadosferreira.com.br' rel=\"follow noopener\">http:\/\/www.associadosferreira.com.br<\/a><img src='https:\/\/api.dino.com.br\/v2\/news\/tr\/290329' alt='' style='border:0px;width:1px;height:1px' \/><br \/>\nA <b>OESP<\/b> n\u00e3o \u00e9(s\u00e3o) respons\u00e1vel(is) por erros, incorre\u00e7\u00f5es, atrasos ou quaisquer decis\u00f5es tomadas por seus clientes com base nos Conte\u00fados ora disponibilizados, bem como tais Conte\u00fados n\u00e3o representam a opini\u00e3o da <b>OESP<\/b> e s\u00e3o de inteira responsabilidade da <b>Dino Divulgador de Noticias Online Ltda<\/b><\/p>\n","protected":false},"excerpt":{"rendered":"DINO DIVULGADOR DE NOT\u00cdCIAS (DINO &#8211; 20 out, 2023) &#8211; No final de junho, o pedido feito por governadores de assumirem a administra&ccedil;&atilde;o do Simples Nacional foi vetado pelo","protected":false},"author":1,"featured_media":76857,"comment_status":"open","ping_status":"closed","sticky":false,"template":"","format":"standard","meta":{"_acf_changed":false,"inline_featured_image":false,"_monsterinsights_skip_tracking":false,"_monsterinsights_sitenote_active":false,"_monsterinsights_sitenote_note":"","_monsterinsights_sitenote_category":0,"footnotes":""},"categories":[34],"tags":[],"class_list":["post-76856","post","type-post","status-publish","format-standard","has-post-thumbnail","hentry","category-releases-geral"],"acf":[],"_links":{"self":[{"href":"https:\/\/bluestudio.estadao.com.br\/agencia-de-comunicacao\/wp-json\/wp\/v2\/posts\/76856","targetHints":{"allow":["GET"]}}],"collection":[{"href":"https:\/\/bluestudio.estadao.com.br\/agencia-de-comunicacao\/wp-json\/wp\/v2\/posts"}],"about":[{"href":"https:\/\/bluestudio.estadao.com.br\/agencia-de-comunicacao\/wp-json\/wp\/v2\/types\/post"}],"author":[{"embeddable":true,"href":"https:\/\/bluestudio.estadao.com.br\/agencia-de-comunicacao\/wp-json\/wp\/v2\/users\/1"}],"replies":[{"embeddable":true,"href":"https:\/\/bluestudio.estadao.com.br\/agencia-de-comunicacao\/wp-json\/wp\/v2\/comments?post=76856"}],"version-history":[{"count":0,"href":"https:\/\/bluestudio.estadao.com.br\/agencia-de-comunicacao\/wp-json\/wp\/v2\/posts\/76856\/revisions"}],"wp:featuredmedia":[{"embeddable":true,"href":"https:\/\/bluestudio.estadao.com.br\/agencia-de-comunicacao\/wp-json\/wp\/v2\/media\/76857"}],"wp:attachment":[{"href":"https:\/\/bluestudio.estadao.com.br\/agencia-de-comunicacao\/wp-json\/wp\/v2\/media?parent=76856"}],"wp:term":[{"taxonomy":"category","embeddable":true,"href":"https:\/\/bluestudio.estadao.com.br\/agencia-de-comunicacao\/wp-json\/wp\/v2\/categories?post=76856"},{"taxonomy":"post_tag","embeddable":true,"href":"https:\/\/bluestudio.estadao.com.br\/agencia-de-comunicacao\/wp-json\/wp\/v2\/tags?post=76856"}],"curies":[{"name":"wp","href":"https:\/\/api.w.org\/{rel}","templated":true}]}}