{"id":76554,"date":"2023-10-18T18:13:00","date_gmt":"2023-10-18T21:13:00","guid":{"rendered":"https:\/\/bluestudio.estadao.com.br\/agencia-de-comunicacao\/releases\/releases-geral\/agrobusiness-em-alta-impulsiona-industria-quimica\/"},"modified":"2023-10-18T18:13:00","modified_gmt":"2023-10-18T21:13:00","slug":"agrobusiness-em-alta-impulsiona-industria-quimica","status":"publish","type":"post","link":"https:\/\/bluestudio.estadao.com.br\/agencia-de-comunicacao\/releases\/releases-geral\/agrobusiness-em-alta-impulsiona-industria-quimica\/","title":{"rendered":"Agrobusiness em alta impulsiona ind\u00fastria qu\u00edmica"},"content":{"rendered":"<p><b>DINO DIVULGADOR DE NOT\u00cdCIAS<\/b><\/p>\n<p>Rio de Janeiro, RJ&#8211;(<a target='_blank' href='http:\/\/www.dino.com.br' rel=\"noopener\">DINO<\/a> &#8211; 16 out, 2023) &#8211;<br \/>\nO Brasil est&aacute; vivendo uma fase mais otimista neste &uacute;ltimo trimestre de 2023, em termos de perspectivas do agrobusiness para 2024. Estimativas da <a rel=\"follow noopener\" target='_blank' href='https:\/\/www.moneytimes.com.br\/brasilagro-agro3-preve-area-plantada-10-maior-na-safra-2023-2024-soja-e-milho-sao-destaques\/'>BrasilAgro<\/a> apontam para um aumento m&eacute;dio de 10% de &aacute;rea plantada por cultura em hectare, com uma safra 26% maior do que em 2022\/2023. Um dos destaques mais positivos &eacute; a nova produ&ccedil;&atilde;o de soja e milho, que deve aumentar a &aacute;rea plantada em 14% e 31%, respectivamente.<\/p>\n<p>No caso das carnes bovina, de frango e su&iacute;na, a <a rel=\"follow noopener\" target='_blank' href='https:\/\/exame.com\/agro\/para-2024-conab-projeta-recorde-na-producao-de-carnes-e-segunda-maior-safra-de-graos-da-historia\/'>proje&ccedil;&atilde;o da Conab<\/a> (Companhia Nacional de Abastecimento) &eacute; de uma produ&ccedil;&atilde;o nacional de 30,85 milh&otilde;es de toneladas &ndash; 2,7% a mais em rela&ccedil;&atilde;o ao registrado neste ano, que j&aacute; foi recorde. O pa&iacute;s tamb&eacute;m deve alcan&ccedil;ar uma marca in&eacute;dita nas exporta&ccedil;&otilde;es de carne, mantendo alta disponibilidade para o mercado interno, chegando a 104,9 kg por habitante.<\/p>\n<p>Diante dos resultados positivos registrados pelo agrobusiness, com expectativa de que se estendam em 2024, a ind&uacute;stria nacional &eacute; impactada positivamente. De acordo com Jo&atilde;o C&eacute;sar de Freitas, diretor comercial da Katrium Ind&uacute;strias Qu&iacute;micas &ndash;&nbsp;<a rel=\"follow noopener\" target='_blank' href='https:\/\/valor.globo.com\/empresas\/noticia\/2020\/09\/09\/peruana-quimpac-assume-100-pontos-percentuais-da-katrium-e-avalia-expanso-no-brasil.ghtml'>um dos maiores fabricantes<\/a> de potassa c&aacute;ustica da Am&eacute;rica Latina &ndash; as an&aacute;lises divulgadas sinalizam positivamente para a ind&uacute;stria qu&iacute;mica, j&aacute; que a comercializa&ccedil;&atilde;o da potassa c&aacute;ustica &ndash; fundamental na industrializa&ccedil;&atilde;o de defensivos agr&iacute;colas &ndash; tamb&eacute;m responde a todo aumento de demanda.<\/p>\n<p>Freitas diz que o maior consumidor da potassa &eacute; o setor agropecu&aacute;rio, que a emprega na produ&ccedil;&atilde;o de defensivos agr&iacute;colas e fertilizantes foliares. &ldquo;A potassa c&aacute;ustica (hidr&oacute;xido de pot&aacute;ssio) &eacute; um &aacute;lcali parecido com a soda c&aacute;ustica, mas &eacute; utilizada em aplica&ccedil;&otilde;es mais nobres, em que o pot&aacute;ssio agrega um nutriente ao terreno, em caso de aplica&ccedil;&otilde;es agr&iacute;colas. A mat&eacute;ria-prima da <a rel=\"follow noopener\" target='_blank' href='http:\/\/www.katrium.com.br\/'>Katrium<\/a> &eacute; o cloreto de pot&aacute;ssio, que precisa ser importado. A eletr&oacute;lise do sal gera a potassa, mas tamb&eacute;m cloro, hidrog&ecirc;nio e &aacute;cido clor&iacute;drico &ndash; al&eacute;m do hipoclorito de s&oacute;dio, que tem como base o cloro&rdquo;.<\/p>\n<p>J&aacute; para a produ&ccedil;&atilde;o de carne animal, o <a rel=\"follow noopener\" target='_blank' href='https:\/\/dicas.boisaude.com.br\/calcio-e-fosforo-para-bovinos\/'>fosfato bic&aacute;lcico<\/a> &eacute; a mais nobre fonte de f&oacute;sforo utilizada na produ&ccedil;&atilde;o de ra&ccedil;&otilde;es para todas as esp&eacute;cies e fases de cria&ccedil;&atilde;o. &ldquo;Depois do c&aacute;lcio, o f&oacute;sforo &eacute; o macromineral com maiores concentra&ccedil;&otilde;es no organismo animal.&nbsp; Na realidade, ele n&atilde;o existe como elemento livre, pois &eacute; muito reativo, mas na forma de fosfatos &ndash; sendo fundamental nas estruturas &oacute;sseas e dent&aacute;ria, al&eacute;m de v&aacute;rias outras fun&ccedil;&otilde;es metab&oacute;licas. Ou seja, trata-se de um mineral imprescind&iacute;vel para a vida animal&rdquo;.<\/p>\n<p>Por ser <a rel=\"follow noopener\" target='_blank' href='https:\/\/www.conexos.com.br\/carne-bovina-exportacao\/'>um dos maiores produtores<\/a> e exportadores de carne do mundo, o Brasil precisa continuamente combater a defici&ecirc;ncia de f&oacute;sforo nos solos e nos alimentos b&aacute;sicos para a produ&ccedil;&atilde;o de ra&ccedil;&otilde;es, representando um desafio para o setor agropecu&aacute;rio. &ldquo;Al&eacute;m disso, &eacute; necess&aacute;rio buscar alternativas sustent&aacute;veis para aumentar a disponibilidade de f&oacute;sforo nos solos, como a aplica&ccedil;&atilde;o de adubos fosfatados, a utiliza&ccedil;&atilde;o de esp&eacute;cies de plantas que absorvam e disponibilizem mais f&oacute;sforo e a ado&ccedil;&atilde;o de pr&aacute;ticas agr&iacute;colas que minimizem a eros&atilde;o e o escoamento superficial do solo&rdquo;.<\/p>\n<p>Freitas ressalta que a busca por solu&ccedil;&otilde;es sustent&aacute;veis e eficientes &eacute; fundamental para enfrentar o desafio imposto pela defici&ecirc;ncia de f&oacute;sforo nos solos e nos alimentos b&aacute;sicos para a produ&ccedil;&atilde;o de ra&ccedil;&otilde;es. &ldquo;A ado&ccedil;&atilde;o de pr&aacute;ticas agr&iacute;colas adequadas e a conscientiza&ccedil;&atilde;o dos produtores sobre a import&acirc;ncia da suplementa&ccedil;&atilde;o de f&oacute;sforo s&atilde;o medidas essenciais para garantir a qualidade e a competitividade dos produtos agropecu&aacute;rios brasileiros no mercado global&rdquo;, avalia o executivo da Katrium.<\/p>\n<p>&nbsp;<\/p>\n<p>Website: <a target='_blank' href='http:\/\/www.katrium.com.br' rel=\"follow noopener\">http:\/\/www.katrium.com.br<\/a><img src='https:\/\/api.dino.com.br\/v2\/news\/tr\/292457' alt='' style='border:0px;width:1px;height:1px' \/><br \/>\nA <b>OESP<\/b> n\u00e3o \u00e9(s\u00e3o) respons\u00e1vel(is) por erros, incorre\u00e7\u00f5es, atrasos ou quaisquer decis\u00f5es tomadas por seus clientes com base nos Conte\u00fados ora disponibilizados, bem como tais Conte\u00fados n\u00e3o representam a opini\u00e3o da <b>OESP<\/b> e s\u00e3o de inteira responsabilidade da <b>Dino Divulgador de Noticias Online Ltda<\/b><\/p>\n","protected":false},"excerpt":{"rendered":"DINO DIVULGADOR DE NOT\u00cdCIAS Rio de Janeiro, RJ&#8211;(DINO &#8211; 16 out, 2023) &#8211; O Brasil est&aacute; vivendo uma fase mais otimista neste &uacute;ltimo trimestre de 2023, em termos de","protected":false},"author":1,"featured_media":76555,"comment_status":"open","ping_status":"closed","sticky":false,"template":"","format":"standard","meta":{"_acf_changed":false,"inline_featured_image":false,"_monsterinsights_skip_tracking":false,"_monsterinsights_sitenote_active":false,"_monsterinsights_sitenote_note":"","_monsterinsights_sitenote_category":0,"footnotes":""},"categories":[34],"tags":[],"class_list":["post-76554","post","type-post","status-publish","format-standard","has-post-thumbnail","hentry","category-releases-geral"],"acf":[],"_links":{"self":[{"href":"https:\/\/bluestudio.estadao.com.br\/agencia-de-comunicacao\/wp-json\/wp\/v2\/posts\/76554","targetHints":{"allow":["GET"]}}],"collection":[{"href":"https:\/\/bluestudio.estadao.com.br\/agencia-de-comunicacao\/wp-json\/wp\/v2\/posts"}],"about":[{"href":"https:\/\/bluestudio.estadao.com.br\/agencia-de-comunicacao\/wp-json\/wp\/v2\/types\/post"}],"author":[{"embeddable":true,"href":"https:\/\/bluestudio.estadao.com.br\/agencia-de-comunicacao\/wp-json\/wp\/v2\/users\/1"}],"replies":[{"embeddable":true,"href":"https:\/\/bluestudio.estadao.com.br\/agencia-de-comunicacao\/wp-json\/wp\/v2\/comments?post=76554"}],"version-history":[{"count":0,"href":"https:\/\/bluestudio.estadao.com.br\/agencia-de-comunicacao\/wp-json\/wp\/v2\/posts\/76554\/revisions"}],"wp:featuredmedia":[{"embeddable":true,"href":"https:\/\/bluestudio.estadao.com.br\/agencia-de-comunicacao\/wp-json\/wp\/v2\/media\/76555"}],"wp:attachment":[{"href":"https:\/\/bluestudio.estadao.com.br\/agencia-de-comunicacao\/wp-json\/wp\/v2\/media?parent=76554"}],"wp:term":[{"taxonomy":"category","embeddable":true,"href":"https:\/\/bluestudio.estadao.com.br\/agencia-de-comunicacao\/wp-json\/wp\/v2\/categories?post=76554"},{"taxonomy":"post_tag","embeddable":true,"href":"https:\/\/bluestudio.estadao.com.br\/agencia-de-comunicacao\/wp-json\/wp\/v2\/tags?post=76554"}],"curies":[{"name":"wp","href":"https:\/\/api.w.org\/{rel}","templated":true}]}}