{"id":76476,"date":"2023-10-18T17:52:00","date_gmt":"2023-10-18T20:52:00","guid":{"rendered":"https:\/\/bluestudio.estadao.com.br\/agencia-de-comunicacao\/releases\/releases-geral\/yduqs-fato-relevante-renuncia-de-membro-do-conselho-de-administracao\/"},"modified":"2023-10-18T17:52:00","modified_gmt":"2023-10-18T20:52:00","slug":"yduqs-fato-relevante-renuncia-de-membro-do-conselho-de-administracao","status":"publish","type":"post","link":"https:\/\/bluestudio.estadao.com.br\/agencia-de-comunicacao\/releases\/releases-geral\/yduqs-fato-relevante-renuncia-de-membro-do-conselho-de-administracao\/","title":{"rendered":"YDUQS: Fato Relevante &#8211; Ren\u00fancia de Membro do Conselho de Administra\u00e7\u00e3o"},"content":{"rendered":"<p><b>DINO DIVULGADOR DE NOT\u00cdCIAS<\/b><\/p>\n<p>Rio de Janeiro&#8211;(<a target='_blank' href='http:\/\/www.dino.com.br' rel=\"noopener\">DINO<\/a> &#8211; 17 out, 2023) &#8211;<br \/>\n<strong>YDUQS PARTICIPA&Ccedil;&Otilde;ES S.A.<\/strong><br \/>Companhia Aberta<br \/>CNPJ\/ME n&ordm; 08.807.432\/0001-10<br \/>NIRE 33.3.0028205-0<\/p>\n<p><strong>FATO RELEVANTE<\/strong><\/p>\n<p><strong>REN&Uacute;NCIA DE MEMBRO DO CONSELHO DE ADMINISTRA&Ccedil;&Atilde;O<\/strong><\/p>\n<p>A YDUQS S.A. (B3: YDUQ3) &ndash; &ldquo;YDUQS&rdquo; ou &ldquo;Companhia&rdquo;, em cumprimento ao disposto<br \/>no art. 157, par&aacute;grafo 4&ordm;, da Lei n&ordm; 6.404, de 15 de dezembro de 1976, conforme alterada e na Resolu&ccedil;&atilde;o CVM n&ordm; 44, de 23 de agosto de 2021 (&ldquo;Resolu&ccedil;&atilde;o CVM 44\/21&rdquo;), informa aos seus acionistas, investidores e ao mercado em geral que recebeu, em 14 de mar&ccedil;o de 2023, pedido de ren&uacute;ncia do Sr. Luiz Roberto Liza Curi ao cargo de membro do Conselho de Administra&ccedil;&atilde;o da Companhia, para o qual foi eleito em 28 de abril de 2022.<\/p>\n<p>A Companhia manifesta seus votos de estima e agradecimento ao Sr. Luiz Roberto Liza Curi por sua dedica&ccedil;&atilde;o e contribui&ccedil;&atilde;o aos trabalhos da Companhia.<\/p>\n<p>Rio de Janeiro, 14 de mar&ccedil;o de 2023<\/p>\n<p><strong>YDUQS PARTICIPA&Ccedil;&Otilde;ES S.A.<\/strong><\/p>\n<p>Rossano Leandro Marques<br \/>Diretor Financeiro e de Rela&ccedil;&otilde;es com Investidores<\/p>\n<p>Website: <a target='_blank' href='https:\/\/www.yduqs.com.br\/' rel=\"follow noopener\">https:\/\/www.yduqs.com.br\/<\/a><img src='https:\/\/api.dino.com.br\/v2\/news\/tr\/217551' alt='' style='border:0px;width:1px;height:1px' \/><br \/>\nA <b>OESP<\/b> n\u00e3o \u00e9(s\u00e3o) respons\u00e1vel(is) por erros, incorre\u00e7\u00f5es, atrasos ou quaisquer decis\u00f5es tomadas por seus clientes com base nos Conte\u00fados ora disponibilizados, bem como tais Conte\u00fados n\u00e3o representam a opini\u00e3o da <b>OESP<\/b> e s\u00e3o de inteira responsabilidade da <b>Dino Divulgador de Noticias Online Ltda<\/b><\/p>\n","protected":false},"excerpt":{"rendered":"DINO DIVULGADOR DE NOT\u00cdCIAS Rio de Janeiro&#8211;(DINO &#8211; 17 out, 2023) &#8211; YDUQS PARTICIPA&Ccedil;&Otilde;ES S.A.Companhia AbertaCNPJ\/ME n&ordm; 08.807.432\/0001-10NIRE 33.3.0028205-0 FATO","protected":false},"author":1,"featured_media":76477,"comment_status":"open","ping_status":"closed","sticky":false,"template":"","format":"standard","meta":{"_acf_changed":false,"inline_featured_image":false,"_monsterinsights_skip_tracking":false,"_monsterinsights_sitenote_active":false,"_monsterinsights_sitenote_note":"","_monsterinsights_sitenote_category":0,"footnotes":""},"categories":[34],"tags":[],"class_list":["post-76476","post","type-post","status-publish","format-standard","has-post-thumbnail","hentry","category-releases-geral"],"acf":[],"_links":{"self":[{"href":"https:\/\/bluestudio.estadao.com.br\/agencia-de-comunicacao\/wp-json\/wp\/v2\/posts\/76476","targetHints":{"allow":["GET"]}}],"collection":[{"href":"https:\/\/bluestudio.estadao.com.br\/agencia-de-comunicacao\/wp-json\/wp\/v2\/posts"}],"about":[{"href":"https:\/\/bluestudio.estadao.com.br\/agencia-de-comunicacao\/wp-json\/wp\/v2\/types\/post"}],"author":[{"embeddable":true,"href":"https:\/\/bluestudio.estadao.com.br\/agencia-de-comunicacao\/wp-json\/wp\/v2\/users\/1"}],"replies":[{"embeddable":true,"href":"https:\/\/bluestudio.estadao.com.br\/agencia-de-comunicacao\/wp-json\/wp\/v2\/comments?post=76476"}],"version-history":[{"count":0,"href":"https:\/\/bluestudio.estadao.com.br\/agencia-de-comunicacao\/wp-json\/wp\/v2\/posts\/76476\/revisions"}],"wp:featuredmedia":[{"embeddable":true,"href":"https:\/\/bluestudio.estadao.com.br\/agencia-de-comunicacao\/wp-json\/wp\/v2\/media\/76477"}],"wp:attachment":[{"href":"https:\/\/bluestudio.estadao.com.br\/agencia-de-comunicacao\/wp-json\/wp\/v2\/media?parent=76476"}],"wp:term":[{"taxonomy":"category","embeddable":true,"href":"https:\/\/bluestudio.estadao.com.br\/agencia-de-comunicacao\/wp-json\/wp\/v2\/categories?post=76476"},{"taxonomy":"post_tag","embeddable":true,"href":"https:\/\/bluestudio.estadao.com.br\/agencia-de-comunicacao\/wp-json\/wp\/v2\/tags?post=76476"}],"curies":[{"name":"wp","href":"https:\/\/api.w.org\/{rel}","templated":true}]}}