{"id":76432,"date":"2023-10-18T17:22:00","date_gmt":"2023-10-18T20:22:00","guid":{"rendered":"https:\/\/bluestudio.estadao.com.br\/agencia-de-comunicacao\/releases\/releases-geral\/vinil-leve-e-lancado-no-mercado-fonografico\/"},"modified":"2023-10-18T17:22:00","modified_gmt":"2023-10-18T20:22:00","slug":"vinil-leve-e-lancado-no-mercado-fonografico","status":"publish","type":"post","link":"https:\/\/bluestudio.estadao.com.br\/agencia-de-comunicacao\/releases\/releases-geral\/vinil-leve-e-lancado-no-mercado-fonografico\/","title":{"rendered":"Vinil &#8216;Leve&#8217; \u00e9 lan\u00e7ado no mercado fonogr\u00e1fico"},"content":{"rendered":"<p><b>DINO DIVULGADOR DE NOT\u00cdCIAS<\/b><\/p>\n<p>Bras\u00edlia DF&#8211;(<a target='_blank' href='http:\/\/www.dino.com.br' rel=\"noopener\">DINO<\/a> &#8211; 18 out, 2023) &#8211;<br \/>\nO cantor e compositor Adriano Rocha e a cantora Kaise Helena celebram a chegada do \u00e1lbum &#8216;Leve&#8217;, no formato vinil, projeto aguardado pelo duo desde o in\u00edcio do ano. Totalmente autoral, o trabalho ter\u00e1 lan\u00e7amento com live show no dia 18 de outubro (quarta-feira), \u00e0s 20 horas, com transmiss\u00e3o pelo canal da dupla no <a rel=\"follow noopener\" target='_blank' href='https:\/\/www.youtube.com\/live\/yjBT_6Thc5M?si=_1fWwXghrLJk-CQG' data-mce-target='_blank'>YouTube.<\/a>&nbsp;<\/p>\n<p>Na sequ\u00eancia, a agenda dos artistas prev\u00ea shows presenciais no Distrito Federal, Goi\u00e1s e na Bahia. Este primeiro lan\u00e7amento da dupla foi realizado pelo Fundo de Apoio \u00e0 Cultura do Distrito Federal (FAC-DF).&nbsp;<\/p>\n<p>O novo vinil chega ao mercado fonogr\u00e1fico de Bras\u00edlia (DF) simultaneamente \u00e0 divulga\u00e7\u00e3o dos resultados de um levantamento da&nbsp;BPI&nbsp;(British Phonographic Industry &#8211; associa\u00e7\u00e3o de neg\u00f3cios da ind\u00fastria fonogr\u00e1fica brit\u00e2nica). Segundo a <a rel=\"follow noopener\" target='_blank' href='https:\/\/www.musicweek.com\/labels\/read\/vinyl-sales-surge-13-2-in-2023-ahead-of-black-friday-and-blockbuster-q4\/088617' data-mce-target='_blank'>Music Week<\/a> (Reino Unido), a pesquisa indica que foram 3,9 milh\u00f5es de \u00e1lbuns vendidos em LP em 2023 at\u00e9 o final de setembro, o que aponta um aumento significativo de 13,2% nos nove primeiros meses de 2023. Os dados impactam o mercado fonogr\u00e1fico do mundo todo. &#8216;Em diversos pa\u00edses, o movimento em prol do vinil \u00e9 uma realidade crescente&#8217;, destaca o m\u00fasico Adriano Rocha.<\/p>\n<p><strong>Cria\u00e7\u00e3o e conquista<\/strong>\n<\/p>\n<p>Adriano Rocha revela que gravar o \u00e1lbum &#8216;Leve&#8217; em vinil foi a realiza\u00e7\u00e3o de um sonho. &#8216;Desde crian\u00e7a, o vinil sempre fez parte da minha vida. Comprei meu primeiro LP, &#8216;Na\u00e7\u00e3o&#8217;, da Clara Nunes, aos oito anos, e hoje, 40 anos depois, ele est\u00e1 em perfeito estado de conserva\u00e7\u00e3o&#8217;, conta Rocha.<\/p>\n<p>Alinhavado por influ\u00eancias pontuais da m\u00fasica brasileira dos anos 1970, &#8216;Leve&#8217; apresenta oito faixas: &#8216;Nova Aurora&#8217;, &#8216;Nosso Jardim&#8217;, &#8216;S\u00f3 com voc\u00ea&#8217;, &#8216;Leve&#8217;, &#8216;Nosso Love&#8217;, &#8216;Feita para N\u00f3s&#8217;, &#8216;Outros Amores&#8217; e &#8216;O melhor de mim&#8217;. Entre os temas abordados est\u00e3o o amor ag\u00eanero, o cotidiano, a natureza e a amizade, tratados com linhas mel\u00f3dicas que evocam refer\u00eancias do movimento Tropicalista, da psicodelia nordestina, das nost\u00e1lgicas can\u00e7\u00f5es de amor que embalaram a d\u00e9cada de 1980, do reggae brasileiro do grupo Cidade Negra, do Movimento Tribalista e da nova MPB.<\/p>\n<p>Lan\u00e7ado no meio on-line em outubro de 2022 nas plataformas digitais Spotify, Deezer e YouTube, o \u00e1lbum tem inspira\u00e7\u00e3o e inten\u00e7\u00e3o de &#8216;deixar as pessoas leves, felizes, cantando por a\u00ed&#8217;, entrega Adriano Rocha, que al\u00e9m de compor e cantar, assina os arranjos e a dire\u00e7\u00e3o musical junto com o guitarrista, baixista e violonista Cl\u00e1udio Truzzi. &#8216;O trabalho autoral na vida de um artista \u00e9 a origem do novo. \u00c9 dar continuidade \u00e0 arte e \u00e9 deixar um legado&#8217;, destaca Rocha.<\/p>\n<p>Baiano radicado em Bras\u00edlia desde 1995, o violonista Adriano Rocha criou o Duna Duo em 2021, junto com a cantora brasiliense Kaise Helena, tamb\u00e9m atriz, bonequeira, professora de teatro e de musicaliza\u00e7\u00e3o para crian\u00e7as. A parceria nasceu quando Kaise se apresentou com voz e viol\u00e3o no lan\u00e7amento do livro &#8216;Hist\u00f3rias Atormentadas&#8217;, de Ana Vilela, amiga que apresentou os dois. &#8216;O Duna Duo nasceu do amor \u00e0 m\u00fasica, \u00e0 arte, \u00e0s pessoas e \u00e0 liberdade&#8217;, afirma o cantor, que lan\u00e7ou seu primeiro \u00e1lbum em 2019 (&#8216;Onde tem vagabundo, o capeta n\u00e3o encosta&#8217;).<\/p>\n<p>Suas experi\u00eancias musicais incluem dividir o palco com Jo\u00e3o Bosco e fazer abertura de shows para artistas como Tom Z\u00e9, Chico C\u00e9zar, Alceu Valen\u00e7a, Geraldo Azevedo, Xangai e Jorge Mautner. O m\u00fasico apresenta um programa musical voltado a artistas do Distrito Federal e \u00e9 diretor-geral do programa ArteFato, ambos transmitidos pelo YouTube.<\/p>\n<p>Formada em Artes C\u00eanicas pela Universidade de Bras\u00edlia (UnB), Kaise Helena dedica-se \u00e0 m\u00fasica brasileira e \u00e0 can\u00e7\u00e3o latino-americana, al\u00e9m de ser apaixonada por teatro de bonecos. A cantora tem participa\u00e7\u00e3o em mais de 30 espet\u00e1culos e trabalhos acad\u00eamicos voltados para o Teatro de Bonecos Popular do Nordeste (Iphan\/UnB). \u00c9 criadora do Duo Caldera, com Ricardo R\u00fabio, direcionado \u00e0 produ\u00e7\u00e3o musical latino-americana. Ela tamb\u00e9m atua paralelamente como professora da Secretaria de Educa\u00e7\u00e3o do Distrito Federal e integra o &#8216;Coletivo \u00e9 o Bicho!&#8217;, que cuida de c\u00e3es e gatos abandonados na cidade de Olhos d&#8217;\u00c1gua\/GO. Para Kaise, &#8216;a melhor forma de ouvir o disco &#8216;Leve&#8217; \u00e9 no carro, na estrada, indo para o trabalho, com os amigos, dan\u00e7ando s\u00f3 na sala, espregui\u00e7ando na rede, com os p\u00e9s na grama, na areia da praia ou ao redor de uma fogueira&#8217;.<\/p>\n<p>A ficha t\u00e9cnica do \u00e1lbum ainda inclui: o baterista Deth Santos, o tecladista Gregoree J\u00fanior, o gaitista Marcos Cabrera e Deniel Moraes nos efeitos especiais. O disco foi gravado, mixado e masterizado no Studio G2D Produ\u00e7\u00f5es, em Bras\u00edlia, por Deniel Moraes e masterizado no Studio Refinaria, por Allan Pinho.<\/p>\n<p><strong>Para saber mais:<\/strong><br \/>\n<a rel=\"follow noopener\" target='_blank' href='mailto:youtube.com\/@DunaDuoLeve' data-mce-target='_blank'>youtube.com\/@DunaDuoLeve<\/a><br \/>\n<a rel=\"follow noopener\" target='_blank' href='http:\/\/www.instagram.com\/duna.duo\/' data-mce-target='_blank'>www.instagram.com\/duna.duo\/<\/a><br \/>\nSpotify<\/p>\n<p>Website: <a target='_blank' href='http:\/\/www.verbo.jor.br\/' rel=\"follow noopener\">http:\/\/www.verbo.jor.br\/<\/a><img src='https:\/\/api.dino.com.br\/v2\/news\/tr\/288566' alt='' style='border:0px;width:1px;height:1px' \/><br \/>\nA <b>OESP<\/b> n\u00e3o \u00e9(s\u00e3o) respons\u00e1vel(is) por erros, incorre\u00e7\u00f5es, atrasos ou quaisquer decis\u00f5es tomadas por seus clientes com base nos Conte\u00fados ora disponibilizados, bem como tais Conte\u00fados n\u00e3o representam a opini\u00e3o da <b>OESP<\/b> e s\u00e3o de inteira responsabilidade da <b>Dino Divulgador de Noticias Online Ltda<\/b><\/p>\n","protected":false},"excerpt":{"rendered":"DINO DIVULGADOR DE NOT\u00cdCIAS Bras\u00edlia DF&#8211;(DINO &#8211; 18 out, 2023) &#8211; O cantor e compositor Adriano Rocha e a cantora Kaise Helena celebram a chegada do \u00e1lbum &#8216;Leve&#8217;, no","protected":false},"author":1,"featured_media":76433,"comment_status":"open","ping_status":"closed","sticky":false,"template":"","format":"standard","meta":{"_acf_changed":false,"inline_featured_image":false,"_monsterinsights_skip_tracking":false,"_monsterinsights_sitenote_active":false,"_monsterinsights_sitenote_note":"","_monsterinsights_sitenote_category":0,"footnotes":""},"categories":[34],"tags":[],"class_list":["post-76432","post","type-post","status-publish","format-standard","has-post-thumbnail","hentry","category-releases-geral"],"acf":[],"_links":{"self":[{"href":"https:\/\/bluestudio.estadao.com.br\/agencia-de-comunicacao\/wp-json\/wp\/v2\/posts\/76432","targetHints":{"allow":["GET"]}}],"collection":[{"href":"https:\/\/bluestudio.estadao.com.br\/agencia-de-comunicacao\/wp-json\/wp\/v2\/posts"}],"about":[{"href":"https:\/\/bluestudio.estadao.com.br\/agencia-de-comunicacao\/wp-json\/wp\/v2\/types\/post"}],"author":[{"embeddable":true,"href":"https:\/\/bluestudio.estadao.com.br\/agencia-de-comunicacao\/wp-json\/wp\/v2\/users\/1"}],"replies":[{"embeddable":true,"href":"https:\/\/bluestudio.estadao.com.br\/agencia-de-comunicacao\/wp-json\/wp\/v2\/comments?post=76432"}],"version-history":[{"count":0,"href":"https:\/\/bluestudio.estadao.com.br\/agencia-de-comunicacao\/wp-json\/wp\/v2\/posts\/76432\/revisions"}],"wp:featuredmedia":[{"embeddable":true,"href":"https:\/\/bluestudio.estadao.com.br\/agencia-de-comunicacao\/wp-json\/wp\/v2\/media\/76433"}],"wp:attachment":[{"href":"https:\/\/bluestudio.estadao.com.br\/agencia-de-comunicacao\/wp-json\/wp\/v2\/media?parent=76432"}],"wp:term":[{"taxonomy":"category","embeddable":true,"href":"https:\/\/bluestudio.estadao.com.br\/agencia-de-comunicacao\/wp-json\/wp\/v2\/categories?post=76432"},{"taxonomy":"post_tag","embeddable":true,"href":"https:\/\/bluestudio.estadao.com.br\/agencia-de-comunicacao\/wp-json\/wp\/v2\/tags?post=76432"}],"curies":[{"name":"wp","href":"https:\/\/api.w.org\/{rel}","templated":true}]}}