{"id":76430,"date":"2023-10-18T17:23:00","date_gmt":"2023-10-18T20:23:00","guid":{"rendered":"https:\/\/bluestudio.estadao.com.br\/agencia-de-comunicacao\/releases\/releases-geral\/ceo-do-grupo-salta-educacao-participa-da-educa-week\/"},"modified":"2023-10-18T17:23:00","modified_gmt":"2023-10-18T20:23:00","slug":"ceo-do-grupo-salta-educacao-participa-da-educa-week","status":"publish","type":"post","link":"https:\/\/bluestudio.estadao.com.br\/agencia-de-comunicacao\/releases\/releases-geral\/ceo-do-grupo-salta-educacao-participa-da-educa-week\/","title":{"rendered":"CEO do Grupo Salta Educa\u00e7\u00e3o participa da Educa Week"},"content":{"rendered":"<p><b>DINO DIVULGADOR DE NOT\u00cdCIAS<\/b><\/p>\n<p>Rio de Janeiro, RJ&#8211;(<a target='_blank' href='http:\/\/www.dino.com.br' rel=\"noopener\">DINO<\/a> &#8211; 18 out, 2023) &#8211; <\/p>\n<p style='font-weight: 400'>O Grupo Salta Educa&ccedil;&atilde;o, holding educacional de ensino b&aacute;sico do Brasil, marca presen&ccedil;a na oitava edi&ccedil;&atilde;o da Educa Week 2023, evento de destaque na &aacute;rea de transforma&ccedil;&atilde;o educacional nacional, que acontece entre os dias 16 e 20 de outubro, na cidade de S&atilde;o Paulo. No dia 17, Bruno Elias, CEO do Grupo, participar&aacute; da abertura do F&oacute;rum Nacional de Educa&ccedil;&atilde;o, que ter&aacute; como tema &ldquo;Os desafios e oportunidades da educa&ccedil;&atilde;o no s&eacute;culo XXI: preparando alunos para um mundo globalizado em constante transforma&ccedil;&atilde;o&#8217;.<\/p>\n<p style='font-weight: 400'>Ao lado de especialistas da &aacute;rea de educa&ccedil;&atilde;o, Elias vai compartilhar perspectivas e insights sobre a prepara&ccedil;&atilde;o dos alunos para um mundo globalizado e em constante transforma&ccedil;&atilde;o.<\/p>\n<p style='font-weight: 400'>O encontro com Elias tem o prop&oacute;sito de contribuir com o debate sobre o futuro da educa&ccedil;&atilde;o no pa&iacute;s. O CEO do Grupo Salta Educa&ccedil;&atilde;o expressou seu entusiasmo em rela&ccedil;&atilde;o ao evento, afirmando: &#8216;Estou muito animado para debater um tema t&atilde;o importante para n&oacute;s do setor educacional e para a sociedade como um todo&#8217;.<\/p>\n<p style='font-weight: 400'>Al&eacute;m de Bruno Elias, o Grupo Salta Educa&ccedil;&atilde;o estar&aacute; representado por outros membros-chave da equipe, incluindo Moyses Cohen, VP Comercial de Expans&otilde;es, Integra&ccedil;&otilde;es e Intelig&ecirc;ncia Pedag&oacute;gica; Jo&atilde;o Paulo Prado, VP Executivo Jur&iacute;dico; Daniel Fadel, diretor de M&amp;A; e Anna Teresa Moraes Novis, gerente-executiva de Admiss&otilde;es. A presen&ccedil;a de toda essa equipe refor&ccedil;a o compromisso do Grupo Salta Educa&ccedil;&atilde;o em contribuir ativamente para o desenvolvimento e aprimoramento da educa&ccedil;&atilde;o no Brasil.<\/p>\n<p style='font-weight: 400'>O Educa Week 2023 promete ser um evento enriquecedor e inspirador para todos os participantes, proporcionando uma plataforma vital para a discuss&atilde;o de ideias inovadoras e a busca de solu&ccedil;&otilde;es<\/p>\n<p>Website: <a target='_blank' href='https:\/\/gruposaltaedu.com\/' rel=\"follow noopener\">https:\/\/gruposaltaedu.com\/<\/a><img src='https:\/\/api.dino.com.br\/v2\/news\/tr\/292987' alt='' style='border:0px;width:1px;height:1px' \/><br \/>\nA <b>OESP<\/b> n\u00e3o \u00e9(s\u00e3o) respons\u00e1vel(is) por erros, incorre\u00e7\u00f5es, atrasos ou quaisquer decis\u00f5es tomadas por seus clientes com base nos Conte\u00fados ora disponibilizados, bem como tais Conte\u00fados n\u00e3o representam a opini\u00e3o da <b>OESP<\/b> e s\u00e3o de inteira responsabilidade da <b>Dino Divulgador de Noticias Online Ltda<\/b><\/p>\n","protected":false},"excerpt":{"rendered":"DINO DIVULGADOR DE NOT\u00cdCIAS Rio de Janeiro, RJ&#8211;(DINO &#8211; 18 out, 2023) &#8211; O Grupo Salta Educa&ccedil;&atilde;o, holding educacional de ensino b&aacute;sico do Brasil, marca","protected":false},"author":1,"featured_media":76431,"comment_status":"open","ping_status":"closed","sticky":false,"template":"","format":"standard","meta":{"_acf_changed":false,"inline_featured_image":false,"_monsterinsights_skip_tracking":false,"_monsterinsights_sitenote_active":false,"_monsterinsights_sitenote_note":"","_monsterinsights_sitenote_category":0,"footnotes":""},"categories":[34],"tags":[],"class_list":["post-76430","post","type-post","status-publish","format-standard","has-post-thumbnail","hentry","category-releases-geral"],"acf":[],"_links":{"self":[{"href":"https:\/\/bluestudio.estadao.com.br\/agencia-de-comunicacao\/wp-json\/wp\/v2\/posts\/76430","targetHints":{"allow":["GET"]}}],"collection":[{"href":"https:\/\/bluestudio.estadao.com.br\/agencia-de-comunicacao\/wp-json\/wp\/v2\/posts"}],"about":[{"href":"https:\/\/bluestudio.estadao.com.br\/agencia-de-comunicacao\/wp-json\/wp\/v2\/types\/post"}],"author":[{"embeddable":true,"href":"https:\/\/bluestudio.estadao.com.br\/agencia-de-comunicacao\/wp-json\/wp\/v2\/users\/1"}],"replies":[{"embeddable":true,"href":"https:\/\/bluestudio.estadao.com.br\/agencia-de-comunicacao\/wp-json\/wp\/v2\/comments?post=76430"}],"version-history":[{"count":0,"href":"https:\/\/bluestudio.estadao.com.br\/agencia-de-comunicacao\/wp-json\/wp\/v2\/posts\/76430\/revisions"}],"wp:featuredmedia":[{"embeddable":true,"href":"https:\/\/bluestudio.estadao.com.br\/agencia-de-comunicacao\/wp-json\/wp\/v2\/media\/76431"}],"wp:attachment":[{"href":"https:\/\/bluestudio.estadao.com.br\/agencia-de-comunicacao\/wp-json\/wp\/v2\/media?parent=76430"}],"wp:term":[{"taxonomy":"category","embeddable":true,"href":"https:\/\/bluestudio.estadao.com.br\/agencia-de-comunicacao\/wp-json\/wp\/v2\/categories?post=76430"},{"taxonomy":"post_tag","embeddable":true,"href":"https:\/\/bluestudio.estadao.com.br\/agencia-de-comunicacao\/wp-json\/wp\/v2\/tags?post=76430"}],"curies":[{"name":"wp","href":"https:\/\/api.w.org\/{rel}","templated":true}]}}