{"id":76294,"date":"2023-10-17T17:13:00","date_gmt":"2023-10-17T20:13:00","guid":{"rendered":"https:\/\/bluestudio.estadao.com.br\/agencia-de-comunicacao\/releases\/releases-geral\/amlan-international-da-as-boas-vindas-ao-expert-de-servicos-tecnicos-dr-cesar-a-coto-que-ira-atender-o-mercado-latino-americano\/"},"modified":"2023-10-17T17:13:00","modified_gmt":"2023-10-17T20:13:00","slug":"amlan-international-da-as-boas-vindas-ao-expert-de-servicos-tecnicos-dr-cesar-a-coto-que-ira-atender-o-mercado-latino-americano","status":"publish","type":"post","link":"https:\/\/bluestudio.estadao.com.br\/agencia-de-comunicacao\/releases\/releases-geral\/amlan-international-da-as-boas-vindas-ao-expert-de-servicos-tecnicos-dr-cesar-a-coto-que-ira-atender-o-mercado-latino-americano\/","title":{"rendered":"Amlan\u00ae International Da as Boas-Vindas ao Expert de Servi\u00e7os T\u00e9cnicos, Dr. Cesar A. Coto, que Ir\u00e1 Atender o Mercado Latino-Americano"},"content":{"rendered":"<p><b>Oil-Dri Corporation Of America<\/b><\/p>\n<p>CHICAGO, Oct.  17, 2023  (GLOBE NEWSWIRE) &#8212; A Amlan<sup>\u00ae<\/sup>\u00a0International, uma empresa de sa\u00fade animal verticalmente integrada da Oil-Dri<sup>\u00ae<\/sup>\u00a0Corporation of America (NYSE: ODC)\u00a0\u00e9 l\u00edder global em aditivos para alimenta\u00e7\u00e3o animal \u00e0 base de minerais que otimizam a sa\u00fade intestinal, anunciou a nomea\u00e7\u00e3o do Dr. Cesar Coto, um expert do setor, como a mais nova adi\u00e7\u00e3o \u00e0 equipe. O Dr. Coto assumir\u00e1 o cargo de Diretor de Servi\u00e7os T\u00e9cnicos da LATAM, uma posi\u00e7\u00e3o essencial para o apoio aos clientes do M\u00e9xico, Am\u00e9rica Central, Am\u00e9rica do Sul e Caribe. Sua nomea\u00e7\u00e3o ressalta o compromisso da Amlan em fornecer suporte t\u00e9cnico e solu\u00e7\u00f5es naturais confi\u00e1veis para seus clientes.<\/p>\n<p>A forma\u00e7\u00e3o educacional de Cesar, juntamente com sua extensa experi\u00eancia no setor, tornam ele uma pe\u00e7a chave para a nossa equipe, disse o Dr. Robin Jarquin, Diretor Regional da Am\u00e9rica Latina. Esperamos suas contribui\u00e7\u00f5es para a expans\u00e3o da nossa base de clientes na Am\u00e9rica Latina e no Caribe.<\/p>\n<p>Como Diretor de Servi\u00e7os T\u00e9cnicos LATAM o Dr. Coto ir\u00e1 proporcionar suporte t\u00e9cnico e comercial. Suas responsabilidades incluir\u00e3o atender \u00e0s perguntas dos clientes, auxiliar nas aplica\u00e7\u00f5es dos produtos e garantir a integra\u00e7\u00e3o perfeita dos produtos da Amlan. O Dr. Coto trabalhar\u00e1 em estreita colabora\u00e7\u00e3o com a equipe da Amlan para fornecer programas personalizados de aditivos alimentares adaptados \u00e0s necessidades \u00fanicas dos clientes.<\/p>\n<p>A experi\u00eancia do Dr. Coto faz dele a pessoa ideal para prestar um servi\u00e7o t\u00e9cnico do mais alto n\u00edvel. Durante treze anos ele foi Gerente de Servi\u00e7o T\u00e9cnico para o M\u00e9xico, Am\u00e9rica Central e Caribe de uma grande empresa de cria\u00e7\u00e3o de aves. Durante esse per\u00edodo, ele demonstrou sua capacidade de direcionar complexidades t\u00e9cnicas e criar relacionamentos fortes com clientes de toda a regi\u00e3o. Sua dedica\u00e7\u00e3o em atender os clientes e entregar resultados o tornam consistentemente um\u00a0destaque da ind\u00fastria.<\/p>\n<p>A forma\u00e7\u00e3o educacional do Dr. Coto foi a base do seu sucesso na ind\u00fastria. Ele fez mestrado em Ci\u00eancias Av\u00edcolas, em Agroneg\u00f3cios e doutorado em Filosofia em Nutri\u00e7\u00e3o Av\u00edcola, todos na University of Arkansas.<\/p>\n<p><strong>Sobre a Amlan<\/strong><sup><strong>\u00ae<\/strong><\/sup> <strong>International<\/strong><br \/>A Amlan International \u00e9 uma empresa de sa\u00fade animal da Oil-Dri Corporation of America, l\u00edder global em produ\u00e7\u00e3o e comercializa\u00e7\u00e3o de minerais adsorventes. A Oil-Dri utiliza seus mais de 80 anos de experi\u00eancia em ci\u00eancia mineral na minera\u00e7\u00e3o e processamento seletivo dos seus minerais exclusivos. A Oil-Dri Corporation of America, atuando com o nome Amlan International tem suas a\u00e7\u00f5es negociadas publicamente na Bolsa de Valores de Nova York (NYSE: ODC). A Amlan International vende aditivos para a alimenta\u00e7\u00e3o animal em todo o mundo. A disponibilidade do produto pode variar de acordo com o pa\u00eds. As afirma\u00e7\u00f5es contidas neste documento n\u00e3o s\u00e3o afirma\u00e7\u00f5es m\u00e9dicas e podem ser diferentes de acordo com as leis de cada pais. Para mais informa\u00e7\u00e3o sobre a Amlan International, visite: <a href=\"https:\/\/www.globenewswire.com\/Tracker?data=_DDr9L72y7aWwU4skq0k3anjpYjEap-LN7O87jpDQk194rED4jEiMTuku1NpdHrM32CYZ9HWSKIbM9w0p3ppsQ==\" rel=\"nofollow noopener\" target=\"_blank\">www.amlan.com<\/a><\/p>\n<p><strong>Contato com a M\u00eddia<\/strong><br \/>Reagan Culbertson<br \/>VP, Marketing Estrat\u00e9gico<br \/><a href=\"https:\/\/www.globenewswire.com\/Tracker?data=UEnKuhRvTh6qJhfUhjRnKyzmQoYNZxrsKuAKvxP9WBSVsM-XcayUWRl0XZJX3DNHYSOaxoDrK8QBkXBu4bhvsw==\" rel=\"nofollow noopener\" target=\"_blank\"> Press@amlan.com<\/a><\/p>\n<p>Foto deste comunicado dispon\u00edvel em <a href=\"https:\/\/www.globenewswire.com\/Tracker?data=S_n0zVkWWz1umiDnSBylV0eKCzGtXYeFntoKbYXIocg027xF47s_oT59ihWfcFurfKbz-4ToqimIlk7tqwv0Z-bXZ2uU9ZF0bJM9u_LugB8E5MN79vvTFLrOk_pBB0N7ycJOzB63TkhwRq9_5RdUOJN3pD4P-XAnHLQBwSZhEFx31EXCIDtEevp1V8-EWZ2c6VDZh2amINWFeBfD0uKcQKlARo3jgTd_J0x1H6imXiogIuhDPfa29QQadHcEQV164hKlo2hvz4QqNYbxNFc3jA==\" rel=\"nofollow noopener\" target=\"_blank\"><u>https:\/\/www.globenewswire.com\/NewsRoom\/AttachmentNg\/a1706642-bf5d-42e9-aa65-c042c61c702f\/pt<\/u><\/a><\/p>\n<p> <img decoding=\"async\" class=\"__GNW8366DE3E__IMG\" src=\"https:\/\/www.globenewswire.com\/newsroom\/ti?nf=ODk1MDgxMiM1ODcyMDMyIzIwMDY1OTY=\" \/> <br \/><img decoding=\"async\" src=\"https:\/\/ml.globenewswire.com\/media\/ZGU1ZTEyZWQtMjliMC00NWM3LThmY2EtMzRlYzlkNDgxODhhLTEwMTgxNjk=\/tiny\/Oil-Dri-Corporation-Of-America.png\" \/><\/p>\n<div style=\"padding:0px;width: 100%\">\n<div style=\"clear:both\" \/>\n<div style=\"float: right;padding-left:20px\">\n<div>\n<h5>Dr. Cesar A. Coto<\/h5>\n<\/div>\n<div> <a target=\"_blank\" href=\"https:\/\/www.globenewswire.com\/NewsRoom\/AttachmentNg\/a1706642-bf5d-42e9-aa65-c042c61c702f\/pt\" rel=\"noopener\"><img decoding=\"async\" src=\"https:\/\/ml.globenewswire.com\/media\/a1706642-bf5d-42e9-aa65-c042c61c702f\/medium\/dr-cesar-a-coto.jpg\" \/> <\/a><\/div>\n<p \/>\n<div>\n<h5>Diretor de Servi\u00e7os T\u00e9cnicos, LATAM<\/h5>\n<\/div>\n<\/div>\n<\/div>\n<p>A <b>OESP<\/b> nao e(sao) responsavel(is) por erros, incorrecoes, atrasos ou quaisquer decisoes tomadas por seus clientes com base nos Conteudos ora disponibilizados, bem como tais Conteudos nao representam a opiniao da <b>OESP<\/b> e sao de inteira responsabilidade da <b>GlobeNewswire<\/b><\/p>\n","protected":false},"excerpt":{"rendered":"Oil-Dri Corporation Of America CHICAGO, Oct. 17, 2023 (GLOBE NEWSWIRE) &#8212; A Amlan\u00ae\u00a0International, uma empresa de sa\u00fade animal verticalmente integrada da Oil-Dri\u00ae\u00a0Corporation of America","protected":false},"author":1,"featured_media":76295,"comment_status":"open","ping_status":"closed","sticky":false,"template":"","format":"standard","meta":{"_acf_changed":false,"inline_featured_image":false,"_monsterinsights_skip_tracking":false,"_monsterinsights_sitenote_active":false,"_monsterinsights_sitenote_note":"","_monsterinsights_sitenote_category":0,"footnotes":""},"categories":[34],"tags":[],"class_list":["post-76294","post","type-post","status-publish","format-standard","has-post-thumbnail","hentry","category-releases-geral"],"acf":[],"_links":{"self":[{"href":"https:\/\/bluestudio.estadao.com.br\/agencia-de-comunicacao\/wp-json\/wp\/v2\/posts\/76294","targetHints":{"allow":["GET"]}}],"collection":[{"href":"https:\/\/bluestudio.estadao.com.br\/agencia-de-comunicacao\/wp-json\/wp\/v2\/posts"}],"about":[{"href":"https:\/\/bluestudio.estadao.com.br\/agencia-de-comunicacao\/wp-json\/wp\/v2\/types\/post"}],"author":[{"embeddable":true,"href":"https:\/\/bluestudio.estadao.com.br\/agencia-de-comunicacao\/wp-json\/wp\/v2\/users\/1"}],"replies":[{"embeddable":true,"href":"https:\/\/bluestudio.estadao.com.br\/agencia-de-comunicacao\/wp-json\/wp\/v2\/comments?post=76294"}],"version-history":[{"count":0,"href":"https:\/\/bluestudio.estadao.com.br\/agencia-de-comunicacao\/wp-json\/wp\/v2\/posts\/76294\/revisions"}],"wp:featuredmedia":[{"embeddable":true,"href":"https:\/\/bluestudio.estadao.com.br\/agencia-de-comunicacao\/wp-json\/wp\/v2\/media\/76295"}],"wp:attachment":[{"href":"https:\/\/bluestudio.estadao.com.br\/agencia-de-comunicacao\/wp-json\/wp\/v2\/media?parent=76294"}],"wp:term":[{"taxonomy":"category","embeddable":true,"href":"https:\/\/bluestudio.estadao.com.br\/agencia-de-comunicacao\/wp-json\/wp\/v2\/categories?post=76294"},{"taxonomy":"post_tag","embeddable":true,"href":"https:\/\/bluestudio.estadao.com.br\/agencia-de-comunicacao\/wp-json\/wp\/v2\/tags?post=76294"}],"curies":[{"name":"wp","href":"https:\/\/api.w.org\/{rel}","templated":true}]}}