{"id":76079,"date":"2023-10-16T13:13:00","date_gmt":"2023-10-16T16:13:00","guid":{"rendered":"https:\/\/bluestudio.estadao.com.br\/agencia-de-comunicacao\/prnewswire\/prnewseconomia\/reuniao-anual-co-organizada-pela-iff-insta-a-reforma-das-organizacoes-multilaterais-para-melhor-enfrentar-os-desafios-globais\/"},"modified":"2023-10-16T13:13:00","modified_gmt":"2023-10-16T16:13:00","slug":"reuniao-anual-co-organizada-pela-iff-insta-a-reforma-das-organizacoes-multilaterais-para-melhor-enfrentar-os-desafios-globais","status":"publish","type":"post","link":"https:\/\/bluestudio.estadao.com.br\/agencia-de-comunicacao\/prnewswire\/prnewseconomia\/reuniao-anual-co-organizada-pela-iff-insta-a-reforma-das-organizacoes-multilaterais-para-melhor-enfrentar-os-desafios-globais\/","title":{"rendered":"Reuni\u00e3o anual co-organizada pela IFF insta \u00e0 reforma das organiza\u00e7\u00f5es multilaterais para melhor enfrentar os desafios globais"},"content":{"rendered":"<p><b>PR NEWSWIRE<\/b><\/p>\n<div class=\"xn-content\">\n<span class=\"legendSpanClass\">MARRAQUEXE, Marrocos<\/span>, <span class=\"legendSpanClass\">16 de outubro de 2023<\/span> <span>\/PRNewswire\/ &#8212; O fortalecimento dos pap\u00e9is dos bancos multilaterais de desenvolvimento (BMD) existentes e de organiza\u00e7\u00f5es como o Fundo Monet\u00e1rio Internacional (FMI), o Banco Mundial e as Na\u00e7\u00f5es Unidas ajudar\u00e3o o mundo a enfrentar melhor os desafios globais, insistem os painelistas na ter\u00e7a-feira em Marrocos, no <span class=\"xn-person\">Norte de<\/span> \u00c1frica, durante um painel de discuss\u00e3o na &#8220;Reuni\u00e3o Anual de Marraquexe 2023&#8221; co-organizada pelo F\u00f3rum Financeiro Internacional (IFF).<\/span><\/p>\n<div id=\"prni_dvprnejpg476bleft\" dir=\"ltr\" style=\"width: 100%;text-align: left\"><img decoding=\"async\" id=\"prnejpg476bleft\" title=\"\" src=\"https:\/\/mma.prnewswire.com\/media\/2247655\/1.jpg\" alt=\"\" align=\"middle\" \/><\/div>\n<p><span>Distintos painelistas da reuni\u00e3o, que lideraram ou foram ex-l\u00edderes nos BMD, incluindo o FMI e o Banco Mundial, apelaram ao fortalecimento da coopera\u00e7\u00e3o internacional, a fim de resolver desafios globais, incluindo a crise clim\u00e1tica, a desigualdade global e a pobreza.<\/span><\/p>\n<p><span>A diretora executiva do FMI, <span class=\"xn-person\">Kristalina Georgieva<\/span>, que abriu o painel de discuss\u00e3o, disse que o mundo precisa se unir para resolver os desafios globais, &#8220;caso contr\u00e1rio, estaremos em apuros&#8221;.<\/span><\/p>\n<p><span>Ela enfatizou a necessidade de unir o Norte Global e o Sul Global num mundo em r\u00e1pido envelhecimento, onde a \u00c1frica ser\u00e1 o \u00fanico continente que ter\u00e1 dividendos demogr\u00e1ficos num futuro pr\u00f3ximo. <\/span><\/p>\n<p><span><span class=\"xn-person\">Masood Ahmed<\/span>, membro do Comit\u00e9 Consultivo do IFF, presidente do Centro para o Desenvolvimento Global (CGD), apelou para abordagens pr\u00e1ticas \u00e0 fim de resolver desafios globais comuns, reconhecendo ao mesmo tempo a tens\u00e3o geopol\u00edtica.<\/span><\/p>\n<p><span>&#8220;Precisamos iniciar a coopera\u00e7\u00e3o onde for necess\u00e1rio, incluindo a crise clim\u00e1tica e a pandemia.&#8221; disse Ahmed.<\/span><\/p>\n<p><span>Apesar do risco crescente de fragmenta\u00e7\u00e3o, o multilateralismo ainda funciona e \u00e9 a melhor forma de resolver os desafios globais, disse <span class=\"xn-person\">Bo Li<\/span>, Diretor Executivo Adjunto do FMI.<\/span><\/p>\n<p><span>Li acredita que fortalecer os BMDs existentes \u00e9 mais pr\u00e1tico do que um projeto totalmente novo.&#8221;Corremos o risco de perder a confian\u00e7a se n\u00e3o nos adaptarmos e fortalecermos&#8221;, disse Li.<\/span><\/p>\n<p><span><span class=\"xn-person\">Axel Weber<\/span>, membro do conselho do IFF e presidente do Centro de Estudos Financeiros da Universidade Goethe, acredita que as institui\u00e7\u00f5es internacionais devem adaptar-se e mudar organicamente para enfrentar os desafios globais.<\/span><\/p>\n<p><span>Weber sugeriu que os BMDs como o FMI deveriam estabelecer &#8220;direitos de saque clim\u00e1tico&#8221; para destinar fundos aos pa\u00edses vulner\u00e1veis para enfrentarem a crise clim\u00e1tica. Da mesma forma, ele argumentou que o Banco Mundial deveria estabelecer um &#8220;capital clim\u00e1tico&#8221; para ajudar os pa\u00edses vulner\u00e1veis ao clima. <\/span><\/p>\n<p><span>O financiamento \u00e9 fundamental para resolver problemas globais. Os palestrantes presentes na sess\u00e3o consideram que o refor\u00e7o dos pap\u00e9is dos BMDs ajudar\u00e1 a encontrar a vontade pol\u00edtica para resolver quest\u00f5es de financiamento.<\/span><\/p>\n<p><span>&#8220;Precisamos de l\u00edderes pol\u00edticos globais que estejam dispostos a investir e resolver quest\u00f5es clim\u00e1ticas&#8221;, disse <span class=\"xn-person\">Dany Alexander<\/span>, vice-presidente de Pol\u00edtica e Estrat\u00e9gia do Banco Asi\u00e1tico de Investimento em Infraestrutura (AIIB).<\/span><\/p>\n<p><span>Ahmed, da CGD, considera que o fortalecimento dos BMDs como o FMI \u00e9 fact\u00edvel. &#8220;Ainda n\u00e3o atingimos o ponto cr\u00edtico em que os pol\u00edticos sentem que t\u00eam de agir. At\u00e9 chegarmos a esse ponto, o financiamento vir\u00e1 de forma fragmentada.&#8221;<\/span><\/p>\n<p><span>Weber argumentou que ser\u00e3o necess\u00e1rios 120 trilh\u00f5es de d\u00f3lares em investimento global para cumprir as metas clim\u00e1ticas at\u00e9 2050, o que exigiria a angaria\u00e7\u00e3o de fundos de pa\u00edses maduros.<\/span><\/p>\n<p><span>Weber pensa que a aglomera\u00e7\u00e3o no setor privado n\u00e3o deveria ter um custo maior para o setor p\u00fablico. <\/span><\/p>\n<p><span><span class=\"xn-person\">Vera Songwe<\/span>, membro do conselho do IFF, presidente e fundadora do Mecanismo de Liquidez e Sustentabilidade, considera que as regras sobre o quadro da d\u00edvida devem ser alteradas para um melhor financiamento.<\/span><\/p>\n<p><span>Ela tamb\u00e9m pediu financiamento do setor privado, o que &#8220;mudar\u00e1 o jogo&#8221;.<\/span><\/p>\n<p><span>O painel de discuss\u00e3o foi co-organizado pelo IFF, pelo Comit\u00e9 de <span class=\"xn-person\">Bretton Woods<\/span> e pelo Centro para o Desenvolvimento Global, e moderado por <span class=\"xn-person\">Martin Wolf<\/span>, comentador-chefe de economia do Financial Times.<\/span><\/p>\n<p><span>Foto &#8211; <\/span><a href=\"https:\/\/mma.prnewswire.com\/media\/2247655\/1.jpg\" target=\"_blank\" rel=\"nofollow noopener\"><span>https:\/\/mma.prnewswire.com\/media\/2247655\/1.jpg<\/span><\/a><\/p>\n<p>FONTE  The International Finance Forum (IFF)<\/p>\n<\/div>\n<p><img decoding=\"async\" alt=\"\" src=\"https:\/\/rt.prnewswire.com\/rt.gif?NewsItemId=PT38803&amp;Transmission_Id=202310161210PR_NEWS_LATAM____PT38803&amp;DateId=20231016\" style=\"border:0px;width:1px;height:1px\" \/><\/p>\n<p>A <b>OESP<\/b> n\u00e3o \u00e9(s\u00e3o) respons\u00e1vel(is) por erros, incorre\u00e7\u00f5es, atrasos ou quaisquer decis\u00f5es tomadas por seus clientes com base nos Conte\u00fados ora disponibilizados, bem como tais Conte\u00fados n\u00e3o representam a opini\u00e3o da <b>OESP<\/b> e s\u00e3o de inteira responsabilidade da <b>PR Newswire Ltda<\/b><\/p>\n","protected":false},"excerpt":{"rendered":"PR NEWSWIRE MARRAQUEXE, Marrocos, 16 de outubro de 2023 \/PRNewswire\/ &#8212; O fortalecimento dos pap\u00e9is dos bancos multilaterais de desenvolvimento (BMD) existentes e de organiza\u00e7\u00f5es como o Fundo","protected":false},"author":1,"featured_media":76080,"comment_status":"open","ping_status":"closed","sticky":false,"template":"","format":"standard","meta":{"_acf_changed":false,"inline_featured_image":false,"_monsterinsights_skip_tracking":false,"_monsterinsights_sitenote_active":false,"_monsterinsights_sitenote_note":"","_monsterinsights_sitenote_category":0,"footnotes":""},"categories":[29],"tags":[],"class_list":["post-76079","post","type-post","status-publish","format-standard","has-post-thumbnail","hentry","category-prnewseconomia"],"acf":[],"_links":{"self":[{"href":"https:\/\/bluestudio.estadao.com.br\/agencia-de-comunicacao\/wp-json\/wp\/v2\/posts\/76079","targetHints":{"allow":["GET"]}}],"collection":[{"href":"https:\/\/bluestudio.estadao.com.br\/agencia-de-comunicacao\/wp-json\/wp\/v2\/posts"}],"about":[{"href":"https:\/\/bluestudio.estadao.com.br\/agencia-de-comunicacao\/wp-json\/wp\/v2\/types\/post"}],"author":[{"embeddable":true,"href":"https:\/\/bluestudio.estadao.com.br\/agencia-de-comunicacao\/wp-json\/wp\/v2\/users\/1"}],"replies":[{"embeddable":true,"href":"https:\/\/bluestudio.estadao.com.br\/agencia-de-comunicacao\/wp-json\/wp\/v2\/comments?post=76079"}],"version-history":[{"count":0,"href":"https:\/\/bluestudio.estadao.com.br\/agencia-de-comunicacao\/wp-json\/wp\/v2\/posts\/76079\/revisions"}],"wp:featuredmedia":[{"embeddable":true,"href":"https:\/\/bluestudio.estadao.com.br\/agencia-de-comunicacao\/wp-json\/wp\/v2\/media\/76080"}],"wp:attachment":[{"href":"https:\/\/bluestudio.estadao.com.br\/agencia-de-comunicacao\/wp-json\/wp\/v2\/media?parent=76079"}],"wp:term":[{"taxonomy":"category","embeddable":true,"href":"https:\/\/bluestudio.estadao.com.br\/agencia-de-comunicacao\/wp-json\/wp\/v2\/categories?post=76079"},{"taxonomy":"post_tag","embeddable":true,"href":"https:\/\/bluestudio.estadao.com.br\/agencia-de-comunicacao\/wp-json\/wp\/v2\/tags?post=76079"}],"curies":[{"name":"wp","href":"https:\/\/api.w.org\/{rel}","templated":true}]}}