{"id":75704,"date":"2023-10-10T15:49:00","date_gmt":"2023-10-10T18:49:00","guid":{"rendered":"https:\/\/bluestudio.estadao.com.br\/agencia-de-comunicacao\/releases\/releases-geral\/lideres-da-elite-promovem-transformacao-educacional-a-jovens-3\/"},"modified":"2023-10-10T15:49:00","modified_gmt":"2023-10-10T18:49:00","slug":"lideres-da-elite-promovem-transformacao-educacional-a-jovens-3","status":"publish","type":"post","link":"https:\/\/bluestudio.estadao.com.br\/agencia-de-comunicacao\/releases\/releases-geral\/lideres-da-elite-promovem-transformacao-educacional-a-jovens-3\/","title":{"rendered":"L\u00edderes da Elite promovem transforma\u00e7\u00e3o educacional a jovens"},"content":{"rendered":"<p><b>DINO DIVULGADOR DE NOT\u00cdCIAS<\/b><\/p>\n<p>S\u00e3o Paulo, SP&#8211;(<a target='_blank' href='http:\/\/www.dino.com.br' rel=\"noopener\">DINO<\/a> &#8211; 10 out, 2023) &#8211;<br \/>\nCom o compromisso de proporcionar novas oportunidades, o Programa de Jovens Elite apresenta uma s\u00e9rie de atividades focadas em transforma\u00e7\u00e3o social. &nbsp;O grupo mobiliza palestras e mentorias para jovens, fomenta o programa &#8216;Meu primeiro emprego Elite&#8217; e atuam diretamente na viabiliza\u00e7\u00e3o de bolsas de estudos \u00e0 jovens em situa\u00e7\u00e3o de vulnerabilidade social e intelectual. Tudo isso s\u00f3 foi poss\u00edvel devido \u00e0 parceria que eles fomentaram com o Instituto Cades, que imediatamente apoiou o acesso a jovens de 13 a 17 anos que participam do programa de Educa\u00e7\u00e3o Esportiva Cades, que hoje possu\u00ed quase 3 mil jovens cadastrados.<\/p>\n<p>Unidos ao Cades, que abriu as portas de seu projeto de Educa\u00e7\u00e3o Esportiva para que a Academia Elite pudesse estruturar suas a\u00e7\u00f5es,&nbsp;o programa busca impactar diretamente at\u00e9 1.000 jovens a cada 6 meses. Dentro das atividades de mentoria a Elite trouxe a Educa\u00e7\u00e3o Financeira e Empreendedora como tema para os jovens em parceria com a Investeendo que \u00e9 uma Startup do Paran\u00e1 que atua com metodologia pr\u00f3pria baseada em jogos f\u00edsicos e gamifica\u00e7\u00e3o com o intuito de tornar estes conte\u00fados mais atrativos e significativos, impactando a vida de jovens brasileiros, gerando vetores de desenvolvimento social que promovem mudan\u00e7as construtivas nas comunidades que est\u00e3o inseridos.<\/p>\n<p>O Grupo de executivos tamb\u00e9m realiza o lan\u00e7amento de publica\u00e7\u00f5es\/livros com temas como Inclus\u00e3o e Diversidade, ESG, Lideran\u00e7a de Grandes Mulheres, Legado de Inspira\u00e7\u00e3o e muitos outros que s\u00e3o utilizados no &#8216;Programa de Mentorias Elite&#8217; para servir de inspira\u00e7\u00e3o para a constru\u00e7\u00e3o de carreira e gere discuss\u00f5es acerca dos temas.<\/p>\n<p>No final do programa a Elite atua tamb\u00e9m realizando excurs\u00f5es para as Ind\u00fastrias e Montadoras de carros, para que os jovens conhe\u00e7am todo o Ecossistema de uma empresa, com tudo incluso, alimenta\u00e7\u00e3o, transporte e monitoria, al\u00e9m do impacto intelectual e social que gera aos jovens, se torna uma op\u00e7\u00e3o de lazer para as escolas p\u00fablicas de S\u00e3o Paulo oferecerem a seus alunos.<\/p>\n<p>O grupo de Executivos, Empres\u00e1rios e Investidores tamb\u00e9m se re\u00fanem no Grupo de Elite com o prop\u00f3sito de gerar novos neg\u00f3cios, crescimento pessoal, profissional e financeiro. O Grupo se comunica atrav\u00e9s do WhatsApp e realiza encontros Presenciais e Digitais, al\u00e9m de&nbsp;atividades de viagem, cursos e congressos exclusivos para membros.<\/p>\n<p>Site:&nbsp;<a rel=\"follow noopener\" target='_blank' href='http:\/\/www.academiadelidereselite.com.br' data-mce-target='_blank'>Academia de L\u00edderes Elite<\/a><\/p>\n<p>Website: <a target='_blank' href='http:\/\/www.academiadelidereselite.com.br' rel=\"follow noopener\">http:\/\/www.academiadelidereselite.com.br<\/a><img src='https:\/\/api.dino.com.br\/v2\/news\/tr\/294257' alt='' style='border:0px;width:1px;height:1px' \/><br \/>\nA <b>OESP<\/b> n\u00e3o \u00e9(s\u00e3o) respons\u00e1vel(is) por erros, incorre\u00e7\u00f5es, atrasos ou quaisquer decis\u00f5es tomadas por seus clientes com base nos Conte\u00fados ora disponibilizados, bem como tais Conte\u00fados n\u00e3o representam a opini\u00e3o da <b>OESP<\/b> e s\u00e3o de inteira responsabilidade da <b>Dino Divulgador de Noticias Online Ltda<\/b><\/p>\n","protected":false},"excerpt":{"rendered":"DINO DIVULGADOR DE NOT\u00cdCIAS S\u00e3o Paulo, SP&#8211;(DINO &#8211; 10 out, 2023) &#8211; Com o compromisso de proporcionar novas oportunidades, o Programa de Jovens Elite apresenta uma s\u00e9rie de","protected":false},"author":1,"featured_media":75705,"comment_status":"open","ping_status":"closed","sticky":false,"template":"","format":"standard","meta":{"_acf_changed":false,"inline_featured_image":false,"_monsterinsights_skip_tracking":false,"_monsterinsights_sitenote_active":false,"_monsterinsights_sitenote_note":"","_monsterinsights_sitenote_category":0,"footnotes":""},"categories":[34],"tags":[],"class_list":["post-75704","post","type-post","status-publish","format-standard","has-post-thumbnail","hentry","category-releases-geral"],"acf":[],"_links":{"self":[{"href":"https:\/\/bluestudio.estadao.com.br\/agencia-de-comunicacao\/wp-json\/wp\/v2\/posts\/75704","targetHints":{"allow":["GET"]}}],"collection":[{"href":"https:\/\/bluestudio.estadao.com.br\/agencia-de-comunicacao\/wp-json\/wp\/v2\/posts"}],"about":[{"href":"https:\/\/bluestudio.estadao.com.br\/agencia-de-comunicacao\/wp-json\/wp\/v2\/types\/post"}],"author":[{"embeddable":true,"href":"https:\/\/bluestudio.estadao.com.br\/agencia-de-comunicacao\/wp-json\/wp\/v2\/users\/1"}],"replies":[{"embeddable":true,"href":"https:\/\/bluestudio.estadao.com.br\/agencia-de-comunicacao\/wp-json\/wp\/v2\/comments?post=75704"}],"version-history":[{"count":0,"href":"https:\/\/bluestudio.estadao.com.br\/agencia-de-comunicacao\/wp-json\/wp\/v2\/posts\/75704\/revisions"}],"wp:featuredmedia":[{"embeddable":true,"href":"https:\/\/bluestudio.estadao.com.br\/agencia-de-comunicacao\/wp-json\/wp\/v2\/media\/75705"}],"wp:attachment":[{"href":"https:\/\/bluestudio.estadao.com.br\/agencia-de-comunicacao\/wp-json\/wp\/v2\/media?parent=75704"}],"wp:term":[{"taxonomy":"category","embeddable":true,"href":"https:\/\/bluestudio.estadao.com.br\/agencia-de-comunicacao\/wp-json\/wp\/v2\/categories?post=75704"},{"taxonomy":"post_tag","embeddable":true,"href":"https:\/\/bluestudio.estadao.com.br\/agencia-de-comunicacao\/wp-json\/wp\/v2\/tags?post=75704"}],"curies":[{"name":"wp","href":"https:\/\/api.w.org\/{rel}","templated":true}]}}