{"id":75325,"date":"2023-10-06T11:39:00","date_gmt":"2023-10-06T14:39:00","guid":{"rendered":"https:\/\/bluestudio.estadao.com.br\/agencia-de-comunicacao\/releases\/releases-geral\/congresso-de-ti-e-evoluti-pro-se-unem-em-2023-para-uma-jornada-tecnologica\/"},"modified":"2023-10-06T11:39:00","modified_gmt":"2023-10-06T14:39:00","slug":"congresso-de-ti-e-evoluti-pro-se-unem-em-2023-para-uma-jornada-tecnologica","status":"publish","type":"post","link":"https:\/\/bluestudio.estadao.com.br\/agencia-de-comunicacao\/releases\/releases-geral\/congresso-de-ti-e-evoluti-pro-se-unem-em-2023-para-uma-jornada-tecnologica\/","title":{"rendered":"Congresso de TI e EvoluTI Pro se unem em 2023 para uma jornada tecnol\u00f3gica"},"content":{"rendered":"<p><b>DINO DIVULGADOR DE NOT\u00cdCIAS<\/b><\/p>\n<p>S\u00e3o Paulo-SP&#8211;(<a target='_blank' href='http:\/\/www.dino.com.br' rel=\"noopener\">DINO<\/a> &#8211; 06 out, 2023) &#8211; <\/p>\n<p class='paragraph' style='vertical-align: baseline'>O Congresso de TI ter&aacute; sua 10&ordf; edi&ccedil;&atilde;o agendada para os dias 4 e 5 de dezembro, numa experi&ecirc;ncia completamente online. Este ano contar&aacute; com a participa&ccedil;&atilde;o de mais de 60 palestrantes, garantindo mais de 30 horas de conte&uacute;do ao vivo, distribu&iacute;das em 8 trilhas de aprendizado, com os pain&eacute;is exclusivos e certificado digital.&nbsp;<\/p>\n<p class='paragraph' style='vertical-align: baseline'>O EvoluTI Pro encerra 2023 no dia 6 de dezembro em um evento presencial para mais de 350 participantes no Cubo Ita&uacute;.<\/p>\n<p class='paragraph' style='vertical-align: baseline'>A velocidade do avan&ccedil;o tecnol&oacute;gico tem impulsionado uma s&eacute;rie de inova&ccedil;&otilde;es no mercado e a din&acirc;mica das colabora&ccedil;&otilde;es em equipe tem se revelado como um catalisador de sucesso para in&uacute;meras empresas.&nbsp;<\/p>\n<p class='paragraph' style='vertical-align: baseline'>Essa abordagem tem o objetivo de concentrar os esfor&ccedil;os na democratiza&ccedil;&atilde;o da tecnologia com a realiza&ccedil;&atilde;o de um evento inteiramente online e outro com intera&ccedil;&atilde;o presencial.&nbsp;<\/p>\n<p class='paragraph' style='vertical-align: baseline'>O mercado dessas iniciativas tem registrado um crescimento constante a cada edi&ccedil;&atilde;o e tem com p&uacute;blico-alvo estudantes de tecnologia, empresas do setor que buscam capacitar e aprimorar seus profissionais e tamb&eacute;m os veteranos do mercado em busca de aprimoramento e aprendizado em diversas vertentes da atua&ccedil;&atilde;o tecnol&oacute;gica.&nbsp;<\/p>\n<p class='paragraph' style='vertical-align: baseline'>Servi&ccedil;o<\/p>\n<p class='paragraph' style='vertical-align: baseline'>Inscri&ccedil;&atilde;o Congresso de TI &#8211;&nbsp;<a target='_blank' href='https:\/\/congressodeti.com.br\/10-edicao\/&nbsp;' rel=\"follow noopener\">https:\/\/congressodeti.com.br\/10-edicao\/&nbsp;<\/a><\/p>\n<p class='paragraph' style='vertical-align: baseline'>Inscri&ccedil;&atilde;o EvoluTI Pro &#8211;&nbsp;<a target='_blank' href='https:\/\/evoluti.pro\/' rel=\"follow noopener\">https:\/\/evoluti.pro\/<\/a><\/p>\n<p>Website: <a target='_blank' href='https:\/\/www.witec.com.br' rel=\"follow noopener\">https:\/\/www.witec.com.br<\/a><img src='https:\/\/api.dino.com.br\/v2\/news\/tr\/293990' alt='' style='border:0px;width:1px;height:1px' \/><br \/>\nA <b>OESP<\/b> n\u00e3o \u00e9(s\u00e3o) respons\u00e1vel(is) por erros, incorre\u00e7\u00f5es, atrasos ou quaisquer decis\u00f5es tomadas por seus clientes com base nos Conte\u00fados ora disponibilizados, bem como tais Conte\u00fados n\u00e3o representam a opini\u00e3o da <b>OESP<\/b> e s\u00e3o de inteira responsabilidade da <b>Dino Divulgador de Noticias Online Ltda<\/b><\/p>\n","protected":false},"excerpt":{"rendered":"DINO DIVULGADOR DE NOT\u00cdCIAS S\u00e3o Paulo-SP&#8211;(DINO &#8211; 06 out, 2023) &#8211; O Congresso de TI ter&aacute; sua 10&ordf; edi&ccedil;&atilde;o agendada para os dias 4 e 5 de dezembro, numa","protected":false},"author":1,"featured_media":75326,"comment_status":"open","ping_status":"closed","sticky":false,"template":"","format":"standard","meta":{"_acf_changed":false,"inline_featured_image":false,"_monsterinsights_skip_tracking":false,"_monsterinsights_sitenote_active":false,"_monsterinsights_sitenote_note":"","_monsterinsights_sitenote_category":0,"footnotes":""},"categories":[34],"tags":[],"class_list":["post-75325","post","type-post","status-publish","format-standard","has-post-thumbnail","hentry","category-releases-geral"],"acf":[],"_links":{"self":[{"href":"https:\/\/bluestudio.estadao.com.br\/agencia-de-comunicacao\/wp-json\/wp\/v2\/posts\/75325","targetHints":{"allow":["GET"]}}],"collection":[{"href":"https:\/\/bluestudio.estadao.com.br\/agencia-de-comunicacao\/wp-json\/wp\/v2\/posts"}],"about":[{"href":"https:\/\/bluestudio.estadao.com.br\/agencia-de-comunicacao\/wp-json\/wp\/v2\/types\/post"}],"author":[{"embeddable":true,"href":"https:\/\/bluestudio.estadao.com.br\/agencia-de-comunicacao\/wp-json\/wp\/v2\/users\/1"}],"replies":[{"embeddable":true,"href":"https:\/\/bluestudio.estadao.com.br\/agencia-de-comunicacao\/wp-json\/wp\/v2\/comments?post=75325"}],"version-history":[{"count":0,"href":"https:\/\/bluestudio.estadao.com.br\/agencia-de-comunicacao\/wp-json\/wp\/v2\/posts\/75325\/revisions"}],"wp:featuredmedia":[{"embeddable":true,"href":"https:\/\/bluestudio.estadao.com.br\/agencia-de-comunicacao\/wp-json\/wp\/v2\/media\/75326"}],"wp:attachment":[{"href":"https:\/\/bluestudio.estadao.com.br\/agencia-de-comunicacao\/wp-json\/wp\/v2\/media?parent=75325"}],"wp:term":[{"taxonomy":"category","embeddable":true,"href":"https:\/\/bluestudio.estadao.com.br\/agencia-de-comunicacao\/wp-json\/wp\/v2\/categories?post=75325"},{"taxonomy":"post_tag","embeddable":true,"href":"https:\/\/bluestudio.estadao.com.br\/agencia-de-comunicacao\/wp-json\/wp\/v2\/tags?post=75325"}],"curies":[{"name":"wp","href":"https:\/\/api.w.org\/{rel}","templated":true}]}}