{"id":75317,"date":"2023-10-06T11:59:00","date_gmt":"2023-10-06T14:59:00","guid":{"rendered":"https:\/\/bluestudio.estadao.com.br\/agencia-de-comunicacao\/releases\/releases-geral\/pesquisa-77-apontam-danca-como-simbolo-de-luta-social\/"},"modified":"2023-10-06T11:59:00","modified_gmt":"2023-10-06T14:59:00","slug":"pesquisa-77-apontam-danca-como-simbolo-de-luta-social","status":"publish","type":"post","link":"https:\/\/bluestudio.estadao.com.br\/agencia-de-comunicacao\/releases\/releases-geral\/pesquisa-77-apontam-danca-como-simbolo-de-luta-social\/","title":{"rendered":"Pesquisa: 77% apontam dan\u00e7a como s\u00edmbolo de luta social"},"content":{"rendered":"<p><b>DINO DIVULGADOR DE NOT\u00cdCIAS<\/b><\/p>\n<p>Curitiba&#8211;(<a target='_blank' href='http:\/\/www.dino.com.br' rel=\"noopener\">DINO<\/a> &#8211; 06 out, 2023) &#8211;<br \/>\nUma pesquisa realizada entre o dia 31 de agosto e 10 de setembro de 2023 buscou entender como os brasileiros se relacionam com a dan\u00e7a. Promovida pela Anjuss e por influenciadores digitais, o levantamento obteve 2.151 respostas de brasileiros de v\u00e1rios estados. O estudo buscou investigar quais os atributos que a dan\u00e7a oferece aos seus praticantes e n\u00e3o praticantes em termos de representatividade, vit\u00f3ria sobre preconceitos e liberdade de express\u00e3o.<\/p>\n<p>O levantamento identificou que al\u00e9m dos benef\u00edcios f\u00edsicos de dan\u00e7ar, a pr\u00e1tica tamb\u00e9m ressalta atributos psicol\u00f3gicos e identit\u00e1rios, fazendo com que a dan\u00e7a sirva como s\u00edmbolo de luta contra o preconceito, discrimina\u00e7\u00e3o, entre outros.&nbsp;Abaixo est\u00e3o as 6 principais descobertas. A an\u00e1lise completa de cada dado pode ser acessada na p\u00e1gina da <a rel=\"follow noopener\" target='_blank' href='https:\/\/blog.anjuss.com.br\/pesquisa-77-apontam-danca-como-simbolo-de-luta-contra-o-preconceito\/' data-mce-target='_blank'>pesquisa<\/a>.&nbsp;<\/p>\n<ol>\n<li><strong>77% dos brasileiros acreditam que a dan\u00e7a \u00e9 s\u00edmbolo de luta contra o preconceito<\/strong>.<\/li>\n<li>Esse sentimento \u00e9 ligeiramente maior entre os pretos e pardos que entre as outras etnias. (78% vs 75%).<\/li>\n<li>E mesmo as pessoas que nunca dan\u00e7aram entendem o valor da dan\u00e7a como forma de express\u00e3o (70%).<\/li>\n<li>Mais da metade do p\u00fablico (54%) da pesquisa acredita que a dan\u00e7a interfere positivamente em outras esferas da vida e do cotidiano. Principalmente as respondentes do g\u00eanero feminino (57%).<\/li>\n<li>Rela\u00e7\u00f5es sociais, sa\u00fade mental e f\u00edsica s\u00e3o os principais benef\u00edcios gerados pela dan\u00e7a.<\/li>\n<li><strong>A dan\u00e7a de rua, em particular, \u00e9 apontada como foco de discrimina\u00e7\u00e3o por mais de 70% dos respondentes.<\/strong><\/li>\n<\/ol>\n<p><strong>Contra o preconceito, eu dan\u00e7o<\/strong><\/p>\n<p>Uma significativa propor\u00e7\u00e3o dos brasileiros, cerca de 77%, v\u00ea a dan\u00e7a como um poderoso s\u00edmbolo de luta contra o preconceito. Este n\u00famero, em si, apresenta uma prova do impacto cultural e social que a dan\u00e7a tem na sociedade. Notadamente, essa percep\u00e7\u00e3o \u00e9 ainda mais forte entre os respondentes que se identificam como negros, dado que 81,1% concordam com esta afirma\u00e7\u00e3o.<\/p>\n<p><strong>Lugar de fala. Lugar de dan\u00e7a<\/strong><\/p>\n<p>Ao analisar mais detalhadamente as respostas, foram identificadas nuances nas percep\u00e7\u00f5es entre diferentes grupos \u00e9tnicos. Enquanto 78% dos respondentes que se identificam como pretos e pardos veem a dan\u00e7a como um s\u00edmbolo contra o preconceito, esta propor\u00e7\u00e3o \u00e9 ligeiramente menor, 75%, entre outras etnias. Este insight destaca a import\u00e2ncia da dan\u00e7a como meio de express\u00e3o e resist\u00eancia, particularmente para comunidades marginalizadas.<\/p>\n<p><strong>Mesmo quem n\u00e3o dan\u00e7a \u00e9 impactado pela dan\u00e7a<\/strong><\/p>\n<p>A cultura brasileira \u00e9 rica em tradi\u00e7\u00f5es de dan\u00e7a, desde o samba ao forr\u00f3. Mesmo aqueles que n\u00e3o dan\u00e7am ativamente s\u00e3o frequentemente expostos a estas tradi\u00e7\u00f5es, seja em festas, carnavais ou celebra\u00e7\u00f5es familiares. A percep\u00e7\u00e3o de 70,75% de que a dan\u00e7a \u00e9 uma forma de express\u00e3o reflete essa imers\u00e3o cultural.<\/p>\n<p><strong>Dan\u00e7a de rua \u00e9 discriminada<\/strong><\/p>\n<p>Apesar dos muitos benef\u00edcios e do valor inerente da dan\u00e7a, a pesquisa tamb\u00e9m revelou um outro lado. A dan\u00e7a de rua, em particular, \u00e9 percebida como um foco de discrimina\u00e7\u00e3o por uma esmagadora maioria dos respondentes &#8211; mais de 70%. Este dado ressalta a necessidade de mais inclus\u00e3o e aceita\u00e7\u00e3o na sociedade, reconhecendo a dan\u00e7a de rua como uma forma leg\u00edtima e valiosa de arte e express\u00e3o.<\/p>\n<p><strong>A avalia\u00e7\u00e3o<\/strong><\/p>\n<div>Luiza Boiko, diretora criativa da Anjuss, avaliou a pesquisa e os resultados atingidos. &#8216;Sempre trabalhamos muito focados no p\u00fablico jovem, tentando ao m\u00e1ximo ouvi-los e entender seus movimentos. Vimos na pesquisa que o fato de dan\u00e7ar ressalta posicionamentos como luta contra o preconceito, liberdade de express\u00e3o, forma\u00e7\u00e3o de identidade, sa\u00fade mental e outros.&nbsp;Um dado que choca na pesquisa, \u00e9 que mais de 70% diz que a dan\u00e7a de rua \u00e9 percebida como um foco de discrimina\u00e7\u00e3o. Este dado ressalta a necessidade de mais inclus\u00e3o e aceita\u00e7\u00e3o na sociedade, reconhecendo a dan\u00e7a de rua como uma forma leg\u00edtima e valiosa de arte, representatividade e express\u00e3o&#8217;.&nbsp;<\/div>\n<p><strong>A pesquisa<\/strong><\/p>\n<p>Essa pesquisa foi realizada de forma on-line do dia 31 de agosto a 10 de setembro e obteve 2.151 respostas. O levantamento contou com pesquisas de m\u00faltipla escolha e n\u00e3o continha nenhuma limita\u00e7\u00e3o de regi\u00e3o, faixa et\u00e1ria ou crit\u00e9rio econ\u00f4mico ou social.<\/p>\n<p>Para conferir todos os resultados da pesquisa \u00e9 preciso entrar em&nbsp;https:\/\/blog.anjuss.com.br\/pesquisa-77-apontam-danca-como-simbolo-de-luta-contra-o-preconceito\/<\/p>\n<\/p>\n<p>Website: <a target='_blank' href='https:\/\/blog.anjuss.com.br\/pesquisa-77-apontam-danca-como-simbolo-de-luta-contra-o-preconceito\/' rel=\"follow noopener\">https:\/\/blog.anjuss.com.br\/pesquisa-77-apontam-danca-como-simbolo-de-luta-contra-o-preconceito\/<\/a><img src='https:\/\/api.dino.com.br\/v2\/news\/tr\/282742' alt='' style='border:0px;width:1px;height:1px' \/><br \/>\nA <b>OESP<\/b> n\u00e3o \u00e9(s\u00e3o) respons\u00e1vel(is) por erros, incorre\u00e7\u00f5es, atrasos ou quaisquer decis\u00f5es tomadas por seus clientes com base nos Conte\u00fados ora disponibilizados, bem como tais Conte\u00fados n\u00e3o representam a opini\u00e3o da <b>OESP<\/b> e s\u00e3o de inteira responsabilidade da <b>Dino Divulgador de Noticias Online Ltda<\/b><\/p>\n","protected":false},"excerpt":{"rendered":"DINO DIVULGADOR DE NOT\u00cdCIAS Curitiba&#8211;(DINO &#8211; 06 out, 2023) &#8211; Uma pesquisa realizada entre o dia 31 de agosto e 10 de setembro de 2023 buscou entender como os brasileiros se","protected":false},"author":1,"featured_media":75318,"comment_status":"open","ping_status":"closed","sticky":false,"template":"","format":"standard","meta":{"_acf_changed":false,"inline_featured_image":false,"_monsterinsights_skip_tracking":false,"_monsterinsights_sitenote_active":false,"_monsterinsights_sitenote_note":"","_monsterinsights_sitenote_category":0,"footnotes":""},"categories":[34],"tags":[],"class_list":["post-75317","post","type-post","status-publish","format-standard","has-post-thumbnail","hentry","category-releases-geral"],"acf":[],"_links":{"self":[{"href":"https:\/\/bluestudio.estadao.com.br\/agencia-de-comunicacao\/wp-json\/wp\/v2\/posts\/75317","targetHints":{"allow":["GET"]}}],"collection":[{"href":"https:\/\/bluestudio.estadao.com.br\/agencia-de-comunicacao\/wp-json\/wp\/v2\/posts"}],"about":[{"href":"https:\/\/bluestudio.estadao.com.br\/agencia-de-comunicacao\/wp-json\/wp\/v2\/types\/post"}],"author":[{"embeddable":true,"href":"https:\/\/bluestudio.estadao.com.br\/agencia-de-comunicacao\/wp-json\/wp\/v2\/users\/1"}],"replies":[{"embeddable":true,"href":"https:\/\/bluestudio.estadao.com.br\/agencia-de-comunicacao\/wp-json\/wp\/v2\/comments?post=75317"}],"version-history":[{"count":0,"href":"https:\/\/bluestudio.estadao.com.br\/agencia-de-comunicacao\/wp-json\/wp\/v2\/posts\/75317\/revisions"}],"wp:featuredmedia":[{"embeddable":true,"href":"https:\/\/bluestudio.estadao.com.br\/agencia-de-comunicacao\/wp-json\/wp\/v2\/media\/75318"}],"wp:attachment":[{"href":"https:\/\/bluestudio.estadao.com.br\/agencia-de-comunicacao\/wp-json\/wp\/v2\/media?parent=75317"}],"wp:term":[{"taxonomy":"category","embeddable":true,"href":"https:\/\/bluestudio.estadao.com.br\/agencia-de-comunicacao\/wp-json\/wp\/v2\/categories?post=75317"},{"taxonomy":"post_tag","embeddable":true,"href":"https:\/\/bluestudio.estadao.com.br\/agencia-de-comunicacao\/wp-json\/wp\/v2\/tags?post=75317"}],"curies":[{"name":"wp","href":"https:\/\/api.w.org\/{rel}","templated":true}]}}