{"id":75297,"date":"2023-10-06T09:44:00","date_gmt":"2023-10-06T12:44:00","guid":{"rendered":"https:\/\/bluestudio.estadao.com.br\/agencia-de-comunicacao\/releases\/releases-geral\/planos-veem-dificuldade-apesar-de-aumento-de-beneficiarios\/"},"modified":"2023-10-06T09:44:00","modified_gmt":"2023-10-06T12:44:00","slug":"planos-veem-dificuldade-apesar-de-aumento-de-beneficiarios","status":"publish","type":"post","link":"https:\/\/bluestudio.estadao.com.br\/agencia-de-comunicacao\/releases\/releases-geral\/planos-veem-dificuldade-apesar-de-aumento-de-beneficiarios\/","title":{"rendered":"Planos veem dificuldade, apesar de aumento de benefici\u00e1rios"},"content":{"rendered":"<p><b>DINO DIVULGADOR DE NOT\u00cdCIAS<\/b><\/p>\n<p>S\u00e3o Paulo, SP&#8211;(<a target='_blank' href='http:\/\/www.dino.com.br' rel=\"noopener\">DINO<\/a> &#8211; 06 out, 2023) &#8211;<br \/>\nAs operadoras de planos de sa&uacute;de relatam dificuldades em equilibrar as contas do setor, sobretudo por conta da sinistralidade, que fechou o primeiro trimestre de 2023 em 87,2%. O <a rel=\"follow noopener\" target='_blank' href='https:\/\/www.gov.br\/ans\/pt-br\/assuntos\/noticias\/numeros-do-setor\/ans-divulga-dados-economico-financeiros-relativos-ao-1o-trimestre-de-2023'>&iacute;ndice<\/a> &eacute; apontado pela Ag&ecirc;ncia Nacional de Sa&uacute;de Suplementar (ANS) como o principal motivo do resultado operacional das operadoras m&eacute;dico-hospitalares, que tiveram um d&eacute;ficit de R$ 1,7 bilh&atilde;o no mesmo per&iacute;odo.<\/p>\n<p>O in&iacute;cio de 2023 tamb&eacute;m foi marcado pelo aumento no n&uacute;mero de benefici&aacute;rios dos planos de sa&uacute;de. De acordo com a ANS, o <a rel=\"follow noopener\" target='_blank' href='https:\/\/www.gov.br\/ans\/pt-br\/assuntos\/noticias\/numeros-do-setor\/setor-fecha-2022-com-50-5-milhoes-de-beneficiarios-em-planos-de-assistencia-medica'>setor fechou 2022<\/a> com 50.493.061 de benefici&aacute;rios, o maior desde 2014, e nos <a rel=\"follow noopener\" target='_blank' href='https:\/\/www.gov.br\/ans\/pt-br\/assuntos\/noticias\/numeros-do-setor\/junho-setor-registra-50-8-milhoes-de-beneficiarios-em-planos-de-assistencia-medica#:~:text=A%20Ag%C3%AAncia%20Nacional%20de%20Sa%C3%BAde,em%20planos%20de%20assist%C3%AAncia%20m%C3%A9dica.'>primeiros seis meses de 2023<\/a> esse n&uacute;mero subiu para 50.763.871. Apesar disso, a ag&ecirc;ncia reguladora afirma que mais de <a rel=\"follow noopener\" target='_blank' href='https:\/\/app.powerbi.com\/view?r=eyJrIjoiNjRiYTM0MjUtYjFhMy00NTI3LWE4ZGQtMDg4YzdlMzYwZjViIiwidCI6IjlkYmE0ODBjLTRmYTctNDJmNC1iYmEzLTBmYjEzNzVmYmU1ZiJ9'>87% das receitas<\/a> advindas das mensalidades s&atilde;o &ldquo;consumidas&rdquo; com as despesas assistenciais.<\/p>\n<p><strong>Equil&iacute;brio das contas dos planos de sa&uacute;de<\/strong><\/p>\n<p>A ANS aponta que o &iacute;ndice de <a rel=\"follow noopener\" target='_blank' href='https:\/\/youtu.be\/lk1sIZuUR_4'>sinistralidade<\/a> chegou ao n&iacute;vel recorde de 90,3% no terceiro trimestre de 2022. De acordo com a ag&ecirc;ncia, os altos patamares foram observados ap&oacute;s a pandemia da Covid-19 em raz&atilde;o da lenta recomposi&ccedil;&atilde;o das receitas das operadoras. Antes, nos primeiros trimestres de 2018 e 2019, n&atilde;o superava os 82%.&nbsp;<\/p>\n<p>No entanto, a pr&oacute;pria ANS reconheceu que o n&iacute;vel da sinistralidade est&aacute; recuando. &ldquo;Sobre este aspecto, cabe ressaltar que neste trimestre foi observada revers&atilde;o dessa tend&ecirc;ncia, com a receita (ajustada pela infla&ccedil;&atilde;o do per&iacute;odo observado) subindo mais que a despesa assistencial (tamb&eacute;m ajustada pela infla&ccedil;&atilde;o)&rdquo;, afirmou a ag&ecirc;ncia em nota.<\/p>\n<p>Al&eacute;m disso, os lucros oriundos das aplica&ccedil;&otilde;es financeiras das operadoras compensaram o preju&iacute;zo do setor, <a rel=\"follow noopener\" target='_blank' href='https:\/\/www.gov.br\/ans\/pt-br\/assuntos\/noticias\/numeros-do-setor\/ans-divulga-dados-economico-financeiros-relativos-ao-1o-trimestre-de-2023'>segundo a ANS<\/a>. &ldquo;Esse preju&iacute;zo operacional foi compensado pelo resultado financeiro recorde de R$ 2,5 bilh&otilde;es advindo da remunera&ccedil;&atilde;o das suas aplica&ccedil;&otilde;es financeiras, que acumulam ao final do per&iacute;odo pouco mais de R$ 102,6 bilh&otilde;es&rdquo;, relatou.<\/p>\n<p><strong>Maior parte dos benefici&aacute;rios paga mais<\/strong><\/p>\n<p>O professor da p&oacute;s-gradua&ccedil;&atilde;o em Direito M&eacute;dico e Hospitalar da USP de Ribeir&atilde;o Preto e <a rel=\"follow noopener\" target='_blank' href='https:\/\/www.eltonfernandes.com.br\/acao-contra-plano-de-saude-advogado'>advogado especialista em plano de sa&uacute;de<\/a>, Elton Fernandes, lembra ainda que a maior parte dos benefici&aacute;rios possuem planos coletivos empresariais e por ades&atilde;o, que t&ecirc;m os maiores reajustes, j&aacute; que n&atilde;o est&atilde;o sujeitos ao limite imposto pela ANS. &ldquo;O que houve no mercado foi uma falsa coletiviza&ccedil;&atilde;o. Deixaram de vender planos de sa&uacute;de familiares para comercializar contratos empresariais. Isso parece irrelevante, mas aumenta significativamente o custo de se manter nesse plano de sa&uacute;de, pois os reajustes dos planos empresariais s&atilde;o muito superiores aos dos planos individuais e familiares&rdquo;, ressalta.<\/p>\n<p>Atualmente, 35 milh&otilde;es de benefici&aacute;rios de planos de sa&uacute;de possuem contratos empresariais e 6 milh&otilde;es t&ecirc;m planos coletivos por ades&atilde;o, segundo <a rel=\"follow noopener\" target='_blank' href='https:\/\/www.gov.br\/ans\/pt-br\/assuntos\/noticias\/numeros-do-setor\/junho-setor-registra-50-8-milhoes-de-beneficiarios-em-planos-de-assistencia-medica#:~:text=A%20Ag%C3%AAncia%20Nacional%20de%20Sa%C3%BAde,em%20planos%20de%20assist%C3%AAncia%20m%C3%A9dica.'>dados da ANS referentes a junho de 2023<\/a>. Esse contingente representa cerca de 81% dos 50.763.871 benefici&aacute;rios de planos de sa&uacute;de.<\/p>\n<p>Em 2023, a ANS estipulou o limite de 9,63% de <a rel=\"follow noopener\" target='_blank' href='https:\/\/www.eltonfernandes.com.br\/reajuste-do-plano-de-saude-2023-como-se-defender-de-aumentos-abusivos'>reajuste para os planos de sa&uacute;de<\/a> individuais e familiares. Os planos coletivos empresariais e por ades&atilde;o, no entanto, n&atilde;o seguem esse percentual, com <a rel=\"follow noopener\" target='_blank' href='https:\/\/app.powerbi.com\/view?r=eyJrIjoiNjU5NGM1Y2YtMjY1OC00NGNkLTllOGYtYTIxM2JiMmIyZTU3IiwidCI6IjlkYmE0ODBjLTRmYTctNDJmNC1iYmEzLTBmYjEzNzVmYmU1ZiJ9'>aumentos superiores a 20%<\/a>.&nbsp;<\/p>\n<p>O advogado Elton Fernandes explica que a outra raz&atilde;o para os <a rel=\"follow noopener\" target='_blank' href='https:\/\/youtu.be\/ykQEzYExfJI'>planos individuais<\/a> e familiares terem sumido do mercado &eacute; tamb&eacute;m porque esses contratos possuem maior restri&ccedil;&atilde;o &agrave; possibilidade de encerramento pela operadora. &ldquo;Um plano individual ou familiar s&oacute; pode ser encerrado por fraude ou inadimpl&ecirc;ncia, ao passo que nos planos coletivos a operadora poderia, em tese, optar por rescindir unilateralmente sem qualquer motiva&ccedil;&atilde;o. Isso tem sido revisto pela Justi&ccedil;a, sobretudo para os planos empresariais em que neles consta uma fam&iacute;lia, pois s&atilde;o o que chamamos de falso plano coletivo&rdquo;, pondera Elton Fernandes.<\/p>\n<p>Website: <a target='_blank' href='http:\/\/www.eltonfernandes.com.br' rel=\"follow noopener\">http:\/\/www.eltonfernandes.com.br<\/a><img src='https:\/\/api.dino.com.br\/v2\/news\/tr\/279289' alt='' style='border:0px;width:1px;height:1px' \/><br \/>\nA <b>OESP<\/b> n\u00e3o \u00e9(s\u00e3o) respons\u00e1vel(is) por erros, incorre\u00e7\u00f5es, atrasos ou quaisquer decis\u00f5es tomadas por seus clientes com base nos Conte\u00fados ora disponibilizados, bem como tais Conte\u00fados n\u00e3o representam a opini\u00e3o da <b>OESP<\/b> e s\u00e3o de inteira responsabilidade da <b>Dino Divulgador de Noticias Online Ltda<\/b><\/p>\n","protected":false},"excerpt":{"rendered":"DINO DIVULGADOR DE NOT\u00cdCIAS S\u00e3o Paulo, SP&#8211;(DINO &#8211; 06 out, 2023) &#8211; As operadoras de planos de sa&uacute;de relatam dificuldades em equilibrar as contas do setor, sobretudo por conta","protected":false},"author":1,"featured_media":75298,"comment_status":"open","ping_status":"closed","sticky":false,"template":"","format":"standard","meta":{"_acf_changed":false,"inline_featured_image":false,"_monsterinsights_skip_tracking":false,"_monsterinsights_sitenote_active":false,"_monsterinsights_sitenote_note":"","_monsterinsights_sitenote_category":0,"footnotes":""},"categories":[34],"tags":[],"class_list":["post-75297","post","type-post","status-publish","format-standard","has-post-thumbnail","hentry","category-releases-geral"],"acf":[],"_links":{"self":[{"href":"https:\/\/bluestudio.estadao.com.br\/agencia-de-comunicacao\/wp-json\/wp\/v2\/posts\/75297","targetHints":{"allow":["GET"]}}],"collection":[{"href":"https:\/\/bluestudio.estadao.com.br\/agencia-de-comunicacao\/wp-json\/wp\/v2\/posts"}],"about":[{"href":"https:\/\/bluestudio.estadao.com.br\/agencia-de-comunicacao\/wp-json\/wp\/v2\/types\/post"}],"author":[{"embeddable":true,"href":"https:\/\/bluestudio.estadao.com.br\/agencia-de-comunicacao\/wp-json\/wp\/v2\/users\/1"}],"replies":[{"embeddable":true,"href":"https:\/\/bluestudio.estadao.com.br\/agencia-de-comunicacao\/wp-json\/wp\/v2\/comments?post=75297"}],"version-history":[{"count":0,"href":"https:\/\/bluestudio.estadao.com.br\/agencia-de-comunicacao\/wp-json\/wp\/v2\/posts\/75297\/revisions"}],"wp:featuredmedia":[{"embeddable":true,"href":"https:\/\/bluestudio.estadao.com.br\/agencia-de-comunicacao\/wp-json\/wp\/v2\/media\/75298"}],"wp:attachment":[{"href":"https:\/\/bluestudio.estadao.com.br\/agencia-de-comunicacao\/wp-json\/wp\/v2\/media?parent=75297"}],"wp:term":[{"taxonomy":"category","embeddable":true,"href":"https:\/\/bluestudio.estadao.com.br\/agencia-de-comunicacao\/wp-json\/wp\/v2\/categories?post=75297"},{"taxonomy":"post_tag","embeddable":true,"href":"https:\/\/bluestudio.estadao.com.br\/agencia-de-comunicacao\/wp-json\/wp\/v2\/tags?post=75297"}],"curies":[{"name":"wp","href":"https:\/\/api.w.org\/{rel}","templated":true}]}}