{"id":75195,"date":"2023-10-05T13:15:00","date_gmt":"2023-10-05T16:15:00","guid":{"rendered":"https:\/\/bluestudio.estadao.com.br\/agencia-de-comunicacao\/releases\/releases-geral\/retinoblastoma-lei-garante-direitos-as-pessoas-com-a-doenca\/"},"modified":"2023-10-05T13:15:00","modified_gmt":"2023-10-05T16:15:00","slug":"retinoblastoma-lei-garante-direitos-as-pessoas-com-a-doenca","status":"publish","type":"post","link":"https:\/\/bluestudio.estadao.com.br\/agencia-de-comunicacao\/releases\/releases-geral\/retinoblastoma-lei-garante-direitos-as-pessoas-com-a-doenca\/","title":{"rendered":"Retinoblastoma: lei garante direitos \u00e0s pessoas com a doen\u00e7a"},"content":{"rendered":"<p><b>DINO DIVULGADOR DE NOT\u00cdCIAS<\/b><\/p>\n<p>(<a target='_blank' href='http:\/\/www.dino.com.br' rel=\"noopener\">DINO<\/a> &#8211; 05 out, 2023) &#8211;<br \/>\nNo dia 18 de setembro comemorou-se o Dia Nacional de Conscientiza&ccedil;&atilde;o e Incentivo ao Diagn&oacute;stico Precoce do Retinoblastoma, c&acirc;ncer ocular de dif&iacute;cil identifica&ccedil;&atilde;o e que acomete principalmente crian&ccedil;as, chegando a uma m&eacute;dia de 400 casos por ano no Brasil segundo <a rel=\"follow noopener\" target='_blank' href='https:\/\/www.gov.br\/saude\/pt-br\/assuntos\/noticias\/2022\/fevereiro\/retinoblastoma-diagnostico-precoce-previne-cegueira-infantil#:~:text=A%20incid%C3%AAncia%20%C3%A9%20maior%20at%C3%A9,chances%20de%20preserva%C3%A7%C3%A3o%20da%20vis%C3%A3o.'>dados do Minist&eacute;rio da Sa&uacute;de<\/a>.&nbsp;<\/p>\n<p>A data simboliza um lembrete para a sociedade em geral sobre a import&acirc;ncia do acompanhamento, j&aacute; que a doen&ccedil;a pode ser identificada pelo &ldquo;Teste do Olhinho&rdquo;, um exame oftalmol&oacute;gico simples realizado em rec&eacute;m-nascidos, garantindo um diagn&oacute;stico precoce, que por sua vez pode garantir um tratamento eficaz e salvar vidas.&nbsp;&nbsp;<\/p>\n<p>Recentemente, o apresentador Tiago Leifert, que possui uma filha com a patologia, tamb&eacute;m trouxe &agrave; tona o caso e promoveu a campanha <a rel=\"follow noopener\" target='_blank' href='https:\/\/portal.cfm.org.br\/noticias\/para-ajudar-no-diagnostico-precoce-do-retinoblastoma-cfm-apoia-2a-edicao-da-campanha-de-olho-nos-olhinhos\/'>&#8216;De olho nos olhinhos&#8217;<\/a>, com o intuito de chamar aten&ccedil;&atilde;o para a doen&ccedil;a e ajudar na descoberta precoce de outras crian&ccedil;as, j&aacute; que os sintomas costumam ser silenciosos.<\/p>\n<p>A <a rel=\"follow noopener\" target='_blank' href='https:\/\/www.planalto.gov.br\/ccivil_03\/_ato2015-2018\/2015\/lei\/l13146.htm'>Lei Brasileira de Inclus&atilde;o (Lei n&ordm; 13.146\/2015)<\/a> assegura direitos e prote&ccedil;&atilde;o &agrave;s pessoas com defici&ecirc;ncia e pode ser em prol das que precisam ter acesso ao tratamento adequado para o Retinoblastoma. O advogado <a rel=\"follow noopener\" target='_blank' href='https:\/\/www.instagram.com\/andrebeschizza\/'>Andr&eacute; Beschizza<\/a> explica que embora a lei tenha como foco principal a promo&ccedil;&atilde;o da inclus&atilde;o e igualdade de oportunidades para pessoas com defici&ecirc;ncia nas mais diversas esferas, ela tamb&eacute;m pode ser relevante para aquelas que enfrentam enfermidades &#8211; como o caso do retinoblastoma.<\/p>\n<p>&ldquo;A legisla&ccedil;&atilde;o garante amparo legal para garantir acesso a servi&ccedil;os de sa&uacute;de, tratamentos e terapias adequadas, contribuindo, diretamente, para melhorar a qualidade de vida e o bem-estar das pessoas afetadas por condi&ccedil;&otilde;es de sa&uacute;de, incluindo o retinoblastoma&rdquo;, explica Beschizza.<\/p>\n<p>O advogado refor&ccedil;a que, crian&ccedil;as diagnosticadas com retinoblastoma e suas fam&iacute;lias t&ecirc;m direito ao <a rel=\"follow noopener\" target='_blank' href='https:\/\/andrebeschizza.com.br\/bpc-quem-tem-direito\/'>Benef&iacute;cio de Presta&ccedil;&atilde;o Continuada (BPC)<\/a>, um aux&iacute;lio de assist&ecirc;ncia social destinado a pessoas com defici&ecirc;ncia e idosos em situa&ccedil;&atilde;o de vulnerabilidade socioecon&ocirc;mica fornecidos pelo INSS por meio da LOAS (Lei Org&acirc;nica da Assist&ecirc;ncia Social). Para isto, s&atilde;o necess&aacute;rios alguns requisitos:<\/p>\n<ul>\n<li style='font-weight: 400'>Comprovar a incapacidade da crian&ccedil;a para a vida independente ou de longa dura&ccedil;&atilde;o, o que &eacute; geralmente atendido devido &agrave; condi&ccedil;&atilde;o de sa&uacute;de.<\/li>\n<li style='font-weight: 400'>Apresentar impedimentos de longo prazo de natureza f&iacute;sica, mental, intelectual ou sensorial.<\/li>\n<li style='font-weight: 400'>N&atilde;o ter meios de prover sua subsist&ecirc;ncia ou de t&ecirc;-la provida por sua fam&iacute;lia.<\/li>\n<li style='font-weight: 400'>Comprovar a condi&ccedil;&atilde;o de risco (vulnerabilidade) social, ou seja, n&atilde;o ter meios de prover a pr&oacute;pria subsist&ecirc;ncia, nem de t&ecirc;-la provida por sua fam&iacute;lia.<\/li>\n<li style='font-weight: 400'>Ter renda familiar per capita inferior a 1\/4 do sal&aacute;rio m&iacute;nimo vigente.<\/li>\n<li style='font-weight: 400'>N&atilde;o receber outros benef&iacute;cios previdenci&aacute;rios.<\/li>\n<\/ul>\n<p>Apesar da disponibilidade, &eacute; importante destacar que o Benef&iacute;cio de Presta&ccedil;&atilde;o Continuada (BPC) n&atilde;o &eacute; vital&iacute;cio. &ldquo;O BPC pode ser suspenso ou cancelado, atrav&eacute;s da revis&atilde;o do <a rel=\"follow noopener\" target='_blank' href='https:\/\/andrebeschizza.com.br\/pente-fino-inss-2022\/'>Pente-Fino<\/a>, e, tamb&eacute;m se houver qualquer mudan&ccedil;a na condi&ccedil;&atilde;o do benefici&aacute;rio ou se ele deixar de atender aos requisitos necess&aacute;rios.&rdquo; complementa Beschizza.<\/p>\n<p>Para saber mais sobre o assunto, basta acessar: <a rel=\"follow noopener\" target='_blank' href='https:\/\/andrebeschizza.com.br'>https:\/\/andrebeschizza.com.br<\/a> <a rel=\"follow noopener\" target='_blank' href='https:\/\/andrebeschizza.com.br\/retinoblastoma\/'>https:\/\/andrebeschizza.com.br\/retinoblastoma\/<\/a><\/p>\n<p>A <b>OESP<\/b> n\u00e3o \u00e9(s\u00e3o) respons\u00e1vel(is) por erros, incorre\u00e7\u00f5es, atrasos ou quaisquer decis\u00f5es tomadas por seus clientes com base nos Conte\u00fados ora disponibilizados, bem como tais Conte\u00fados n\u00e3o representam a opini\u00e3o da <b>OESP<\/b> e s\u00e3o de inteira responsabilidade da <b>Dino Divulgador de Noticias Online Ltda<\/b><\/p>\n","protected":false},"excerpt":{"rendered":"DINO DIVULGADOR DE NOT\u00cdCIAS (DINO &#8211; 05 out, 2023) &#8211; No dia 18 de setembro comemorou-se o Dia Nacional de Conscientiza&ccedil;&atilde;o e Incentivo ao Diagn&oacute;stico Precoce do","protected":false},"author":1,"featured_media":75196,"comment_status":"open","ping_status":"closed","sticky":false,"template":"","format":"standard","meta":{"_acf_changed":false,"inline_featured_image":false,"_monsterinsights_skip_tracking":false,"_monsterinsights_sitenote_active":false,"_monsterinsights_sitenote_note":"","_monsterinsights_sitenote_category":0,"footnotes":""},"categories":[34],"tags":[],"class_list":["post-75195","post","type-post","status-publish","format-standard","has-post-thumbnail","hentry","category-releases-geral"],"acf":[],"_links":{"self":[{"href":"https:\/\/bluestudio.estadao.com.br\/agencia-de-comunicacao\/wp-json\/wp\/v2\/posts\/75195","targetHints":{"allow":["GET"]}}],"collection":[{"href":"https:\/\/bluestudio.estadao.com.br\/agencia-de-comunicacao\/wp-json\/wp\/v2\/posts"}],"about":[{"href":"https:\/\/bluestudio.estadao.com.br\/agencia-de-comunicacao\/wp-json\/wp\/v2\/types\/post"}],"author":[{"embeddable":true,"href":"https:\/\/bluestudio.estadao.com.br\/agencia-de-comunicacao\/wp-json\/wp\/v2\/users\/1"}],"replies":[{"embeddable":true,"href":"https:\/\/bluestudio.estadao.com.br\/agencia-de-comunicacao\/wp-json\/wp\/v2\/comments?post=75195"}],"version-history":[{"count":0,"href":"https:\/\/bluestudio.estadao.com.br\/agencia-de-comunicacao\/wp-json\/wp\/v2\/posts\/75195\/revisions"}],"wp:featuredmedia":[{"embeddable":true,"href":"https:\/\/bluestudio.estadao.com.br\/agencia-de-comunicacao\/wp-json\/wp\/v2\/media\/75196"}],"wp:attachment":[{"href":"https:\/\/bluestudio.estadao.com.br\/agencia-de-comunicacao\/wp-json\/wp\/v2\/media?parent=75195"}],"wp:term":[{"taxonomy":"category","embeddable":true,"href":"https:\/\/bluestudio.estadao.com.br\/agencia-de-comunicacao\/wp-json\/wp\/v2\/categories?post=75195"},{"taxonomy":"post_tag","embeddable":true,"href":"https:\/\/bluestudio.estadao.com.br\/agencia-de-comunicacao\/wp-json\/wp\/v2\/tags?post=75195"}],"curies":[{"name":"wp","href":"https:\/\/api.w.org\/{rel}","templated":true}]}}