{"id":75147,"date":"2023-10-05T11:44:00","date_gmt":"2023-10-05T14:44:00","guid":{"rendered":"https:\/\/bluestudio.estadao.com.br\/agencia-de-comunicacao\/releases\/releases-geral\/indicador-de-custos-industriais-ici-apresenta-queda\/"},"modified":"2023-10-05T11:44:00","modified_gmt":"2023-10-05T14:44:00","slug":"indicador-de-custos-industriais-ici-apresenta-queda","status":"publish","type":"post","link":"https:\/\/bluestudio.estadao.com.br\/agencia-de-comunicacao\/releases\/releases-geral\/indicador-de-custos-industriais-ici-apresenta-queda\/","title":{"rendered":"Indicador de Custos Industriais (ICI) apresenta queda"},"content":{"rendered":"<p><b>DINO DIVULGADOR DE NOT\u00cdCIAS<\/b><\/p>\n<p>TIJUCAS &#8211; SC&#8211;(<a target='_blank' href='http:\/\/www.dino.com.br' rel=\"noopener\">DINO<\/a> &#8211; 05 out, 2023) &#8211;<br \/>\nO Indicador de Custos Industriais (ICI), conforme <a rel=\"follow noopener\" target='_blank' href='https:\/\/www.portaldaindustria.com.br\/estatisticas\/indicador-de-custos-industriais\/'>dados divulgados pelo Portal da Ind&uacute;stria<\/a>, apresentou uma queda de 2,5% na compara&ccedil;&atilde;o entre o primeiro trimestre de 2023 e o quarto trimestre de 2022. Esta redu&ccedil;&atilde;o nos custos da ind&uacute;stria brasileira despertou a aten&ccedil;&atilde;o de economistas e analistas de mercado.<\/p>\n<p>O (ICI) &eacute; uma m&eacute;trica fundamental para avaliar a competitividade do setor industrial no pa&iacute;s e monitorar os fatores que influenciam os custos de produ&ccedil;&atilde;o das empresas. A queda de 2,5% no ICI no primeiro trimestre de 2023 pode representar uma reviravolta e merece aten&ccedil;&atilde;o cont&iacute;nua por parte de analistas e tomadores de decis&atilde;o do setor.<\/p>\n<p>No que diz respeito ao custo de produ&ccedil;&atilde;o, <a rel=\"follow noopener\" target='_blank' href='https:\/\/static.portaldaindustria.com.br\/media\/filer_public\/24\/81\/24816c1c-48e9-451c-868c-7702bdb1d2aa\/indicadoredecustosindustriais_jan-mar23.pdf'>observou-se no relat&oacute;rio<\/a> uma diminui&ccedil;&atilde;o devido a fatores como a otimiza&ccedil;&atilde;o de processos produtivos, a redu&ccedil;&atilde;o dos pre&ccedil;os de mat&eacute;rias-primas e a melhoria na efici&ecirc;ncia operacional das empresas industriais. Conforme informado no estudo, essas iniciativas foram tomadas em resposta &agrave; crescente competi&ccedil;&atilde;o global e &agrave; necessidade de manter a competitividade no mercado<\/p>\n<p>Jos&eacute; Ant&ocirc;nio Valente, diretor da empresa de <a rel=\"follow noopener\" target='_blank' href='https:\/\/www.transobra.com.br\/'>aluguel de equipamentos para constru&ccedil;&atilde;o civil<\/a> Trans Obra disse que os <a rel=\"follow noopener\" target='_blank' href='https:\/\/static.portaldaindustria.com.br\/media\/filer_public\/24\/81\/24816c1c-48e9-451c-868c-7702bdb1d2aa\/indicadoredecustosindustriais_jan-mar23.pdf'>dados do relat&oacute;rio<\/a> mostram que o custo de produ&ccedil;&atilde;o foi reduzido em 2,9% e o custo tribut&aacute;rio apresentou queda de 4,1%. &ldquo;O estudo nos mostrou que a queda foi influenciada pelo recuo destes dois componentes do ICI. A ind&uacute;stria como um todo deve estar atenta para que, com os dados apresentados, a influ&ecirc;ncia nos resultados dos neg&oacute;cios tenham menor impacto por causa da desacelera&ccedil;&atilde;o econ&ocirc;nima&rdquo;.&nbsp;&nbsp;<\/p>\n<p>Ainda <a rel=\"follow noopener\" target='_blank' href='https:\/\/static.portaldaindustria.com.br\/media\/filer_public\/24\/81\/24816c1c-48e9-451c-868c-7702bdb1d2aa\/indicadoredecustosindustriais_jan-mar23.pdf'>segundo o relat&oacute;rio<\/a>, o atual cen&aacute;rio de desacelera&ccedil;&atilde;o tanto na ind&uacute;stria quanto nos servi&ccedil;os, diversos subcomponentes dos custos de produ&ccedil;&atilde;o experimentaram quedas. A perda de ritmo no crescimento do mercado de trabalho influenciou a redu&ccedil;&atilde;o nos custos com pessoal. O estudo ainda afirma que a diminui&ccedil;&atilde;o da press&atilde;o sobre os pre&ccedil;os de energia desempenhou um papel importante na redu&ccedil;&atilde;o dos custos com energia. A normaliza&ccedil;&atilde;o no fornecimento de insumos e mat&eacute;rias-primas, juntamente com a subsequente diminui&ccedil;&atilde;o dos pre&ccedil;os, tamb&eacute;m foram fatores relevantes que contribu&iacute;ram para explicar a queda nos custos com bens intermedi&aacute;rios, tanto nacionais quanto importados.<\/p>\n<p>Perguntado sobre o assunto, Jos&eacute; Ant&ocirc;nio, afirmou que a desacelera&ccedil;&atilde;o nos custos de produ&ccedil;&atilde;o podem impactar diretamente o setor de m&aacute;quinas e equipamentos, tanto para m&aacute;quinas de grande porte como no caso do setor de servi&ccedil;os no aluguel de betoneira, <a rel=\"follow noopener\" target='_blank' href='https:\/\/www.transobra.com.br\/aluguel-de-bomba-de-agua\/'>aluguel de bomba de &aacute;gua<\/a>, e outros equipamentos de pequeno porte. &ldquo;O setor de m&aacute;quinas e equipamentos deve observar os dados para otimizar processos e investimentos com o objetivo de n&atilde;o sofrer grandes impactos nas receitas em 2023&rdquo;.<\/p>\n<p>Website: <a target='_blank' href='https:\/\/www.alugamaquinassul.com.br\/' rel=\"follow noopener\">https:\/\/www.alugamaquinassul.com.br\/<\/a><img src='https:\/\/api.dino.com.br\/v2\/news\/tr\/292847' alt='' style='border:0px;width:1px;height:1px' \/><br \/>\nA <b>OESP<\/b> n\u00e3o \u00e9(s\u00e3o) respons\u00e1vel(is) por erros, incorre\u00e7\u00f5es, atrasos ou quaisquer decis\u00f5es tomadas por seus clientes com base nos Conte\u00fados ora disponibilizados, bem como tais Conte\u00fados n\u00e3o representam a opini\u00e3o da <b>OESP<\/b> e s\u00e3o de inteira responsabilidade da <b>Dino Divulgador de Noticias Online Ltda<\/b><\/p>\n","protected":false},"excerpt":{"rendered":"DINO DIVULGADOR DE NOT\u00cdCIAS TIJUCAS &#8211; SC&#8211;(DINO &#8211; 05 out, 2023) &#8211; O Indicador de Custos Industriais (ICI), conforme dados divulgados pelo Portal da Ind&uacute;stria, apresentou","protected":false},"author":1,"featured_media":75148,"comment_status":"open","ping_status":"closed","sticky":false,"template":"","format":"standard","meta":{"_acf_changed":false,"inline_featured_image":false,"_monsterinsights_skip_tracking":false,"_monsterinsights_sitenote_active":false,"_monsterinsights_sitenote_note":"","_monsterinsights_sitenote_category":0,"footnotes":""},"categories":[34],"tags":[],"class_list":["post-75147","post","type-post","status-publish","format-standard","has-post-thumbnail","hentry","category-releases-geral"],"acf":[],"_links":{"self":[{"href":"https:\/\/bluestudio.estadao.com.br\/agencia-de-comunicacao\/wp-json\/wp\/v2\/posts\/75147","targetHints":{"allow":["GET"]}}],"collection":[{"href":"https:\/\/bluestudio.estadao.com.br\/agencia-de-comunicacao\/wp-json\/wp\/v2\/posts"}],"about":[{"href":"https:\/\/bluestudio.estadao.com.br\/agencia-de-comunicacao\/wp-json\/wp\/v2\/types\/post"}],"author":[{"embeddable":true,"href":"https:\/\/bluestudio.estadao.com.br\/agencia-de-comunicacao\/wp-json\/wp\/v2\/users\/1"}],"replies":[{"embeddable":true,"href":"https:\/\/bluestudio.estadao.com.br\/agencia-de-comunicacao\/wp-json\/wp\/v2\/comments?post=75147"}],"version-history":[{"count":0,"href":"https:\/\/bluestudio.estadao.com.br\/agencia-de-comunicacao\/wp-json\/wp\/v2\/posts\/75147\/revisions"}],"wp:featuredmedia":[{"embeddable":true,"href":"https:\/\/bluestudio.estadao.com.br\/agencia-de-comunicacao\/wp-json\/wp\/v2\/media\/75148"}],"wp:attachment":[{"href":"https:\/\/bluestudio.estadao.com.br\/agencia-de-comunicacao\/wp-json\/wp\/v2\/media?parent=75147"}],"wp:term":[{"taxonomy":"category","embeddable":true,"href":"https:\/\/bluestudio.estadao.com.br\/agencia-de-comunicacao\/wp-json\/wp\/v2\/categories?post=75147"},{"taxonomy":"post_tag","embeddable":true,"href":"https:\/\/bluestudio.estadao.com.br\/agencia-de-comunicacao\/wp-json\/wp\/v2\/tags?post=75147"}],"curies":[{"name":"wp","href":"https:\/\/api.w.org\/{rel}","templated":true}]}}