{"id":74968,"date":"2023-10-03T16:24:00","date_gmt":"2023-10-03T19:24:00","guid":{"rendered":"https:\/\/bluestudio.estadao.com.br\/agencia-de-comunicacao\/releases\/releases-geral\/etalent-promove-live-gratis-sobre-analise-de-comportamento\/"},"modified":"2023-10-03T16:24:00","modified_gmt":"2023-10-03T19:24:00","slug":"etalent-promove-live-gratis-sobre-analise-de-comportamento","status":"publish","type":"post","link":"https:\/\/bluestudio.estadao.com.br\/agencia-de-comunicacao\/releases\/releases-geral\/etalent-promove-live-gratis-sobre-analise-de-comportamento\/","title":{"rendered":"ETALENT promove live gr\u00e1tis sobre an\u00e1lise de comportamento"},"content":{"rendered":"<p><b>DINO DIVULGADOR DE NOT\u00cdCIAS<\/b><\/p>\n<p>Rio de Janeiro, RJ&#8211;(<a target='_blank' href='http:\/\/www.dino.com.br' rel=\"noopener\">DINO<\/a> &#8211; 03 out, 2023) &#8211; <\/p>\n<p style='font-weight: 400'>A ETALENT, empresa com quase quatro d&eacute;cadas de experi&ecirc;ncia em gest&atilde;o do comportamento humano, anunciou a realiza&ccedil;&atilde;o de live gratuita sobre as aplica&ccedil;&otilde;es e os benef&iacute;cios da an&aacute;lise do comportamento para empresas e profissionais.&nbsp;<\/p>\n<p style='font-weight: 400'>A transmiss&atilde;o acontece na pr&oacute;xima quinta-feira (dia 05\/10), &agrave;s 16h, e ser&aacute; conduzida pela consultora Gisele Guimar&atilde;es, especialista na gest&atilde;o comportamental. Ela vai falar sobre o desenvolvimento das compet&ecirc;ncias e do potencial dos profissionais, al&eacute;m de explicar sobre os diferentes perfis comportamentais e como se relacionam, se comunicam e trabalham. Tudo isso com foco nas aplica&ccedil;&otilde;es pr&aacute;ticas para profissionais, empresas e todas as pessoas que querem entender mais sobre o comportamento humano.&nbsp;<\/p>\n<p style='font-weight: 400'>&ldquo;Essa live &eacute; um preparo para o programa Essentia que ser&aacute; realizado em S&atilde;o Paulo, sendo os dois primeiros m&oacute;dulos nos dias 25, 26 e 27 de outubro &#8211; Atra&ccedil;&atilde;o e Educa&ccedil;&atilde;o &#8211; e os restantes nos dias&nbsp;29 e 30 de novembro e primeiro de dezembro &#8211; Gest&atilde;o e Reten&ccedil;&atilde;o&rdquo;, e continua: &ldquo;O objetivo &eacute; expandir a vis&atilde;o de como usamos o comportamento at&eacute; mesmo para buscar mais qualidade de vida, encontrar objetivos, tra&ccedil;ar a&ccedil;&otilde;es alinhadas com nosso perfil comportamental&rdquo;, finaliza Gisele.<\/p>\n<p style='font-weight: 400'>Para participar na live, basta se inscrever neste <a rel=\"follow noopener\" target='_blank'>https:\/\/conteudo.etalent.com.br\/live-gestao-comportamental-disc<\/a>&#8216; target=&#8217;_blank&#8217; rel=&#8217;follow&#8217;&gt;link<\/a>.<\/p>\n<p>Website: <a target='_blank' href='http:\/\/Www.Etalent.com.br' rel=\"follow noopener\">http:\/\/Www.Etalent.com.br<\/a><img src='https:\/\/api.dino.com.br\/v2\/news\/tr\/293968' alt='' style='border:0px;width:1px;height:1px' \/><br \/>\nA <b>OESP<\/b> n\u00e3o \u00e9(s\u00e3o) respons\u00e1vel(is) por erros, incorre\u00e7\u00f5es, atrasos ou quaisquer decis\u00f5es tomadas por seus clientes com base nos Conte\u00fados ora disponibilizados, bem como tais Conte\u00fados n\u00e3o representam a opini\u00e3o da <b>OESP<\/b> e s\u00e3o de inteira responsabilidade da <b>Dino Divulgador de Noticias Online Ltda<\/b><\/p>\n","protected":false},"excerpt":{"rendered":"DINO DIVULGADOR DE NOT\u00cdCIAS Rio de Janeiro, RJ&#8211;(DINO &#8211; 03 out, 2023) &#8211; A ETALENT, empresa com quase quatro d&eacute;cadas de experi&ecirc;ncia em gest&atilde;o do comportamento","protected":false},"author":1,"featured_media":74969,"comment_status":"open","ping_status":"closed","sticky":false,"template":"","format":"standard","meta":{"_acf_changed":false,"inline_featured_image":false,"_monsterinsights_skip_tracking":false,"_monsterinsights_sitenote_active":false,"_monsterinsights_sitenote_note":"","_monsterinsights_sitenote_category":0,"footnotes":""},"categories":[34],"tags":[],"class_list":["post-74968","post","type-post","status-publish","format-standard","has-post-thumbnail","hentry","category-releases-geral"],"acf":[],"_links":{"self":[{"href":"https:\/\/bluestudio.estadao.com.br\/agencia-de-comunicacao\/wp-json\/wp\/v2\/posts\/74968","targetHints":{"allow":["GET"]}}],"collection":[{"href":"https:\/\/bluestudio.estadao.com.br\/agencia-de-comunicacao\/wp-json\/wp\/v2\/posts"}],"about":[{"href":"https:\/\/bluestudio.estadao.com.br\/agencia-de-comunicacao\/wp-json\/wp\/v2\/types\/post"}],"author":[{"embeddable":true,"href":"https:\/\/bluestudio.estadao.com.br\/agencia-de-comunicacao\/wp-json\/wp\/v2\/users\/1"}],"replies":[{"embeddable":true,"href":"https:\/\/bluestudio.estadao.com.br\/agencia-de-comunicacao\/wp-json\/wp\/v2\/comments?post=74968"}],"version-history":[{"count":0,"href":"https:\/\/bluestudio.estadao.com.br\/agencia-de-comunicacao\/wp-json\/wp\/v2\/posts\/74968\/revisions"}],"wp:featuredmedia":[{"embeddable":true,"href":"https:\/\/bluestudio.estadao.com.br\/agencia-de-comunicacao\/wp-json\/wp\/v2\/media\/74969"}],"wp:attachment":[{"href":"https:\/\/bluestudio.estadao.com.br\/agencia-de-comunicacao\/wp-json\/wp\/v2\/media?parent=74968"}],"wp:term":[{"taxonomy":"category","embeddable":true,"href":"https:\/\/bluestudio.estadao.com.br\/agencia-de-comunicacao\/wp-json\/wp\/v2\/categories?post=74968"},{"taxonomy":"post_tag","embeddable":true,"href":"https:\/\/bluestudio.estadao.com.br\/agencia-de-comunicacao\/wp-json\/wp\/v2\/tags?post=74968"}],"curies":[{"name":"wp","href":"https:\/\/api.w.org\/{rel}","templated":true}]}}