{"id":74776,"date":"2023-10-02T15:29:00","date_gmt":"2023-10-02T18:29:00","guid":{"rendered":"https:\/\/bluestudio.estadao.com.br\/agencia-de-comunicacao\/releases\/releases-geral\/alocacoes-de-ativos-alternativos-se-recuperam-da-crise-da-pandemia-na-america-latina-relatorios-preqin\/"},"modified":"2023-10-02T15:29:00","modified_gmt":"2023-10-02T18:29:00","slug":"alocacoes-de-ativos-alternativos-se-recuperam-da-crise-da-pandemia-na-america-latina-relatorios-preqin","status":"publish","type":"post","link":"https:\/\/bluestudio.estadao.com.br\/agencia-de-comunicacao\/releases\/releases-geral\/alocacoes-de-ativos-alternativos-se-recuperam-da-crise-da-pandemia-na-america-latina-relatorios-preqin\/","title":{"rendered":"Aloca\u00e7\u00f5es de ativos alternativos se recuperam da crise da pandemia na Am\u00e9rica Latina  Relat\u00f3rios Preqin"},"content":{"rendered":"<p><b>Preqin<\/b><\/p>\n<p>LONDRES, July  05, 2023  (GLOBE NEWSWIRE) &#8212; <a href=\"https:\/\/www.globenewswire.com\/Tracker?data=heE-OpxB7S0OsXpTHAlK_OA1cMSsWSkcFohQW9TDGh3t5-CNwBkIFbR-IPw51dMCMD0xB6eUtcHQBQM_ucvnAw==\" rel=\"nofollow noopener\" target=\"_blank\"><u>Preqin<\/u><\/a>, l\u00edder global que capacita a comunidade de ativos alternativos com dados e insights essenciais, publicou seu relat\u00f3rio <a href=\"https:\/\/www.globenewswire.com\/Tracker?data=HRS2KZmu81DVu2fyo3iHuOT-FuhfQevvmnS2KnaQ_3Wvobbog6nTVAjKm3Ch-aboY2GT4oGc6ORSTwDzDXyYJVJ1e3msUN4KRyTAOG-3k5dlt-QQkL8Fo1b2I6Xad1R3hqsNPERXMNkFN2cUZkE7wScKLBLwLEoxTZPl1VSf3d9-emZq_HqyD0h9UGBGbbWjN5wNFuYwpS4yJFoQtwX1OvXtYg_GtzbObH9_PPhYMyLX2Kf_Y5X9Gft_SRtSeZMrOGCFyqW0Fp8NYsmHTQzaicl40Dp9BJmIUaw-rLTUHec=\" rel=\"nofollow noopener\" target=\"_blank\"><u>Capta\u00e7\u00e3o de recursos na Am\u00e9rica Latina: um guia para levantar capital<\/u><\/a>.<\/p>\n<p>O relat\u00f3rio conclui que, apesar dos pools de capital relativamente menores da Am\u00e9rica Latina e das aloca\u00e7\u00f5es limitadas em ativos alternativos, h\u00e1 oportunidades de capta\u00e7\u00e3o de recursos na regi\u00e3o principalmente para fundos de pens\u00e3o, indiv\u00edduos com alto patrim\u00f4nio l\u00edquido (HNWIs) e Family Offices. Al\u00e9m disso, de acordo com os analistas da Preqin, h\u00e1 espa\u00e7o para que investimentos alternativos atinjam  e potencialmente superem  os n\u00edveis pr\u00e9-pand\u00eamicos devido a mudan\u00e7as nos limites regulat\u00f3rios, necessidade de retornos mais altos e um aumento geral na acessibilidade dos ativos alternativos na regi\u00e3o.<\/p>\n<p>A pandemia provocou uma queda tempor\u00e1ria da atividade na regi\u00e3o, mas o crescimento voltou. A aloca\u00e7\u00e3o total em ativos alternativos rastreados pela Preqin de todos os investidores da Am\u00e9rica Latina atingiu US$ 100,7 bilh\u00f5es no final de 2022, ante US$ 96,4 bilh\u00f5es em 2021.<\/p>\n<p><strong>O private equity assume a lideran\u00e7a<\/strong><\/p>\n<p>Olhando para as classes de ativos espec\u00edficas, os aumentos de aloca\u00e7\u00e3o p\u00f3s-pandemia foram mais fortes em private equity, que foi de 53% no final de 2021, subindo para US$ 32,8 bilh\u00f5es, e mais 8% no final de 2022, subindo para US$ 35,4 bilh\u00f5es. Isso se deveu, em parte, ao forte desempenho da classe de ativos. A d\u00edvida privada triplicou, passando de US$ 3,6 bilh\u00f5es no fim de 2020 para US$ 15,2 bilh\u00f5es no fim de 2022. No entanto, o setor imobili\u00e1rio permanece na metade de sua aloca\u00e7\u00e3o agregada pr\u00e9-pandemia, em US$ 20,9 bilh\u00f5es no final de 2022, e a infraestrutura e os recursos naturais ainda n\u00e3o se recuperaram aos n\u00edveis pr\u00e9-pandemia.<\/p>\n<p><strong>Potencial inexplorado de capta\u00e7\u00e3o de recursos por meio de fundos de pens\u00e3o e patrim\u00f4nio privado<\/strong><\/p>\n<p>Os mercados da Am\u00e9rica Latina apresentaram uma volatilidade significativa nos \u00faltimos anos como resultado da deteriora\u00e7\u00e3o das condi\u00e7\u00f5es pol\u00edticas e macroecon\u00f4micas. J\u00e1 existem oportunidades para impulsionar a capta\u00e7\u00e3o de recursos por meio de fundos de pens\u00e3o e investidores de riqueza privada e as mudan\u00e7as regulat\u00f3rias e a crescente demanda dos investidores prometem impulsionar essa tend\u00eancia ainda mais.<\/p>\n<p>O relat\u00f3rio da Preqin constatou que 62% dos ativos sob gest\u00e3o (AUM) de investidores da Am\u00e9rica Latina com compromissos de investimentos rastreados em ativos alternativos pertencem a fundos de pens\u00e3o p\u00fablicos e privados. Investidores com hist\u00f3rico de investimentos alternativos rastreados de pelo menos 10 compromissos de investimentos em fundos registrados na Preqin mostram que os fundos de pens\u00e3o p\u00fablicos e privados s\u00e3o uma fonte importante de capital e j\u00e1 est\u00e3o dispostos a trabalhar com gestores de fundos internacionais.<\/p>\n<p>A riqueza privada, incluindo\u00a0family offices e gestores de patrim\u00f4nio, apresenta outra oportunidade na Am\u00e9rica Latina. Dito isso, os gestores\u00a0de fundos que buscam levantar fundos de investidores de patrim\u00f4nio privado na regi\u00e3o precisar\u00e3o de uma estrat\u00e9gia para obter o reconhecimento do nome, a presen\u00e7a regional e a forma\u00e7\u00e3o de investidores sobre investimentos em ativos alternativos.<\/p>\n<p><strong>Cameron Joyce, vice-presidente s\u00eanior e chefe de Private Equity da Preqin diz: <\/strong>&#8220;Os fundos de pens\u00e3o da Am\u00e9rica Latina mant\u00eam um forte apetite por exposi\u00e7\u00e3o global ao capital privado. J\u00e1 h\u00e1 uma lista completa de GPs internacionais que est\u00e3o aproveitando esse fato para comercializar suas ofertas na regi\u00e3o. O cen\u00e1rio econ\u00f4mico dom\u00e9stico dif\u00edcil aumentou ainda mais a demanda por diversifica\u00e7\u00e3o internacional, mas os fluxos de sa\u00edda relacionados \u00e0 pandemia restringiram o montante de capital que pode ser destinado \u00e0 implementa\u00e7\u00e3o.&#8221;<\/p>\n<p><strong>Capta\u00e7\u00e3o de Recursos da Preqin na Am\u00e9rica Latina: Um guia para levantar capital  informa\u00e7\u00f5es adicionais:<\/strong><\/p>\n<ul type=\"disc\">\n<li style=\"margin-top:5pt;margin-bottom:12pt\"><strong>M\u00e9xico<\/strong>: Os fundos de pens\u00e3o no M\u00e9xico continuam sendo um ponto relativamente positivo para a capta\u00e7\u00e3o de recursos na regi\u00e3o devido a aloca\u00e7\u00f5es relativamente baixas e demografia favor\u00e1vel que est\u00e3o levando a uma forte entrada de capital.<\/li>\n<li style=\"margin-top:5pt;margin-bottom:12pt\"><strong>Chile<\/strong>:O Chile aumentou seus limites de aloca\u00e7\u00e3o de ativos alternativos em todas\u00a0os fundos de pens\u00e3o em 2020. No 1\u00ba trimestre de 2023,\u00a0a m\u00e9dia de fundos de pens\u00e3o chilenos ainda est\u00e1 abaixo do limite de aloca\u00e7\u00e3o dos ativos alternativos. H\u00e1 muitas mudan\u00e7as poss\u00edveis no horizonte para o pa\u00eds, mas continua sendo um mercado que vale a pena considerar.<\/li>\n<li style=\"margin-top:5pt;margin-bottom:12pt\"><strong>Fundos de compra: <\/strong>Os fundos de compra s\u00e3o favorecidos no Chile, Col\u00f4mbia e Peru. As atuais aloca\u00e7\u00f5es de ativos alternativos dos sistemas de previd\u00eancia dos pa\u00edses mostram uma tend\u00eancia para investimentos em private equity de aquisi\u00e7\u00e3o.<\/li>\n<li style=\"margin-top:5pt;margin-bottom:12pt\"><strong>Patrim\u00f4nio Privado: <\/strong>Os investidores em patrim\u00f4nio privado na regi\u00e3o preferem o private equity e, no mundo todo, os investidores em patrim\u00f4nio privado tendem a ser aqueles que est\u00e3o subalocados na classe de ativos. A aloca\u00e7\u00e3o global de private equity dos\u00a0family offices em investimentos de private equity \u00e9 de 27%, com uma meta de 29%, muito maior do que outros tipos de investidores.<\/li>\n<\/ul>\n<p><strong>Notas aos editores<\/strong><\/p>\n<p>Se quiser mais informa\u00e7\u00f5es ou quiser falar com o autor do relat\u00f3rio, entre em contato com Dawn Bowles em <a href=\"https:\/\/www.globenewswire.com\/Tracker?data=RjkzlnpB4c57e0XoMr5duuGGBN4OsDyGAjGqpTOoB1wIQq7oooSxejZigFYApvm5SuXHMquJA9lcW2OCxkYk5BzpzB98IY09ShoM6nzqCNs=\" rel=\"nofollow noopener\" target=\"_blank\"><u>dawn.bowles@preqin.com<\/u><\/a>.<\/p>\n<p><strong>Sobre a Preqin<\/strong><\/p>\n<p>A Preqin, a Casa dos Ativos Alternativos, prov\u00ea dados e insights essenciais para os profissionais que atuam no setor financeiro investindo ou alocando ativos alternativos, auxiliando-os a tomarem as melhores decis\u00f5es. Ela os apoia durante todo o ciclo de vida do investimento com informa\u00e7\u00f5es cr\u00edticas e solu\u00e7\u00f5es de an\u00e1lise l\u00edderes do setor. A empresa \u00e9 pioneira em m\u00e9todos rigorosos de coleta de dados privados por 20 anos, permitindo que mais de 200.000 profissionais em todo o mundo agilizem a forma como levantam capital, fazem neg\u00f3cios e investimentos, entendem o desempenho e se mant\u00eam informados. Para mais informa\u00e7\u00f5es, acesse\u00a0<a href=\"https:\/\/www.globenewswire.com\/Tracker?data=LNLwRN4xpdoLysE7qg2vO56RTU6yQxmI5YvopHu8ej4YgH3j8bp4xDBQ4p5cF2vCRG8hxyXwS5fXHEQu2Montw==\" rel=\"nofollow noopener\" target=\"_blank\"><u>www.preqin.com<\/u><\/a>.\u00a0<\/p>\n<p> <img decoding=\"async\" class=\"__GNW8366DE3E__IMG\" src=\"https:\/\/www.globenewswire.com\/newsroom\/ti?nf=MTAwMDgyODU2MCM0MDE1NzE3MzUjMjIwODUzNQ==\" \/> <br \/><img decoding=\"async\" src=\"https:\/\/ml-eu.globenewswire.com\/media\/NWQxNTZmZmEtNDY5ZC00NmUwLWIxYjgtOGM0YzU1NmU5NWNkLTEyMjAwODg=\/tiny\/Preqin.png\" \/><br \/>\n<a href=\"https:\/\/www.globenewswire.com\/NewsRoom\/AttachmentNg\/e66a775b-9a48-4086-804a-537b5cfc8fe3\"><img loading=\"lazy\" decoding=\"async\" src=\"https:\/\/ml-eu.globenewswire.com\/media\/e66a775b-9a48-4086-804a-537b5cfc8fe3\/small\/preqin-logo-midnight-rgb-1-png.png\" border=\"0\" width=\"150\" height=\"32\" alt=\"Primary Logo\" \/><\/a><\/p>\n<p>A <b>OESP<\/b> nao e(sao) responsavel(is) por erros, incorrecoes, atrasos ou quaisquer decisoes tomadas por seus clientes com base nos Conteudos ora disponibilizados, bem como tais Conteudos nao representam a opiniao da <b>OESP<\/b> e sao de inteira responsabilidade da <b>GlobeNewswire<\/b><\/p>\n","protected":false},"excerpt":{"rendered":"Preqin LONDRES, July 05, 2023 (GLOBE NEWSWIRE) &#8212; Preqin, l\u00edder global que capacita a comunidade de ativos alternativos com dados e insights essenciais, publicou seu relat\u00f3rio Capta\u00e7\u00e3o de","protected":false},"author":1,"featured_media":74777,"comment_status":"open","ping_status":"closed","sticky":false,"template":"","format":"standard","meta":{"_acf_changed":false,"inline_featured_image":false,"_monsterinsights_skip_tracking":false,"_monsterinsights_sitenote_active":false,"_monsterinsights_sitenote_note":"","_monsterinsights_sitenote_category":0,"footnotes":""},"categories":[34],"tags":[],"class_list":["post-74776","post","type-post","status-publish","format-standard","has-post-thumbnail","hentry","category-releases-geral"],"acf":[],"_links":{"self":[{"href":"https:\/\/bluestudio.estadao.com.br\/agencia-de-comunicacao\/wp-json\/wp\/v2\/posts\/74776","targetHints":{"allow":["GET"]}}],"collection":[{"href":"https:\/\/bluestudio.estadao.com.br\/agencia-de-comunicacao\/wp-json\/wp\/v2\/posts"}],"about":[{"href":"https:\/\/bluestudio.estadao.com.br\/agencia-de-comunicacao\/wp-json\/wp\/v2\/types\/post"}],"author":[{"embeddable":true,"href":"https:\/\/bluestudio.estadao.com.br\/agencia-de-comunicacao\/wp-json\/wp\/v2\/users\/1"}],"replies":[{"embeddable":true,"href":"https:\/\/bluestudio.estadao.com.br\/agencia-de-comunicacao\/wp-json\/wp\/v2\/comments?post=74776"}],"version-history":[{"count":0,"href":"https:\/\/bluestudio.estadao.com.br\/agencia-de-comunicacao\/wp-json\/wp\/v2\/posts\/74776\/revisions"}],"wp:featuredmedia":[{"embeddable":true,"href":"https:\/\/bluestudio.estadao.com.br\/agencia-de-comunicacao\/wp-json\/wp\/v2\/media\/74777"}],"wp:attachment":[{"href":"https:\/\/bluestudio.estadao.com.br\/agencia-de-comunicacao\/wp-json\/wp\/v2\/media?parent=74776"}],"wp:term":[{"taxonomy":"category","embeddable":true,"href":"https:\/\/bluestudio.estadao.com.br\/agencia-de-comunicacao\/wp-json\/wp\/v2\/categories?post=74776"},{"taxonomy":"post_tag","embeddable":true,"href":"https:\/\/bluestudio.estadao.com.br\/agencia-de-comunicacao\/wp-json\/wp\/v2\/tags?post=74776"}],"curies":[{"name":"wp","href":"https:\/\/api.w.org\/{rel}","templated":true}]}}