{"id":74589,"date":"2023-10-02T10:24:00","date_gmt":"2023-10-02T13:24:00","guid":{"rendered":"https:\/\/bluestudio.estadao.com.br\/agencia-de-comunicacao\/releases\/releases-geral\/estados-tentam-aumentar-o-acesso-ao-mcmv\/"},"modified":"2023-10-02T10:24:00","modified_gmt":"2023-10-02T13:24:00","slug":"estados-tentam-aumentar-o-acesso-ao-mcmv","status":"publish","type":"post","link":"https:\/\/bluestudio.estadao.com.br\/agencia-de-comunicacao\/releases\/releases-geral\/estados-tentam-aumentar-o-acesso-ao-mcmv\/","title":{"rendered":"Estados tentam aumentar o acesso ao MCMV"},"content":{"rendered":"<p><b>DINO DIVULGADOR DE NOT\u00cdCIAS<\/b><\/p>\n<p>Recife, 29 de setembrio de 2023&#8211;(<a target='_blank' href='http:\/\/www.dino.com.br' rel=\"noopener\">DINO<\/a> &#8211; 02 out, 2023) &#8211;<br \/>\nAs experi\u00eancias estaduais e municipais de incentivo \u00e0 habita\u00e7\u00e3o de interesse social foram apresentadas na manh\u00e3 desta sexta-feira (29\/09) na reuni\u00e3o do F\u00f3rum Norte e Nordeste da Ind\u00fastria da Constru\u00e7\u00e3o (FNNIC), no audit\u00f3rio do Centro Cultural Cais do Sert\u00e3o, no Bairro do Recife. O encontro vai at\u00e9 as 19h desta sexta-feira e \u00e9 transmitido no canal do FNNIC no <a rel=\"follow noopener\" target='_blank' href='https:\/\/www.youtube.com\/channel\/UCFmXU8yevvMV5Ri4Y8fGYdg?app=desktop' data-mce-target='_blank'>YouTube<\/a>.<\/p>\n<p>A secret\u00e1ria de Habita\u00e7\u00e3o de Pernambuco, Simone Benevides, falou sobre o programa Morar Bem, lan\u00e7ado pelo governo estadual em 22 de mar\u00e7o, com o objetivo de reduzir o d\u00e9ficit habitacional no estado. Um dos bra\u00e7os do programa \u00e9 o Morar Bem &#8211; Entrada Garantida, que conceder\u00e1 subs\u00eddio de at\u00e9 R$ 20 mil para utiliza\u00e7\u00e3o no pagamento da entrada na aquisi\u00e7\u00e3o na compra do primeiro im\u00f3vel financiado pelo programa Minha Casa Minha Vida, para fam\u00edlias com renda familiar m\u00e1xima de at\u00e9 dois sal\u00e1rios m\u00ednimos.<\/p>\n<p>&#8216;O programa Morar Bem tem um guarda-chuva grande de a\u00e7\u00f5es. Entre elas, o Entrada Garantida, que foi lan\u00e7ado h\u00e1 dois meses. Assinamos o conv\u00eanio com a Caixa Econ\u00f4mica Federal e acreditamos que em dez dias ele j\u00e1 estar\u00e1 dispon\u00edvel no simulador da Caixa para que tanto empreendedores quanto benefici\u00e1rios possam efetivamente come\u00e7ar a fazer os c\u00e1lculos. A expectativa \u00e9 que ainda no m\u00eas de outubro j\u00e1 tenhamos as primeiras assinaturas, os primeiros empreendimentos devidamente autorizados pela Caixa Econ\u00f4mica, para que a gente comece a chegar com esse programa na vida dos pernambucanos&#8217;, disse Simone no FNNIC.<\/p>\n<p>A secret\u00e1ria lembra que o cadastro no programa \u00e9 permanentemente aberto e que nos primeiros 12 meses, o governo projeta impactar pelo menos 10 mil fam\u00edlias, tendo garantidos R$ 200 milh\u00f5es no or\u00e7amento. &#8216;Como alguns construtores j\u00e1 nos informaram que h\u00e1 empreendimentos em fase adiantada, acreditamos que antes do final de 2023, teremos pelo menos cem casas entregues&#8217;, disse Simone.<\/p>\n<p>Ela destaca que os R$ 200 milh\u00f5es que Pernambuco vai aportar neste programa nos primeiros 12 meses tem um potencial de trazer R$ 2 bilh\u00f5es do Fundo de Garantia. &#8216;Quando a gente consegue botar R$ 2 bilh\u00f5es do Minha Casa Minha Vida dentro da economia de Pernambuco, isso tem um impacto de 76 mil empregos diretos e indiretos, foram os correlatos que n\u00e3o t\u00e3o a\u00ed nessa conta&#8217;.<\/p>\n<p>De acordo com Simone, o Morar Bem \u00e9 decis\u00e3o pol\u00edtica da governadora Raquel Lyra de concretizar uma pol\u00edtica efetiva para tentar virar a chave do d\u00e9ficit habitacional no estado. &#8216;Foi desenvolvido num trabalho coletivo, em conjunto com o setor da constru\u00e7\u00e3o civil, os movimentos sociais, os estados que j\u00e1 tinham experi\u00eancia, a Secretaria Nacional de Habita\u00e7\u00e3o e o Minist\u00e9rio das Cidades&#8217;, explicou.<\/p>\n<p>Website: <a target='_blank' href='https:\/\/recife.fnnic.net\/' rel=\"follow noopener\">https:\/\/recife.fnnic.net\/<\/a><img src='https:\/\/api.dino.com.br\/v2\/news\/tr\/293163' alt='' style='border:0px;width:1px;height:1px' \/><br \/>\nA <b>OESP<\/b> n\u00e3o \u00e9(s\u00e3o) respons\u00e1vel(is) por erros, incorre\u00e7\u00f5es, atrasos ou quaisquer decis\u00f5es tomadas por seus clientes com base nos Conte\u00fados ora disponibilizados, bem como tais Conte\u00fados n\u00e3o representam a opini\u00e3o da <b>OESP<\/b> e s\u00e3o de inteira responsabilidade da <b>Dino Divulgador de Noticias Online Ltda<\/b><\/p>\n","protected":false},"excerpt":{"rendered":"DINO DIVULGADOR DE NOT\u00cdCIAS Recife, 29 de setembrio de 2023&#8211;(DINO &#8211; 02 out, 2023) &#8211; As experi\u00eancias estaduais e municipais de incentivo \u00e0 habita\u00e7\u00e3o de interesse social foram","protected":false},"author":1,"featured_media":74590,"comment_status":"open","ping_status":"closed","sticky":false,"template":"","format":"standard","meta":{"_acf_changed":false,"inline_featured_image":false,"_monsterinsights_skip_tracking":false,"_monsterinsights_sitenote_active":false,"_monsterinsights_sitenote_note":"","_monsterinsights_sitenote_category":0,"footnotes":""},"categories":[34],"tags":[],"class_list":["post-74589","post","type-post","status-publish","format-standard","has-post-thumbnail","hentry","category-releases-geral"],"acf":[],"_links":{"self":[{"href":"https:\/\/bluestudio.estadao.com.br\/agencia-de-comunicacao\/wp-json\/wp\/v2\/posts\/74589","targetHints":{"allow":["GET"]}}],"collection":[{"href":"https:\/\/bluestudio.estadao.com.br\/agencia-de-comunicacao\/wp-json\/wp\/v2\/posts"}],"about":[{"href":"https:\/\/bluestudio.estadao.com.br\/agencia-de-comunicacao\/wp-json\/wp\/v2\/types\/post"}],"author":[{"embeddable":true,"href":"https:\/\/bluestudio.estadao.com.br\/agencia-de-comunicacao\/wp-json\/wp\/v2\/users\/1"}],"replies":[{"embeddable":true,"href":"https:\/\/bluestudio.estadao.com.br\/agencia-de-comunicacao\/wp-json\/wp\/v2\/comments?post=74589"}],"version-history":[{"count":0,"href":"https:\/\/bluestudio.estadao.com.br\/agencia-de-comunicacao\/wp-json\/wp\/v2\/posts\/74589\/revisions"}],"wp:featuredmedia":[{"embeddable":true,"href":"https:\/\/bluestudio.estadao.com.br\/agencia-de-comunicacao\/wp-json\/wp\/v2\/media\/74590"}],"wp:attachment":[{"href":"https:\/\/bluestudio.estadao.com.br\/agencia-de-comunicacao\/wp-json\/wp\/v2\/media?parent=74589"}],"wp:term":[{"taxonomy":"category","embeddable":true,"href":"https:\/\/bluestudio.estadao.com.br\/agencia-de-comunicacao\/wp-json\/wp\/v2\/categories?post=74589"},{"taxonomy":"post_tag","embeddable":true,"href":"https:\/\/bluestudio.estadao.com.br\/agencia-de-comunicacao\/wp-json\/wp\/v2\/tags?post=74589"}],"curies":[{"name":"wp","href":"https:\/\/api.w.org\/{rel}","templated":true}]}}