{"id":74425,"date":"2023-09-29T12:14:00","date_gmt":"2023-09-29T15:14:00","guid":{"rendered":"https:\/\/bluestudio.estadao.com.br\/agencia-de-comunicacao\/releases\/releases-geral\/alta-nos-alugueis-faz-proprietarios-buscarem-solucoes\/"},"modified":"2023-09-29T12:14:00","modified_gmt":"2023-09-29T15:14:00","slug":"alta-nos-alugueis-faz-proprietarios-buscarem-solucoes","status":"publish","type":"post","link":"https:\/\/bluestudio.estadao.com.br\/agencia-de-comunicacao\/releases\/releases-geral\/alta-nos-alugueis-faz-proprietarios-buscarem-solucoes\/","title":{"rendered":"Alta nos alugu\u00e9is faz propriet\u00e1rios buscarem solu\u00e7\u00f5es"},"content":{"rendered":"<p><b>DINO DIVULGADOR DE NOT\u00cdCIAS<\/b><\/p>\n<p>Porto Alegre, RS&#8211;(<a target='_blank' href='http:\/\/www.dino.com.br' rel=\"noopener\">DINO<\/a> &#8211; 29 set, 2023) &#8211;<br \/>\nO mercado de alugu&eacute;is no Brasil revela uma sequ&ecirc;ncia de pre&ccedil;os m&eacute;dios e rentabilidade mais elevados para propriet&aacute;rios, mas que, consequentemente, provoca a busca de solu&ccedil;&otilde;es para atrair os olhares dos futuros inquilinos. &Eacute; o que mostra a <a rel=\"follow noopener\" target='_blank' href='https:\/\/downloads.fipe.org.br\/indices\/fipezap\/fipezap-202307-residencial-locacao.pdf'>pesquisa do &Iacute;ndice FipeZap+<\/a> de Loca&ccedil;&atilde;o Residencial do m&ecirc;s de julho de 2023. Conforme os dados, a alta do &uacute;ltimo m&ecirc;s foi de 1,35% no aluguel residencial, chegando a 16,27% de alta acumulada nos &uacute;ltimos 12 meses.<\/p>\n<p>Para a metodologia que acompanha o mercado de loca&ccedil;&atilde;o, essa varia&ccedil;&atilde;o mensal de pre&ccedil;os de loca&ccedil;&atilde;o fica acima do comportamento dos principais &iacute;ndices de pre&ccedil;o no Brasil.<\/p>\n<p>O diretor de alugu&eacute;is do grupo imobili&aacute;rio Auxiliadora Predial, M&aacute;rio C&eacute;sar Soares, comenta essa movimenta&ccedil;&atilde;o, j&aacute; que, diante dessa oportunidade de rentabilidade para propriet&aacute;rios, o desafio, por outro lado, &eacute; o de atrair inquilinos para fechar novos contratos. &ldquo;Temos notado, por parte dos propriet&aacute;rios, um grande desejo de valorizar os bons espa&ccedil;os de seus im&oacute;veis. Antes divulgados de forma comum e sem grandes destaques, agora a inten&ccedil;&atilde;o &eacute; despertar o desejo tratando im&oacute;veis incr&iacute;veis com os atributos que oferecem. Para o inquilino, &eacute; a chance de viver em um apartamento pronto para entrar e morar, por exemplo, por um custo-benef&iacute;cio muito regulado em termos de valores&rdquo;.<\/p>\n<p>Uma solu&ccedil;&atilde;o para quem busca esses im&oacute;veis e para os propriet&aacute;rios que desejam valorizar cada detalhe, da sacada ao ar-condicionado, s&atilde;o as curadorias feitas pelas imobili&aacute;rias. &ldquo;Curadorias espec&iacute;ficas de im&oacute;veis s&atilde;o criadas justamente para atender essa demanda: uma vitrine que possa destacar os im&oacute;veis que est&atilde;o em boas condi&ccedil;&otilde;es, que proporcionam muito conforto e que est&atilde;o localizados em bairros de desejo. Dessa forma, o propriet&aacute;rio tem novos argumentos de divulga&ccedil;&atilde;o, e o inquilino v&ecirc; gera&ccedil;&atilde;o de valor no produto estando cara a cara com tantas vantagens&rdquo;, completa Soares.<\/p>\n<p>Atrav&eacute;s dessas ferramentas, segundo o especialista, os propriet&aacute;rios conseguem aproveitar o momento de alta rentabilidade e, ao mesmo tempo, vencem o desafio de atrair inquilinos, unindo a boa oferta de im&oacute;veis com a procura por espa&ccedil;os prontos para morar.<\/p>\n<p>Website: <a target='_blank' href='https:\/\/www.auxiliadorapredial.com.br\/' rel=\"follow noopener\">https:\/\/www.auxiliadorapredial.com.br\/<\/a><img src='https:\/\/api.dino.com.br\/v2\/news\/tr\/284194' alt='' style='border:0px;width:1px;height:1px' \/><br \/>\nA <b>OESP<\/b> n\u00e3o \u00e9(s\u00e3o) respons\u00e1vel(is) por erros, incorre\u00e7\u00f5es, atrasos ou quaisquer decis\u00f5es tomadas por seus clientes com base nos Conte\u00fados ora disponibilizados, bem como tais Conte\u00fados n\u00e3o representam a opini\u00e3o da <b>OESP<\/b> e s\u00e3o de inteira responsabilidade da <b>Dino Divulgador de Noticias Online Ltda<\/b><\/p>\n","protected":false},"excerpt":{"rendered":"DINO DIVULGADOR DE NOT\u00cdCIAS Porto Alegre, RS&#8211;(DINO &#8211; 29 set, 2023) &#8211; O mercado de alugu&eacute;is no Brasil revela uma sequ&ecirc;ncia de pre&ccedil;os m&eacute;dios e rentabilidade","protected":false},"author":1,"featured_media":74426,"comment_status":"open","ping_status":"closed","sticky":false,"template":"","format":"standard","meta":{"_acf_changed":false,"inline_featured_image":false,"_monsterinsights_skip_tracking":false,"_monsterinsights_sitenote_active":false,"_monsterinsights_sitenote_note":"","_monsterinsights_sitenote_category":0,"footnotes":""},"categories":[34],"tags":[],"class_list":["post-74425","post","type-post","status-publish","format-standard","has-post-thumbnail","hentry","category-releases-geral"],"acf":[],"_links":{"self":[{"href":"https:\/\/bluestudio.estadao.com.br\/agencia-de-comunicacao\/wp-json\/wp\/v2\/posts\/74425","targetHints":{"allow":["GET"]}}],"collection":[{"href":"https:\/\/bluestudio.estadao.com.br\/agencia-de-comunicacao\/wp-json\/wp\/v2\/posts"}],"about":[{"href":"https:\/\/bluestudio.estadao.com.br\/agencia-de-comunicacao\/wp-json\/wp\/v2\/types\/post"}],"author":[{"embeddable":true,"href":"https:\/\/bluestudio.estadao.com.br\/agencia-de-comunicacao\/wp-json\/wp\/v2\/users\/1"}],"replies":[{"embeddable":true,"href":"https:\/\/bluestudio.estadao.com.br\/agencia-de-comunicacao\/wp-json\/wp\/v2\/comments?post=74425"}],"version-history":[{"count":0,"href":"https:\/\/bluestudio.estadao.com.br\/agencia-de-comunicacao\/wp-json\/wp\/v2\/posts\/74425\/revisions"}],"wp:featuredmedia":[{"embeddable":true,"href":"https:\/\/bluestudio.estadao.com.br\/agencia-de-comunicacao\/wp-json\/wp\/v2\/media\/74426"}],"wp:attachment":[{"href":"https:\/\/bluestudio.estadao.com.br\/agencia-de-comunicacao\/wp-json\/wp\/v2\/media?parent=74425"}],"wp:term":[{"taxonomy":"category","embeddable":true,"href":"https:\/\/bluestudio.estadao.com.br\/agencia-de-comunicacao\/wp-json\/wp\/v2\/categories?post=74425"},{"taxonomy":"post_tag","embeddable":true,"href":"https:\/\/bluestudio.estadao.com.br\/agencia-de-comunicacao\/wp-json\/wp\/v2\/tags?post=74425"}],"curies":[{"name":"wp","href":"https:\/\/api.w.org\/{rel}","templated":true}]}}