{"id":74336,"date":"2023-09-28T15:39:00","date_gmt":"2023-09-28T18:39:00","guid":{"rendered":"https:\/\/bluestudio.estadao.com.br\/agencia-de-comunicacao\/releases\/releases-geral\/presidente-da-cvm-realizara-palestra-no-xx-seminario-facpcs\/"},"modified":"2023-09-28T15:39:00","modified_gmt":"2023-09-28T18:39:00","slug":"presidente-da-cvm-realizara-palestra-no-xx-seminario-facpcs","status":"publish","type":"post","link":"https:\/\/bluestudio.estadao.com.br\/agencia-de-comunicacao\/releases\/releases-geral\/presidente-da-cvm-realizara-palestra-no-xx-seminario-facpcs\/","title":{"rendered":"Presidente da CVM realizar\u00e1 palestra no XX Semin\u00e1rio FACPCS"},"content":{"rendered":"<p><b>DINO DIVULGADOR DE NOT\u00cdCIAS<\/b><\/p>\n<p>S\u00e3o Paulo, SP&#8211;(<a target='_blank' href='http:\/\/www.dino.com.br' rel=\"noopener\">DINO<\/a> &#8211; 28 set, 2023) &#8211; <\/p>\n<p class='western'>Jo&atilde;o Pedro Nascimento, Presidente da CVM (Comiss&atilde;o de Valores Mobili&aacute;rios), realizar&aacute; a palestra de encerramento do XX Semin&aacute;rio Internacional FACPCS (Funda&ccedil;&atilde;o de Apoio aos Comit&ecirc;s de Pronunciamentos Cont&aacute;beis e de Sustentabilidade).<\/p>\n<p class='western'>O evento ter&aacute;, tamb&eacute;m, participa&ccedil;&otilde;es especiais de Elizabeth Seeger, Board Member do ISSB&nbsp;(International Sustainability Standards Board)&nbsp;e Chair of the ISSB&rsquo;s Americas Board Advisory Group; Arturo Rodr&iacute;guez, Manager of Ibero-American&nbsp;Relationships da IFRS (International Financial Reporting Standards) Foundation; Tadeu Cend&oacute;n, Board Member do IASB (International Accounting Standards Board); &nbsp;Andreas Barckow, Chairman do IASB; e Linda Mezon-Hutter, Vice-Chair do IASB.<\/p>\n<p class='western'>Os participantes do XX Semin&aacute;rio Internacional FACPCS receber&atilde;o cr&eacute;ditos nos programas de educa&ccedil;&atilde;o profissional continuada: APIMEC Brasil &#8211; 2 cr&eacute;ditos; CFC\/CRCs &#8211; 6,5 pontos; e IBGC &#8211; 4 cr&eacute;ditos. A pontua&ccedil;&atilde;o e certificado ser&atilde;o concedidos aos participantes que cumprirem no m&iacute;nimo 75% de participa&ccedil;&atilde;o (6 horas).<\/p>\n<p class='western'>O objetivo do encontro &eacute; proporcionar uma vis&atilde;o pr&aacute;tica do atual est&aacute;gio de ado&ccedil;&atilde;o das normas internacionais de relat&oacute;rios financeiros (IFRS &#8211; International Financial Reporting Standards) e dos relat&oacute;rios de sustentabilidade (ISSB &#8211; International Sustainability Standards Board) no Brasil, das mudan&ccedil;as mais relevantes que est&atilde;o em andamento e a serem realizadas, al&eacute;m de seus poss&iacute;veis reflexos.<\/p>\n<p class='western'>O Semin&aacute;rio &eacute; uma realiza&ccedil;&atilde;o do CBPS (Comit&ecirc; Brasileiro de Pronunciamentos de Sustentabilidade) e do CPC (Comit&ecirc; de Pronunciamentos Cont&aacute;beis) com a colabora&ccedil;&atilde;o das entidades-membros: ABRAPP (Associa&ccedil;&atilde;o Brasileira das Entidades Fechadas de Previd&ecirc;ncia Complementar); ABRASCA (Associa&ccedil;&atilde;o Brasileira das Companhias Abertas); AMEC (Associa&ccedil;&atilde;o de Investidores no Mercado de Capitais), APIMEC Brasil (Associa&ccedil;&atilde;o dos Analistas e Profissionais de Investimento do Mercado de Capitais do Brasil); B3 (Brasil, Bolsa, Balc&atilde;o); CFC (Conselho Federal de Contabilidade); FIPECAFI (Funda&ccedil;&atilde;o Instituto de Pesquisas Cont&aacute;beis, Atuariais e Financeiras); e IBRACON (Instituto de Auditoria Independente do Brasil).<\/p>\n<p class='western'> A FACPCS (Funda&ccedil;&atilde;o de Apoio aos Comit&ecirc;s de Pronunciamentos Cont&aacute;beis e de Sustentabilidade) &eacute; a organizadora do evento.<\/p>\n<p class='western'>S&atilde;o coordenadores do XX Semin&aacute;rio Internacional FACPCS &#8211; Normas Internacionais de Contabilidade e de Sustentabilidade: Ana T&eacute;rcia Lopes Rodrigues, Carl Douglas, Edison Arisa, Eduardo Flores, Guillermo Braunbeck, Haroldo R. Levy Neto, Leandro Ardito, Rog&eacute;rio Mota, Ver&ocirc;nica Souto Maior e Zulmir Breda.<\/p>\n<p class='western'>O XX Semin&aacute;rio Internacional FACPCS j&aacute; conta com o Patroc&iacute;nio Master &ndash; Assa&iacute; Atacadista; B3 (Brasil, Bolsa, Balc&atilde;o); Deloitte; Ita&uacute;sa; KPMG; PwC e SMS Brasil; Patroc&iacute;nio S&ecirc;nior &ndash; Cielo e Parker Russell; Patroc&iacute;nio Pleno &ndash; Baker Tilly; FEBRABAN; Inspirali; Luz Publicidade; MOORE e Wulaia Consultoria.<\/p>\n<p class='western'>O evento tem apoio institucional dos Conselhos Regionais de Contabilidade; ABAI (Associa&ccedil;&atilde;o Brasileira dos Assessores de Investimentos); ABEL (Associa&ccedil;&atilde;o Brasileira das Empresas de Leasing); ABRACICON (Academia Brasileira de Ci&ecirc;ncias Cont&aacute;beis); ABRACONEE (Associa&ccedil;&atilde;o Brasileira dos Contadores do Setor de Energia El&eacute;trica); ABVCAP (Associa&ccedil;&atilde;o Brasileira de Private Equity e Venture Capital); ANBIMA (Associa&ccedil;&atilde;o Brasileira das Entidades dos Mercados Financeiro e de Capitais); ANCEP (Associa&ccedil;&atilde;o Nacional dos Contabilistas das Entidades de Previd&ecirc;ncia); ANCORD (Associa&ccedil;&atilde;o Nacional das Corretoras e Distribuidoras de T&iacute;tulos e Valores Mobili&aacute;rios, C&acirc;mbio e Mercadorias); ANEFAC (Associa&ccedil;&atilde;o Nacional dos Executivos de Finan&ccedil;as, Administra&ccedil;&atilde;o e Contabilidade) e ANPCONT (Associa&ccedil;&atilde;o Nacional de Programas de P&oacute;s-Gradua&ccedil;&atilde;o em Ci&ecirc;ncias Cont&aacute;beis).<\/p>\n<p class='western'>O XX Semin&aacute;rio Internacional FACPCS conta, tamb&eacute;m, com apoio da CBARI (Comiss&atilde;o Brasileira de Acompanhamento do Relato Integrado); CORECON-SP (Conselho Regional de Economia do Estado de S&atilde;o Paulo); CRA-SP (Conselho de Administra&ccedil;&atilde;o de S&atilde;o Paulo); EAC FEA-USP (Departamento de Contabilidade e Atu&aacute;ria da Faculdade de Economia, Administra&ccedil;&atilde;o e Contabilidade da Universidade de S&atilde;o Paulo); FEA-RP\/USP (Faculdade de Economia, Administra&ccedil;&atilde;o e Contabilidade de Ribeir&atilde;o Preto da Universidade de S&atilde;o Paulo); FECONTESP (Federa&ccedil;&atilde;o dos Contabilistas do Estado de S&atilde;o Paulo); FENACON (Federa&ccedil;&atilde;o Nacional das Empresas de Servi&ccedil;os Cont&aacute;beis e das Empresas de Assessoramento, Per&iacute;cias, Informa&ccedil;&otilde;es e Pesquisas); FGV (Funda&ccedil;&atilde;o Getulio Vargas) &ndash; Instituto de Finan&ccedil;as; IBEF-SP (Instituto Brasileiro de Executivos de Finan&ccedil;as de S&atilde;o Paulo); IBGC (Instituto Brasileiro de Governan&ccedil;a Corporativa); IBRI (Instituto Brasileiro de Rela&ccedil;&otilde;es com Investidores); IIA Brasil (Instituto dos Auditores Internos do Brasil); SESCON-SP (Sindicato das Empresas de Servi&ccedil;os Cont&aacute;beis e das Empresas de Assessoramento, Per&iacute;cias, Informa&ccedil;&otilde;es e Pesquisas no Estado de S&atilde;o Paulo); SINDCONT-SP (Sindicato dos Contabilistas de S&atilde;o Paulo) e SINDICONT-Rio (Sindicato dos Contabilistas do Munic&iacute;pio do Rio de Janeiro).<\/p>\n<p class='western'>O CRCSP (Conselho Regional de Contabilidade do Estado de S&atilde;o Paulo) realiza apoio operacional.<\/p>\n<p class='western'>H&aacute;, tamb&eacute;m, o apoio de divulga&ccedil;&atilde;o do Portal Acionista e da Revista RI; e suporte da SB Eventos.<\/p>\n<p class='western'><strong>Para mais informa&ccedil;&otilde;es sobre a Programa&ccedil;&atilde;o e Inscri&ccedil;&otilde;es, basta acessar:<\/strong>&nbsp;<\/p>\n<p class='western'><u><a rel=\"follow noopener\" target='_blank'>http:\/\/www.eventos.facpcs.org.br\/home\/XXSeminarioFACPCS<\/a>&#8216;&gt;<a target='_blank' href='http:\/\/www.eventos.facpcs.org.br\/home\/XXSeminarioFACPCS' rel=\"follow noopener\">http:\/\/www.eventos.facpcs.org.br\/home\/XXSeminarioFACPCS<\/a><\/a><\/u><\/p>\n<p class='western'> <\/p>\n<p class='western'> <\/p>\n<p>Website: <a target='_blank' href='http:\/\/www.eventos.facpcs.org.br\/home\/XXSeminarioFACPCS' rel=\"follow noopener\">http:\/\/www.eventos.facpcs.org.br\/home\/XXSeminarioFACPCS<\/a><img src='https:\/\/api.dino.com.br\/v2\/news\/tr\/290500' alt='' style='border:0px;width:1px;height:1px' \/><br \/>\nA <b>OESP<\/b> n\u00e3o \u00e9(s\u00e3o) respons\u00e1vel(is) por erros, incorre\u00e7\u00f5es, atrasos ou quaisquer decis\u00f5es tomadas por seus clientes com base nos Conte\u00fados ora disponibilizados, bem como tais Conte\u00fados n\u00e3o representam a opini\u00e3o da <b>OESP<\/b> e s\u00e3o de inteira responsabilidade da <b>Dino Divulgador de Noticias Online Ltda<\/b><\/p>\n","protected":false},"excerpt":{"rendered":"DINO DIVULGADOR DE NOT\u00cdCIAS S\u00e3o Paulo, SP&#8211;(DINO &#8211; 28 set, 2023) &#8211; Jo&atilde;o Pedro Nascimento, Presidente da CVM (Comiss&atilde;o de Valores Mobili&aacute;rios), realizar&aacute;","protected":false},"author":1,"featured_media":74337,"comment_status":"open","ping_status":"closed","sticky":false,"template":"","format":"standard","meta":{"_acf_changed":false,"inline_featured_image":false,"_monsterinsights_skip_tracking":false,"_monsterinsights_sitenote_active":false,"_monsterinsights_sitenote_note":"","_monsterinsights_sitenote_category":0,"footnotes":""},"categories":[34],"tags":[],"class_list":["post-74336","post","type-post","status-publish","format-standard","has-post-thumbnail","hentry","category-releases-geral"],"acf":[],"_links":{"self":[{"href":"https:\/\/bluestudio.estadao.com.br\/agencia-de-comunicacao\/wp-json\/wp\/v2\/posts\/74336","targetHints":{"allow":["GET"]}}],"collection":[{"href":"https:\/\/bluestudio.estadao.com.br\/agencia-de-comunicacao\/wp-json\/wp\/v2\/posts"}],"about":[{"href":"https:\/\/bluestudio.estadao.com.br\/agencia-de-comunicacao\/wp-json\/wp\/v2\/types\/post"}],"author":[{"embeddable":true,"href":"https:\/\/bluestudio.estadao.com.br\/agencia-de-comunicacao\/wp-json\/wp\/v2\/users\/1"}],"replies":[{"embeddable":true,"href":"https:\/\/bluestudio.estadao.com.br\/agencia-de-comunicacao\/wp-json\/wp\/v2\/comments?post=74336"}],"version-history":[{"count":0,"href":"https:\/\/bluestudio.estadao.com.br\/agencia-de-comunicacao\/wp-json\/wp\/v2\/posts\/74336\/revisions"}],"wp:featuredmedia":[{"embeddable":true,"href":"https:\/\/bluestudio.estadao.com.br\/agencia-de-comunicacao\/wp-json\/wp\/v2\/media\/74337"}],"wp:attachment":[{"href":"https:\/\/bluestudio.estadao.com.br\/agencia-de-comunicacao\/wp-json\/wp\/v2\/media?parent=74336"}],"wp:term":[{"taxonomy":"category","embeddable":true,"href":"https:\/\/bluestudio.estadao.com.br\/agencia-de-comunicacao\/wp-json\/wp\/v2\/categories?post=74336"},{"taxonomy":"post_tag","embeddable":true,"href":"https:\/\/bluestudio.estadao.com.br\/agencia-de-comunicacao\/wp-json\/wp\/v2\/tags?post=74336"}],"curies":[{"name":"wp","href":"https:\/\/api.w.org\/{rel}","templated":true}]}}