{"id":74180,"date":"2023-09-27T18:09:00","date_gmt":"2023-09-27T21:09:00","guid":{"rendered":"https:\/\/bluestudio.estadao.com.br\/agencia-de-comunicacao\/releases\/releases-geral\/queda-no-desempenho-compromete-a-alfabetizacao-no-brasil\/"},"modified":"2023-09-27T18:09:00","modified_gmt":"2023-09-27T21:09:00","slug":"queda-no-desempenho-compromete-a-alfabetizacao-no-brasil","status":"publish","type":"post","link":"https:\/\/bluestudio.estadao.com.br\/agencia-de-comunicacao\/releases\/releases-geral\/queda-no-desempenho-compromete-a-alfabetizacao-no-brasil\/","title":{"rendered":"Queda no desempenho compromete a alfabetiza\u00e7\u00e3o no Brasil"},"content":{"rendered":"<p><b>DINO DIVULGADOR DE NOT\u00cdCIAS<\/b><\/p>\n<p>(<a target='_blank' href='http:\/\/www.dino.com.br' rel=\"noopener\">DINO<\/a> &#8211; 27 set, 2023) &#8211;<br \/>\nNo m&ecirc;s em que &eacute; celebrado o Dia Mundial da Alfabetiza&ccedil;&atilde;o, especialistas e educadores seguem acompanhando o cumprimento das metas do Plano Nacional de Educa&ccedil;&atilde;o (PNE), cuja vig&ecirc;ncia vai at&eacute; 2024. No entanto,&nbsp;<a rel=\"follow noopener\" target='_blank' href='https:\/\/jc.ne10.uol.com.br\/colunas\/enem-e-educacao\/2023\/09\/15588539-dia-mundial-da-alfabetizacao-brasil-enfrenta-desafios-para-apresentar-desempenho-de-qualidade-na-alfabetizacao.html'>dados<\/a>&nbsp;mostram que houve queda no desempenho da alfabetiza&ccedil;&atilde;o, o que compromete a qualidade do ensino no pa&iacute;s. De acordo com o Inep (Instituto Nacional de Estudos e Pesquisas Educacionais), a an&aacute;lise das provas do Saeb (Sistema de Avalia&ccedil;&atilde;o da Educa&ccedil;&atilde;o B&aacute;sica) revelam que 49,4% das crian&ccedil;as avaliadas foram consideradas alfabetizadas em 2021, uma queda de 11% em rela&ccedil;&atilde;o a &uacute;ltima&nbsp;pesquisa, realizada em 2019.<\/p>\n<p>O Saeb considera alfabetizadas as crian&ccedil;as que conseguem atingir a nota m&iacute;nima de 743, o que as tornam aptas para ler palavras, frases e pequenos textos; localizar informa&ccedil;&otilde;es na superf&iacute;cie textual; escrever ortograficamente palavras com regularidades diretas entre fonemas e letras, al&eacute;m de escrever textos que circulam na vida cotidiana, ainda que com desvios ortogr&aacute;ficos e de segmenta&ccedil;&atilde;o.&nbsp;O PNE destaca tamb&eacute;m como sua quinta meta que a alfabetiza&ccedil;&atilde;o de todas as crian&ccedil;as deve ocorrer, no m&aacute;ximo, at&eacute; o final do 3&ordm; (terceiro) ano do ensino fundamental.<\/p>\n<p>&ldquo;As metas de universaliza&ccedil;&atilde;o da educa&ccedil;&atilde;o, alfabetiza&ccedil;&atilde;o, eleva&ccedil;&atilde;o da escolaridade, de pol&iacute;tica nacional de forma&ccedil;&atilde;o dos profissionais de educa&ccedil;&atilde;o, de implementa&ccedil;&atilde;o do Sistema Nacional de Educa&ccedil;&atilde;o (SNE), entre outras, n&atilde;o foram cumpridas&rdquo;, lamentou Heleno, que preside a Confedera&ccedil;&atilde;o Nacional dos Trabalhadores em Educa&ccedil;&atilde;o (CNTE). &ldquo;O que nos resta &eacute; fazer valer os objetivos a serem estabelecidos para a pr&oacute;xima d&eacute;cada e que o Estado brasileiro cumpra o seu dever de garantir o direito &agrave; educa&ccedil;&atilde;o para todas as pessoas&rdquo;.&nbsp;<\/p>\n<p>Para a mestre e especialista em Educa&ccedil;&atilde;o, Claudia Levinsohn, o desafio na alfabetiza&ccedil;&atilde;o no Brasil &eacute; fazer com que todos entendam e trabalhem juntos para aumentar o n&uacute;mero de crian&ccedil;as que completam esse ciclo de forma adequada. &ldquo;Os professores fazem a sua parte, mas &eacute; preciso contar com pol&iacute;ticas educacionais adequadas e que funcionem para que a escola tenha suporte e os pais possam contar com uma forma&ccedil;&atilde;o mais qualificada&rdquo;, afirma ela.<\/p>\n<p>O Dia Mundial da Alfabetiza&ccedil;&atilde;o foi criado pela ONU (Organiza&ccedil;&atilde;o das Na&ccedil;&otilde;es Unidas) e pela Unesco (Organiza&ccedil;&atilde;o das Na&ccedil;&otilde;es Unidas para a Educa&ccedil;&atilde;o, a Ci&ecirc;ncia e a Cultura), em 1967, com o objetivo de <a rel=\"follow noopener\" target='_blank' href='https:\/\/agenciabrasil.ebc.com.br\/educacao\/noticia\/2023-09\/alfabetizacao-de-criancas-ainda-e-desafio-para-o-brasil'>promover<\/a> a discuss&atilde;o sobre a import&acirc;ncia da alfabetiza&ccedil;&atilde;o, principalmente em pa&iacute;ses que ainda t&ecirc;m &iacute;ndices consider&aacute;veis de analfabetismo.<\/p>\n<p>A <b>OESP<\/b> n\u00e3o \u00e9(s\u00e3o) respons\u00e1vel(is) por erros, incorre\u00e7\u00f5es, atrasos ou quaisquer decis\u00f5es tomadas por seus clientes com base nos Conte\u00fados ora disponibilizados, bem como tais Conte\u00fados n\u00e3o representam a opini\u00e3o da <b>OESP<\/b> e s\u00e3o de inteira responsabilidade da <b>Dino Divulgador de Noticias Online Ltda<\/b><\/p>\n","protected":false},"excerpt":{"rendered":"DINO DIVULGADOR DE NOT\u00cdCIAS (DINO &#8211; 27 set, 2023) &#8211; No m&ecirc;s em que &eacute; celebrado o Dia Mundial da Alfabetiza&ccedil;&atilde;o, especialistas e educadores seguem acompanhando o","protected":false},"author":1,"featured_media":74181,"comment_status":"open","ping_status":"closed","sticky":false,"template":"","format":"standard","meta":{"_acf_changed":false,"inline_featured_image":false,"_monsterinsights_skip_tracking":false,"_monsterinsights_sitenote_active":false,"_monsterinsights_sitenote_note":"","_monsterinsights_sitenote_category":0,"footnotes":""},"categories":[34],"tags":[],"class_list":["post-74180","post","type-post","status-publish","format-standard","has-post-thumbnail","hentry","category-releases-geral"],"acf":[],"_links":{"self":[{"href":"https:\/\/bluestudio.estadao.com.br\/agencia-de-comunicacao\/wp-json\/wp\/v2\/posts\/74180","targetHints":{"allow":["GET"]}}],"collection":[{"href":"https:\/\/bluestudio.estadao.com.br\/agencia-de-comunicacao\/wp-json\/wp\/v2\/posts"}],"about":[{"href":"https:\/\/bluestudio.estadao.com.br\/agencia-de-comunicacao\/wp-json\/wp\/v2\/types\/post"}],"author":[{"embeddable":true,"href":"https:\/\/bluestudio.estadao.com.br\/agencia-de-comunicacao\/wp-json\/wp\/v2\/users\/1"}],"replies":[{"embeddable":true,"href":"https:\/\/bluestudio.estadao.com.br\/agencia-de-comunicacao\/wp-json\/wp\/v2\/comments?post=74180"}],"version-history":[{"count":0,"href":"https:\/\/bluestudio.estadao.com.br\/agencia-de-comunicacao\/wp-json\/wp\/v2\/posts\/74180\/revisions"}],"wp:featuredmedia":[{"embeddable":true,"href":"https:\/\/bluestudio.estadao.com.br\/agencia-de-comunicacao\/wp-json\/wp\/v2\/media\/74181"}],"wp:attachment":[{"href":"https:\/\/bluestudio.estadao.com.br\/agencia-de-comunicacao\/wp-json\/wp\/v2\/media?parent=74180"}],"wp:term":[{"taxonomy":"category","embeddable":true,"href":"https:\/\/bluestudio.estadao.com.br\/agencia-de-comunicacao\/wp-json\/wp\/v2\/categories?post=74180"},{"taxonomy":"post_tag","embeddable":true,"href":"https:\/\/bluestudio.estadao.com.br\/agencia-de-comunicacao\/wp-json\/wp\/v2\/tags?post=74180"}],"curies":[{"name":"wp","href":"https:\/\/api.w.org\/{rel}","templated":true}]}}