{"id":74138,"date":"2023-09-27T13:45:00","date_gmt":"2023-09-27T16:45:00","guid":{"rendered":"https:\/\/bluestudio.estadao.com.br\/agencia-de-comunicacao\/releases\/releases-geral\/governo-propoe-salario-minimo-de-r-1-421-em-2024\/"},"modified":"2023-09-27T13:45:00","modified_gmt":"2023-09-27T16:45:00","slug":"governo-propoe-salario-minimo-de-r-1-421-em-2024","status":"publish","type":"post","link":"https:\/\/bluestudio.estadao.com.br\/agencia-de-comunicacao\/releases\/releases-geral\/governo-propoe-salario-minimo-de-r-1-421-em-2024\/","title":{"rendered":"Governo prop\u00f5e sal\u00e1rio m\u00ednimo de R$ 1.421 em 2024"},"content":{"rendered":"<p><b>DINO DIVULGADOR DE NOT\u00cdCIAS<\/b><\/p>\n<p>(<a target='_blank' href='http:\/\/www.dino.com.br' rel=\"noopener\">DINO<\/a> &#8211; 27 set, 2023) &#8211;<br \/>\nO<a rel=\"follow noopener\" target='_blank' href='https:\/\/noticiadeultimahora.com.br\/?s=sal%C3%A1rio+m%C3%ADnimo'> sal&aacute;rio m&iacute;nimo<\/a> deve passar dos atuais R$ 1.320 para R$ 1.421, um aumento de 7,65%, segundo a proposta or&ccedil;ament&aacute;ria para 2024 (PLN 29\/23), entregue pelo governo ao Congresso Nacional no dia 31 de agosto. O projeto prev&ecirc; receitas e despesas de R$ 2,2 trilh&otilde;es e, portanto, sem nenhum d&eacute;ficit fiscal, conforme veiculado pela <a rel=\"follow noopener\" target='_blank' href='https:\/\/www.camara.leg.br\/noticias\/993644-orcamento-de-2024-preve-deficit-zero-e-salario-minimo-de-r-1-421-com-aumento-de-765'>Ag&ecirc;ncia C&acirc;mara de Not&iacute;cias<\/a>.<\/p>\n<p>De acordo com informa&ccedil;&atilde;o dos t&eacute;cnicos do Minist&eacute;rio da Fazenda, as contas mostraram um super&aacute;vit de R$ 2,8 bilh&otilde;es. Apesar disso, a meta ser&aacute; considerada cumprida pelo novo arcabou&ccedil;o fiscal se ocorrer um d&eacute;ficit ou super&aacute;vit de at&eacute; R$ 29 bilh&otilde;es.<\/p>\n<p>A estimativa do <a rel=\"follow noopener\" target='_blank' href='https:\/\/jornaljf.com.br\/aumento-de-10-68-no-salario-minimo-em-2024-conheca-os-detalhes\/'>novo valor para o piso nacional<\/a> depende da varia&ccedil;&atilde;o anual do INPC (&Iacute;ndice de Pre&ccedil;os no Consumidor) at&eacute; o m&ecirc;s de novembro, somado ao crescimento do PIB (Produto Interno Bruto) em 2022, que foi de 2,9%. De acordo com os t&eacute;cnicos, por ora, n&atilde;o h&aacute; previs&atilde;o de reajuste no projeto para a <a rel=\"follow noopener\" target='_blank' href='https:\/\/jornaljf.com.br\/?s=imposto+de+renda'>tabela do IR<\/a> (Imposto de Renda) e para os benef&iacute;cios do Bolsa Fam&iacute;lia.<\/p>\n<p>&ldquo;A valoriza&ccedil;&atilde;o do <a rel=\"follow noopener\" target='_blank' href='https:\/\/noticiadeultimahora.com.br\/como-a-valorizacao-do-salario-minimo-afeta-o-abono-extra-do-inss-entenda\/'>sal&aacute;rio m&iacute;nimo em 2024<\/a> acima da infla&ccedil;&atilde;o &eacute; algo visto com bons olhos pelos brasileiros&rdquo;, afirma Jo&atilde;o Adolfo de Souza, propriet&aacute;rio da Jo&atilde;o Financeira, portal de not&iacute;cias focado em informa&ccedil;&otilde;es para <a rel=\"follow noopener\" target='_blank' href='https:\/\/www.youtube.com\/@JoaoFinanceira\/streams'>benefici&aacute;rios do INSS <\/a>(Instituto Nacional do Seguro Social).<\/p>\n<p>Souza destaca que o valor afetar&aacute; n&atilde;o apenas a classe trabalhadora, mas tamb&eacute;m os benef&iacute;cios sociais. &ldquo;Aposentados e pensionistas ser&atilde;o beneficiados com o aumento do benef&iacute;cio e <a rel=\"follow noopener\" target='_blank' href='https:\/\/www.youtube.com\/watch?v=4s8vSMxoMQs'>aumento de margem para empr&eacute;stimo<\/a>. A melhoria no poder de compra &eacute; algo que tamb&eacute;m ser&aacute; comemorado&rdquo;, diz.<\/p>\n<p>A prop&oacute;sito, o <a rel=\"follow noopener\" target='_blank' href='https:\/\/www.cnnbrasil.com.br\/economia\/salario-minimo-do-brasil-ocupa-51-lugar-em-ranking-de-maior-poder-de-compra\/'>Brasil ocupa o 51&deg; lugar entre 105 pa&iacute;ses com a maior PPC<\/a> (Paridade do Poder de Compra), m&eacute;todo para se comparar o poder de compra entre os pa&iacute;ses, de acordo com a OIT (Organiza&ccedil;&atilde;o Internacional do Trabalho). O poder de compra do piso nacional &eacute; de cerca de US$ 497 (cerca de R$ 2.418).<\/p>\n<p>Paralelamente, de acordo com a <a rel=\"follow noopener\" target='_blank' href='https:\/\/pesquisascnc.com.br\/pesquisa-peic\/'>Peic<\/a> (Pesquisa de Endividamento e Inadimpl&ecirc;ncia do Consumidor), divulgada pela CNC (Confedera&ccedil;&atilde;o Nacional do Com&eacute;rcio de Bens, Servi&ccedil;os e Turismo), o percentual de fam&iacute;lias com d&iacute;vidas (em dia ou n&atilde;o) no pa&iacute;s chegou a 78,3% em abril, acima dos 77,7% registrados em igual per&iacute;odo do ano precedente.<\/p>\n<p>A <a rel=\"follow noopener\" target='_blank' href='https:\/\/www.fecomercio.com.br\/pesquisas\/indice\/peic'>Peic<\/a> tamb&eacute;m revelou que o n&uacute;mero de cidad&atilde;os que n&atilde;o esperam conseguir quitar as suas d&iacute;vidas chegou a 11,6%. De forma s&iacute;ncrona, indicativos do &ldquo;Mapa da Inadimpl&ecirc;ncia e Negocia&ccedil;&atilde;o de D&iacute;vidas no Brasil&rdquo;, da <a rel=\"follow noopener\" target='_blank' href='https:\/\/www.serasa.com.br\/limpa-nome-online\/blog\/mapa-da-inadimplencia-e-renogociacao-de-dividas-no-brasil\/'>Serasa Experian<\/a>, revelam que havia cerca de 70,71 milh&otilde;es de brasileiros inadimplentes em mar&ccedil;o deste ano.<\/p>\n<p>Para mais informa&ccedil;&otilde;es, basta acessar: <a rel=\"follow noopener\" target='_blank' href='https:\/\/www.joaofinanceira.com.br\/blog\/'>https:\/\/www.joaofinanceira.com.br\/blog\/<\/a><\/p>\n<p>Website: <a target='_blank' href='https:\/\/www.joaofinanceira.com.br\/blog\/' rel=\"follow noopener\">https:\/\/www.joaofinanceira.com.br\/blog\/<\/a><img src='https:\/\/api.dino.com.br\/v2\/news\/tr\/293812' alt='' style='border:0px;width:1px;height:1px' \/><br \/>\nA <b>OESP<\/b> n\u00e3o \u00e9(s\u00e3o) respons\u00e1vel(is) por erros, incorre\u00e7\u00f5es, atrasos ou quaisquer decis\u00f5es tomadas por seus clientes com base nos Conte\u00fados ora disponibilizados, bem como tais Conte\u00fados n\u00e3o representam a opini\u00e3o da <b>OESP<\/b> e s\u00e3o de inteira responsabilidade da <b>Dino Divulgador de Noticias Online Ltda<\/b><\/p>\n","protected":false},"excerpt":{"rendered":"DINO DIVULGADOR DE NOT\u00cdCIAS (DINO &#8211; 27 set, 2023) &#8211; O sal&aacute;rio m&iacute;nimo deve passar dos atuais R$ 1.320 para R$ 1.421, um aumento de 7,65%, segundo a proposta","protected":false},"author":1,"featured_media":74139,"comment_status":"open","ping_status":"closed","sticky":false,"template":"","format":"standard","meta":{"_acf_changed":false,"inline_featured_image":false,"_monsterinsights_skip_tracking":false,"_monsterinsights_sitenote_active":false,"_monsterinsights_sitenote_note":"","_monsterinsights_sitenote_category":0,"footnotes":""},"categories":[34],"tags":[],"class_list":["post-74138","post","type-post","status-publish","format-standard","has-post-thumbnail","hentry","category-releases-geral"],"acf":[],"_links":{"self":[{"href":"https:\/\/bluestudio.estadao.com.br\/agencia-de-comunicacao\/wp-json\/wp\/v2\/posts\/74138","targetHints":{"allow":["GET"]}}],"collection":[{"href":"https:\/\/bluestudio.estadao.com.br\/agencia-de-comunicacao\/wp-json\/wp\/v2\/posts"}],"about":[{"href":"https:\/\/bluestudio.estadao.com.br\/agencia-de-comunicacao\/wp-json\/wp\/v2\/types\/post"}],"author":[{"embeddable":true,"href":"https:\/\/bluestudio.estadao.com.br\/agencia-de-comunicacao\/wp-json\/wp\/v2\/users\/1"}],"replies":[{"embeddable":true,"href":"https:\/\/bluestudio.estadao.com.br\/agencia-de-comunicacao\/wp-json\/wp\/v2\/comments?post=74138"}],"version-history":[{"count":0,"href":"https:\/\/bluestudio.estadao.com.br\/agencia-de-comunicacao\/wp-json\/wp\/v2\/posts\/74138\/revisions"}],"wp:featuredmedia":[{"embeddable":true,"href":"https:\/\/bluestudio.estadao.com.br\/agencia-de-comunicacao\/wp-json\/wp\/v2\/media\/74139"}],"wp:attachment":[{"href":"https:\/\/bluestudio.estadao.com.br\/agencia-de-comunicacao\/wp-json\/wp\/v2\/media?parent=74138"}],"wp:term":[{"taxonomy":"category","embeddable":true,"href":"https:\/\/bluestudio.estadao.com.br\/agencia-de-comunicacao\/wp-json\/wp\/v2\/categories?post=74138"},{"taxonomy":"post_tag","embeddable":true,"href":"https:\/\/bluestudio.estadao.com.br\/agencia-de-comunicacao\/wp-json\/wp\/v2\/tags?post=74138"}],"curies":[{"name":"wp","href":"https:\/\/api.w.org\/{rel}","templated":true}]}}