{"id":73851,"date":"2023-09-25T12:57:00","date_gmt":"2023-09-25T15:57:00","guid":{"rendered":"https:\/\/bluestudio.estadao.com.br\/agencia-de-comunicacao\/prnewswire\/prnewseconomia\/bayer-capacita-mais-de-73-mil-pessoas-no-brasil-atraves-de-seus-treinamentos\/"},"modified":"2023-09-25T12:57:00","modified_gmt":"2023-09-25T15:57:00","slug":"bayer-capacita-mais-de-73-mil-pessoas-no-brasil-atraves-de-seus-treinamentos","status":"publish","type":"post","link":"https:\/\/bluestudio.estadao.com.br\/agencia-de-comunicacao\/prnewswire\/prnewseconomia\/bayer-capacita-mais-de-73-mil-pessoas-no-brasil-atraves-de-seus-treinamentos\/","title":{"rendered":"Bayer capacita mais de 73 mil pessoas no Brasil atrav\u00e9s de seus treinamentos"},"content":{"rendered":"<p><b>PR NEWSWIRE<\/b><\/p>\n<div class=\"xn-content\">\n<p class=\"prntac\"><i>Para aprimorar a m\u00e3o de obra no campo e incentivar boas pr\u00e1ticas, a companhia segue investindo em cursos de capacita\u00e7\u00e3o para a cadeia da soja\u00a0<\/i>\u00a0<\/p>\n<p><span class=\"legendSpanClass\">S\u00c3O PAULO<\/span>, <span class=\"legendSpanClass\">25 de setembro de 2023<\/span> \/PRNewswire\/ &#8212;\u00a0Estimular o uso seguro de defensivos agr\u00edcolas e de tecnologias no campo \u00e9 uma das principais metas da Bayer. Para alcan\u00e7ar esse objetivo e aperfei\u00e7oar a m\u00e3o de obra do setor, a companhia tem se dedicado a oferecer capacita\u00e7\u00f5es e treinamentos para operadores de pulverizadores, produtores rurais, t\u00e9cnicos agr\u00edcolas, multiplicadores, cooperativas, canais de distribui\u00e7\u00e3o e colaboradores. Os treinamentos fazem parte do programa de capacita\u00e7\u00e3o lan\u00e7ado dois anos antes da Plataforma Intacta2 Xtend (i2x) para soja, em 2019 e ampliado ao longo dos \u00faltimos anos. At\u00e9 o momento, mais de 73 mil pessoas foram impactadas pelas iniciativas, como enfatiza <span class=\"xn-person\">Vivian Nascimento<\/span>, gerente de treinamentos e lan\u00e7amentos futuros de soja da Bayer no Brasil.<\/p>\n<p>&#8220;Ficamos muito contentes com o resultado obtido, que acabou ultrapassando a nossa expectativa. Uma de nossas prioridades \u00e9 seguir oferecendo condi\u00e7\u00f5es para que as equipes de campo estejam altamente qualificadas para a ado\u00e7\u00e3o de novas tecnologias e solu\u00e7\u00f5es, para que se aumente a produtividade no cultivo de soja, com sustentabilidade e seguran\u00e7a.&#8221;<\/p>\n<p>Entre as diversas capacita\u00e7\u00f5es e treinamentos que a Bayer oferece, destaque para o Programa &#8220;i2x Acerte &#8211; Boas Pr\u00e1ticas de Aplica\u00e7\u00e3o&#8221;, focado no manejo eficiente de plantas daninhas e seguran\u00e7a na aplica\u00e7\u00e3o. Desenvolvido em 2021, em parceria com as administra\u00e7\u00f5es estaduais do Servi\u00e7o Nacional de Aprendizagem Rural (Senar), o programa abrange tanto conte\u00fados pr\u00e1ticos, quanto te\u00f3ricos, proporcionando aos participantes conhecimentos espec\u00edficos sobre regulagem de maquin\u00e1rio, per\u00edodo ideal para pulveriza\u00e7\u00e3o, lavagem correta de tanques, aplica\u00e7\u00e3o para redu\u00e7\u00e3o de deriva, passos para o manejo inteligente de herbicidas, inspe\u00e7\u00e3o pr\u00e1tica e peri\u00f3dica de pulverizadores entre outros.<\/p>\n<p>Para esse treinamento, a Bayer montou salas com equipamentos que simulam condi\u00e7\u00f5es de clima, vento, entre outros, para que os operadores e t\u00e9cnicos pudessem observar na pr\u00e1tica as diferen\u00e7as do bom manejo. Ao todo, seis unidades regionais do Senar receberam salas fixas, que ser\u00e3o doadas ap\u00f3s o fim do contrato entre as partes; e outras tr\u00eas, salas itinerantes, que percorrem as regi\u00f5es produtoras de seus estados.<\/p>\n<p>&#8220;As salas contam com simuladores e equipamentos que reproduzem as condi\u00e7\u00f5es de pulveriza\u00e7\u00e3o na lavoura, facilitando a transfer\u00eancia de conhecimento para os participantes do curso&#8221;, destaca. Atualmente, \u00e9 disponibilizado pelo Senar nos estados de <span class=\"xn-location\">Mato Grosso<\/span>, Goi\u00e1s, Paran\u00e1, <span class=\"xn-location\">Mato Grosso<\/span> do Sul e Rio Grande do Sul.<\/p>\n<p>De acordo com <span class=\"xn-person\">Eduardo Condorelli<\/span>, superintendente do Senar-RS, a parceria entre a Bayer e a institui\u00e7\u00e3o \u00e9 crucial para que o produtor absorva todo o conhecimento necess\u00e1rio. &#8220;O nosso trabalho consiste em decodificar e transformar a linguagem t\u00e9cnica que empresas e institui\u00e7\u00f5es de pesquisa utilizam em uma linguagem que o produtor consiga compreender, e os simuladores de realidades trazidos pela Bayer nos ajudam nesse processo. Com a simula\u00e7\u00e3o da realidade, o produtor consegue absorver o conhecimento de maneira muito mais simples e eficiente, o que o contribuir\u00e1 na hora de aplicar toda e qualquer tecnologia no campo.&#8221;<\/p>\n<p>Os agricultores e operadores tamb\u00e9m podem baixar o aplicativo &#8221; i2x Acerte&#8221; em seus dispositivos m\u00f3veis, uma ferramenta que contribui para a inspe\u00e7\u00e3o preventiva e peri\u00f3dica dos pulverizadores, registro de informa\u00e7\u00f5es e opera\u00e7\u00f5es planejadas para cada talh\u00e3o, entre outros. S\u00e3o 19 itens checados, como mangueiras, v\u00e1lvulas, man\u00f4metro, pontas e outros. Ao final do processo, \u00e9 poss\u00edvel gerar um relat\u00f3rio sobre o estado do maquin\u00e1rio, que pode ser compartilhado pelo produtor por meio de aplicativos de mensagem.<\/p>\n<p>J\u00e1 para o ensino de boas pr\u00e1ticas agr\u00edcolas para operadores de m\u00e1quinas e produtores rurais, a companhia oferece o curso gratuito &#8220;Opera\u00e7\u00e3o Pulveriza\u00e7\u00e3o&#8221;, que acontece via WhatsApp. Tamb\u00e9m disponibiliza a plataforma on-line i2x Lab, que disponibiliza conte\u00fados gratuitos, compilando todo conhecimento constru\u00eddo em conjunto com acad\u00eamicos e consultores do pa\u00eds.<\/p>\n<p>&#8220;Com essas iniciativas, nosso objetivo \u00e9 ampliar e facilitar o acesso \u00e0 informa\u00e7\u00e3o para os membros da cadeia. Nossa atua\u00e7\u00e3o vai al\u00e9m do lan\u00e7amento de i2x, tamb\u00e9m buscamos apoiar os agricultores com uma equipe altamente qualificada com as melhores recomenda\u00e7\u00f5es, para que os agricultores produzam cada vez mais, de forma mais eficiente, segura e sustent\u00e1vel&#8221;, finaliza Vivian.<\/p>\n<p>Para acessar os conte\u00fados gratuitos do i2x Lab, clique aqui e fa\u00e7a o seu cadastro.<\/p>\n<p><b>Sobre a Bayer<br \/><\/b>A Bayer \u00e9 uma empresa global com compet\u00eancias essenciais nas ci\u00eancias da vida nos setores de agroneg\u00f3cios e sa\u00fade. Seus produtos e servi\u00e7os s\u00e3o projetados para ajudar as pessoas e o planeta a prosperar, apoiando os esfor\u00e7os para superar os principais desafios apresentados por uma popula\u00e7\u00e3o global em crescimento e envelhecimento. A Bayer est\u00e1 comprometida em impulsionar o desenvolvimento sustent\u00e1vel e gerar um impacto positivo em seus neg\u00f3cios. Ao mesmo tempo, o Grupo pretende aumentar o seu poder de ganho e criar valor atrav\u00e9s da inova\u00e7\u00e3o e do crescimento. A marca Bayer representa confian\u00e7a, confiabilidade e qualidade. O Brasil \u00e9 a terceira maior opera\u00e7\u00e3o da companhia no mundo.<\/p>\n<p><b>Declara\u00e7\u00f5es prospectivas<\/b>\u00a0<br \/>Este comunicado pode conter declara\u00e7\u00f5es\u00a0prospectivas baseadas nas previs\u00f5es atuais da equipe executiva da Bayer. Diversos riscos, incertezas e outros fatores, conhecidos ou desconhecidos, podem gerar diferen\u00e7as materiais entre os reais e futuros resultados, situa\u00e7\u00f5es financeiras, desenvolvimentos e desempenhos da empresa e as estimativas apresentadas aqui. Esses fatores incluem aqueles discutidos nos relat\u00f3rios p\u00fablicos da Bayer, dispon\u00edveis no <a href=\"\/Users\/gbokz\/AppData\/Local\/Microsoft\/Windows\/INetCache\/Content.Outlook\/IFYIHAYC\/www.bayer.com\" target=\"_blank\" rel=\"nofollow noopener\">site da empresa<\/a>. A companhia se isenta de qualquer responsabilidade pela atualiza\u00e7\u00e3o destas declara\u00e7\u00f5es prospectivas e pela precis\u00e3o de eventos e desenvolvimentos futuros.\u00a0<\/p>\n<p>FONTE  Bayer<\/p>\n<\/div>\n<p><img decoding=\"async\" alt=\"\" src=\"https:\/\/rt.prnewswire.com\/rt.gif?NewsItemId=PT19245&amp;Transmission_Id=202309251148PR_NEWS_LATAM____PT19245&amp;DateId=20230925\" style=\"border:0px;width:1px;height:1px\" \/><\/p>\n<p>A <b>OESP<\/b> n\u00e3o \u00e9(s\u00e3o) respons\u00e1vel(is) por erros, incorre\u00e7\u00f5es, atrasos ou quaisquer decis\u00f5es tomadas por seus clientes com base nos Conte\u00fados ora disponibilizados, bem como tais Conte\u00fados n\u00e3o representam a opini\u00e3o da <b>OESP<\/b> e s\u00e3o de inteira responsabilidade da <b>PR Newswire Ltda<\/b><\/p>\n","protected":false},"excerpt":{"rendered":"PR NEWSWIRE Para aprimorar a m\u00e3o de obra no campo e incentivar boas pr\u00e1ticas, a companhia segue investindo em cursos de capacita\u00e7\u00e3o para a cadeia da soja\u00a0\u00a0 S\u00c3O PAULO, 25 de setembro de 2023","protected":false},"author":1,"featured_media":73852,"comment_status":"open","ping_status":"closed","sticky":false,"template":"","format":"standard","meta":{"_acf_changed":false,"inline_featured_image":false,"_monsterinsights_skip_tracking":false,"_monsterinsights_sitenote_active":false,"_monsterinsights_sitenote_note":"","_monsterinsights_sitenote_category":0,"footnotes":""},"categories":[29],"tags":[],"class_list":["post-73851","post","type-post","status-publish","format-standard","has-post-thumbnail","hentry","category-prnewseconomia"],"acf":[],"_links":{"self":[{"href":"https:\/\/bluestudio.estadao.com.br\/agencia-de-comunicacao\/wp-json\/wp\/v2\/posts\/73851","targetHints":{"allow":["GET"]}}],"collection":[{"href":"https:\/\/bluestudio.estadao.com.br\/agencia-de-comunicacao\/wp-json\/wp\/v2\/posts"}],"about":[{"href":"https:\/\/bluestudio.estadao.com.br\/agencia-de-comunicacao\/wp-json\/wp\/v2\/types\/post"}],"author":[{"embeddable":true,"href":"https:\/\/bluestudio.estadao.com.br\/agencia-de-comunicacao\/wp-json\/wp\/v2\/users\/1"}],"replies":[{"embeddable":true,"href":"https:\/\/bluestudio.estadao.com.br\/agencia-de-comunicacao\/wp-json\/wp\/v2\/comments?post=73851"}],"version-history":[{"count":0,"href":"https:\/\/bluestudio.estadao.com.br\/agencia-de-comunicacao\/wp-json\/wp\/v2\/posts\/73851\/revisions"}],"wp:featuredmedia":[{"embeddable":true,"href":"https:\/\/bluestudio.estadao.com.br\/agencia-de-comunicacao\/wp-json\/wp\/v2\/media\/73852"}],"wp:attachment":[{"href":"https:\/\/bluestudio.estadao.com.br\/agencia-de-comunicacao\/wp-json\/wp\/v2\/media?parent=73851"}],"wp:term":[{"taxonomy":"category","embeddable":true,"href":"https:\/\/bluestudio.estadao.com.br\/agencia-de-comunicacao\/wp-json\/wp\/v2\/categories?post=73851"},{"taxonomy":"post_tag","embeddable":true,"href":"https:\/\/bluestudio.estadao.com.br\/agencia-de-comunicacao\/wp-json\/wp\/v2\/tags?post=73851"}],"curies":[{"name":"wp","href":"https:\/\/api.w.org\/{rel}","templated":true}]}}