{"id":73592,"date":"2023-09-21T12:59:00","date_gmt":"2023-09-21T15:59:00","guid":{"rendered":"https:\/\/bluestudio.estadao.com.br\/agencia-de-comunicacao\/releases\/releases-geral\/indice-de-desempenho-das-industrias-de-pequeno-porte-cresce\/"},"modified":"2023-09-21T12:59:00","modified_gmt":"2023-09-21T15:59:00","slug":"indice-de-desempenho-das-industrias-de-pequeno-porte-cresce","status":"publish","type":"post","link":"https:\/\/bluestudio.estadao.com.br\/agencia-de-comunicacao\/releases\/releases-geral\/indice-de-desempenho-das-industrias-de-pequeno-porte-cresce\/","title":{"rendered":"\u00cdndice de desempenho das ind\u00fastrias de pequeno porte cresce"},"content":{"rendered":"<p><b>DINO DIVULGADOR DE NOT\u00cdCIAS<\/b><\/p>\n<p>CAMPO GRANDE &#8211; MS&#8211;(<a target='_blank' href='http:\/\/www.dino.com.br' rel=\"noopener\">DINO<\/a> &#8211; 21 set, 2023) &#8211;<br \/>\nEm <a rel=\"follow noopener\" target='_blank' href='https:\/\/static.portaldaindustria.com.br\/media\/filer_public\/42\/94\/4294f4a9-72b9-4e5a-a137-4ed7cbfbfec2\/panorana_da_pequena_industria_abr-jun2023_v1.pdf'>estudo recente divulgado pelo Portal da Ind&uacute;stria<\/a>, o &Iacute;ndice de Desempenho das Ind&uacute;strias de Pequeno Porte registrou uma pontua&ccedil;&atilde;o de 44,8 para o segundo trimestre de 2023. Esse resultado pode ser considerado favor&aacute;vel em compara&ccedil;&atilde;o com a m&eacute;dia do segundo trimestre, que foi de 42,5 pontos, e at&eacute; mesmo em rela&ccedil;&atilde;o &agrave; m&eacute;dia hist&oacute;rica, que atingiu 43,8 pontos.<\/p>\n<p>Apesar de uma queda de 3,5 pontos em abril em compara&ccedil;&atilde;o com mar&ccedil;o, um fen&ocirc;meno comum para esse per&iacute;odo, o &iacute;ndice mostrou uma recupera&ccedil;&atilde;o ao longo do restante do trimestre, com melhorias significativas de abril para maio (+2,4 pontos) e de maio para junho (+0,4 ponto). Como resultado, o &iacute;ndice encerrou o trimestre com um total de 45,9 pontos.<\/p>\n<p>Ainda <a rel=\"follow noopener\" target='_blank' href='https:\/\/www.portaldaindustria.com.br\/estatisticas\/panorama-da-pequena-industria\/'>sobre o estudo publicado<\/a>, o &Iacute;ndice de Situa&ccedil;&atilde;o Financeira das pequenas ind&uacute;strias, que &eacute; calculado levando em considera&ccedil;&atilde;o a margem de lucro operacional, a sa&uacute;de financeira e o acesso ao cr&eacute;dito, apresentou um aumento de 2,0 pontos durante o segundo trimestre de 2023, alcan&ccedil;ando a marca de 41,3 pontos.<\/p>\n<p>Essa eleva&ccedil;&atilde;o representa uma recupera&ccedil;&atilde;o parcial ap&oacute;s a queda observada no primeiro trimestre de 2023, quando o &iacute;ndice registrou uma diminui&ccedil;&atilde;o de 3,7 pontos, caindo de 43,0 pontos no &uacute;ltimo trimestre de 2022 para 39,3 pontos. Mesmo assim, &eacute; importante notar que o &iacute;ndice permanece acima da m&eacute;dia para o segundo trimestre de cada ano, que &eacute; de 37,6 pontos, e tamb&eacute;m supera a m&eacute;dia hist&oacute;rica de 38,2 pontos, indicando uma melhora nas condi&ccedil;&otilde;es financeiras das pequenas ind&uacute;strias.<\/p>\n<p>Jos&eacute; Ant&ocirc;nio Valente, diretor da <a rel=\"follow noopener\" target='_blank' href='https:\/\/www.transobra.com.br\/'>empresa de loca&ccedil;&atilde;o de equipamentos para constru&ccedil;&atilde;o civil<\/a> Trans Obra afirmou que o aumento do &Iacute;ndice de Desempenho das Ind&uacute;strias de Pequeno Porte para 44,8 pontos pode indicar uma melhora tamb&eacute;m no setor da constru&ccedil;&atilde;o civil, j&aacute; que este segmento faz parte da an&aacute;lise para o c&aacute;lculo da m&eacute;dia ponderada que mede os resultados informados no <a rel=\"follow noopener\" target='_blank' href='https:\/\/static.portaldaindustria.com.br\/media\/filer_public\/42\/94\/4294f4a9-72b9-4e5a-a137-4ed7cbfbfec2\/panorana_da_pequena_industria_abr-jun2023_v1.pdf'>documento publicado<\/a>. &ldquo;Todo o setor da ind&uacute;stria de m&aacute;quinas e equipamentos deve ficar atento aos resultados informados, pois isso pode indicar uma crescente na receita das empresas do ramo.<\/p>\n<p>Ainda no <a rel=\"follow noopener\" target='_blank' href='https:\/\/static.portaldaindustria.com.br\/media\/filer_public\/42\/94\/4294f4a9-72b9-4e5a-a137-4ed7cbfbfec2\/panorana_da_pequena_industria_abr-jun2023_v1.pdf'>relat&oacute;rio publicado<\/a>, os empres&aacute;rios de pequeno porte destacaram que a carga tribut&aacute;ria elevada foi um dos principais desafios enfrentados pela ind&uacute;stria de transforma&ccedil;&atilde;o, com um total de 41,6% das respostas assinalando essa quest&atilde;o. No segmento da ind&uacute;stria da constru&ccedil;&atilde;o, a carga tribut&aacute;ria ocupou a terceira posi&ccedil;&atilde;o, representando 26,0%, ap&oacute;s um not&aacute;vel aumento de 6,9 pontos percentuais (p.p.) ao longo do trimestre. Essa tend&ecirc;ncia reflete a constante preocupa&ccedil;&atilde;o com a carga tribut&aacute;ria entre as pequenas ind&uacute;strias.<\/p>\n<p>As altas taxas de juros assumiram a primeira posi&ccedil;&atilde;o no rol de preocupa&ccedil;&otilde;es para a ind&uacute;stria da constru&ccedil;&atilde;o, com 33,3% das respostas indicando essa quest&atilde;o. No entanto, na ind&uacute;stria de transforma&ccedil;&atilde;o, as altas taxas de juros ocuparam a terceira posi&ccedil;&atilde;o, com 27,4% das assinala&ccedil;&otilde;es. A manuten&ccedil;&atilde;o da taxa b&aacute;sica de juros, a Selic, em n&iacute;veis elevados tem tido um impacto adverso sobre o acesso ao cr&eacute;dito para as pequenas empresas, tornando-o mais dispendioso e restrito. Esse cen&aacute;rio tem contribu&iacute;do para uma percep&ccedil;&atilde;o negativa entre os empres&aacute;rios de pequeno porte em rela&ccedil;&atilde;o a esse problema.<\/p>\n<p>Perguntado sobre o assunto, Jos&eacute; Ant&ocirc;nio, afirmou que a carga tribut&aacute;ria pode contribuir para que as empresas da ind&uacute;stria de m&aacute;quinas e equipamentos fa&ccedil;am menos investimentos no setor e por isso a loca&ccedil;&atilde;o de m&aacute;quinas e equipamentos de pequeno porte como no <a rel=\"follow noopener\" target='_blank' href='https:\/\/www.transobra.com.br\/aluguel-de-andaimes\/'>aluguel de andaimes<\/a>, betoneiras ou compressores de ar pode ser contribuir como op&ccedil;&atilde;o para as empresas no setor para conter gastos com compra de m&aacute;quinas e equipamentos para a ind&uacute;stria no geral. &ldquo;As empresas do setor de m&aacute;quinas e equipamentos ou da ind&uacute;stria da constru&ccedil;&atilde;o devem a todo momento perceber oportunidades de neg&oacute;cios at&eacute; mesmo em momentos onde a carga tribut&aacute;ria limita o empres&aacute;rio a fazer novos investimentos nas &aacute;reas em que atuam&rdquo;.<\/p>\n<p>Website: <a target='_blank' href='https:\/\/www.transobra.com.br\/' rel=\"follow noopener\">https:\/\/www.transobra.com.br\/<\/a><img src='https:\/\/api.dino.com.br\/v2\/news\/tr\/291748' alt='' style='border:0px;width:1px;height:1px' \/><br \/>\nA <b>OESP<\/b> n\u00e3o \u00e9(s\u00e3o) respons\u00e1vel(is) por erros, incorre\u00e7\u00f5es, atrasos ou quaisquer decis\u00f5es tomadas por seus clientes com base nos Conte\u00fados ora disponibilizados, bem como tais Conte\u00fados n\u00e3o representam a opini\u00e3o da <b>OESP<\/b> e s\u00e3o de inteira responsabilidade da <b>Dino Divulgador de Noticias Online Ltda<\/b><\/p>\n","protected":false},"excerpt":{"rendered":"DINO DIVULGADOR DE NOT\u00cdCIAS CAMPO GRANDE &#8211; MS&#8211;(DINO &#8211; 21 set, 2023) &#8211; Em estudo recente divulgado pelo Portal da Ind&uacute;stria, o &Iacute;ndice de Desempenho das","protected":false},"author":1,"featured_media":73593,"comment_status":"open","ping_status":"closed","sticky":false,"template":"","format":"standard","meta":{"_acf_changed":false,"inline_featured_image":false,"_monsterinsights_skip_tracking":false,"_monsterinsights_sitenote_active":false,"_monsterinsights_sitenote_note":"","_monsterinsights_sitenote_category":0,"footnotes":""},"categories":[34],"tags":[],"class_list":["post-73592","post","type-post","status-publish","format-standard","has-post-thumbnail","hentry","category-releases-geral"],"acf":[],"_links":{"self":[{"href":"https:\/\/bluestudio.estadao.com.br\/agencia-de-comunicacao\/wp-json\/wp\/v2\/posts\/73592","targetHints":{"allow":["GET"]}}],"collection":[{"href":"https:\/\/bluestudio.estadao.com.br\/agencia-de-comunicacao\/wp-json\/wp\/v2\/posts"}],"about":[{"href":"https:\/\/bluestudio.estadao.com.br\/agencia-de-comunicacao\/wp-json\/wp\/v2\/types\/post"}],"author":[{"embeddable":true,"href":"https:\/\/bluestudio.estadao.com.br\/agencia-de-comunicacao\/wp-json\/wp\/v2\/users\/1"}],"replies":[{"embeddable":true,"href":"https:\/\/bluestudio.estadao.com.br\/agencia-de-comunicacao\/wp-json\/wp\/v2\/comments?post=73592"}],"version-history":[{"count":0,"href":"https:\/\/bluestudio.estadao.com.br\/agencia-de-comunicacao\/wp-json\/wp\/v2\/posts\/73592\/revisions"}],"wp:featuredmedia":[{"embeddable":true,"href":"https:\/\/bluestudio.estadao.com.br\/agencia-de-comunicacao\/wp-json\/wp\/v2\/media\/73593"}],"wp:attachment":[{"href":"https:\/\/bluestudio.estadao.com.br\/agencia-de-comunicacao\/wp-json\/wp\/v2\/media?parent=73592"}],"wp:term":[{"taxonomy":"category","embeddable":true,"href":"https:\/\/bluestudio.estadao.com.br\/agencia-de-comunicacao\/wp-json\/wp\/v2\/categories?post=73592"},{"taxonomy":"post_tag","embeddable":true,"href":"https:\/\/bluestudio.estadao.com.br\/agencia-de-comunicacao\/wp-json\/wp\/v2\/tags?post=73592"}],"curies":[{"name":"wp","href":"https:\/\/api.w.org\/{rel}","templated":true}]}}