{"id":73570,"date":"2023-09-21T10:34:00","date_gmt":"2023-09-21T13:34:00","guid":{"rendered":"https:\/\/bluestudio.estadao.com.br\/agencia-de-comunicacao\/releases\/releases-geral\/segundo-encontro-rpe-discute-retomada-do-credito-no-varejo\/"},"modified":"2023-09-21T10:34:00","modified_gmt":"2023-09-21T13:34:00","slug":"segundo-encontro-rpe-discute-retomada-do-credito-no-varejo","status":"publish","type":"post","link":"https:\/\/bluestudio.estadao.com.br\/agencia-de-comunicacao\/releases\/releases-geral\/segundo-encontro-rpe-discute-retomada-do-credito-no-varejo\/","title":{"rendered":"Segundo Encontro RPE discute retomada do cr\u00e9dito no varejo"},"content":{"rendered":"<p><b>DINO DIVULGADOR DE NOT\u00cdCIAS<\/b><\/p>\n<p>S\u00e3o Paulo (SP)&#8211;(<a target='_blank' href='http:\/\/www.dino.com.br' rel=\"noopener\">DINO<\/a> &#8211; 21 set, 2023) &#8211;<br \/>\nEmpres&aacute;rios do varejo estiveram reunidos em S&atilde;o Paulo na &uacute;ltima semana para debater as melhores possibilidades para a retomada da inclus&atilde;o de cr&eacute;dito no setor. Essa foi a pauta do 2&ordm; Encontro RPE, evento que tentou esclarecer as melhores solu&ccedil;&otilde;es para um neg&oacute;cio varejista a partir de tecnologias, estat&iacute;sticas e metodologias adaptadas para ampliar e diversificar m&eacute;todos de pagamento.<\/p>\n<p>Promovido pela<a rel=\"follow noopener\" target='_blank' href='https:\/\/www.rpe.tech\/#sobre'> RPE, empresa brasileira de tecnologia que oferece solu&ccedil;&otilde;es em meios de pagamento para potencializar o mercado varejista<\/a>, o encontro ocorreu na &uacute;ltima quinta-feira, (14), dentro do espa&ccedil;o Itaim do hotel Tivoli Mofarrej. No palco, palestras de nomes como Rony Meisler, cofundador da Reserva, Rodolfo Margato, economic research da XP Investimento, Jorge Gon&ccedil;alves, presidente do Instituto para Desenvolvimento do Varejo (IDV), entre outros especialistas setorizados do segmento.<\/p>\n<p>Quem abriu a sequ&ecirc;ncia de pain&eacute;is foi o CEO da Dock, Ant&ocirc;nio Soares. &ldquo;Nossa hist&oacute;ria com o varejo &eacute; longa. Essa &eacute; a ind&uacute;stria mais din&acirc;mica que existe, &eacute; uma ind&uacute;stria din&acirc;mica, com um consumidor sens&iacute;vel, mas ao mesmo tempo &eacute; uma ind&uacute;stria que permite errar e acertar. Estamos ajudando n&atilde;o somente com a economia, mas tamb&eacute;m com a inclus&atilde;o financeira&rdquo;, disse em sua participa&ccedil;&atilde;o.<\/p>\n<p>Ant&ocirc;nio ainda elencou a atua&ccedil;&atilde;o da RPE ao lado da Dock. &ldquo;Dock e RPE, Ant&ocirc;nio e &Eacute;drei [CEO da RPE], s&atilde;o uma coisa s&oacute;. Hoje, juntos, estamos por tr&aacute;s de grande parte de diferentes tipos pagamentos do varejo na Am&eacute;rica Latina&rdquo;.<\/p>\n<p>Ainda que o cen&aacute;rio para o varejo brasileiro seja atualmente de positivismo &ndash; ao menos &eacute; o que indicou a <a rel=\"follow noopener\" target='_blank' href='https:\/\/agenciadenoticias.ibge.gov.br\/agencia-noticias\/2012-agencia-de-noticias\/noticias\/37908-volume-de-vendas-no-comercio-tem-alta-de-0-7-em-julho'>Pesquisa Mensal de Com&eacute;rcio do Instituto Brasileiro de Geografia e Estat&iacute;stica<\/a> (IBGE), relatando um crescimento de 0,7% em julho de 2023 em rela&ccedil;&atilde;o ao mesmo m&ecirc;s de 2022 -, este &eacute; um mercado que pode ir al&eacute;m. &Eacute; o que destacou o presidente do IDV em sua passagem.<\/p>\n<p>&ldquo;Hoje n&oacute;s representamos cerca de 560 bilh&otilde;es de faturamento anual, sendo 112 bilh&otilde;es de vendas online. 71 empresas associadas, 36,7 mil lojas, 17,6 milh&otilde;es de m&sup2; de &aacute;rea constru&iacute;da&rdquo;, adiantou Jorge Gon&ccedil;alves sobre os parceiros do IDV.&nbsp; &ldquo;Varejo sem cr&eacute;dito n&atilde;o existe. Precisamos estar num pa&iacute;s que tenha renda e tenha cr&eacute;dito. Se n&atilde;o, n&atilde;o tem varejo. Por isso esse semin&aacute;rio &eacute; importante. Para entendermos como incrementa o cr&eacute;dito no varejo&rdquo;, acrescenta.<\/p>\n<p>Mais a adiante, Breno Costa, diretor de novos produtos da Neurotech, subiu ao p&uacute;lpito para um diagn&oacute;stico geral quanto &agrave;s personas. &ldquo;A provoca&ccedil;&atilde;o &eacute; pelo preparo das empresas em conceder cr&eacute;dito. Percebo que a maior parte das empresas est&aacute; ansiosas para soltar cr&eacute;dito. Todo mundo fala que o pior j&aacute; passou e agora preciso fazer alguma coisa aqui. Mas para saber o que &eacute; ideal no momento, precisamos entender para quem estamos concedendo cr&eacute;dito&rdquo;, salienta.<\/p>\n<p>O cotidiano de compra e venda tamb&eacute;m foi pauta. Rafael Souza, diretor de neg&oacute;cio da Vuon, Leonardo Fran&ccedil;a, CFO da Cassol Centrelar, e Marcio Mota de Av&oacute;, diretor de facilidade e simplicidade D&rsquo;Av&oacute;, se reuniram num painel para discutir em conjunto as dores dos compradores e das empresas, possibilidades e ainda formas de cativar os clientes.<\/p>\n<p>&nbsp;&ldquo;Somos um supermercado da Zona Leste de SP. Temos um cart&atilde;o fidelidade que desenvolvemos com a RPE. O cart&atilde;o confian&ccedil;a responde por cerca de 30% de participa&ccedil;&atilde;o de nossas vendas. Fora resultado da opera&ccedil;&atilde;o, voc&ecirc; ainda tem uma fidelidade entre a loja e o cliente. O nosso cart&atilde;o confian&ccedil;a surgiu para podermos oferecer produtos financeiros, produtos de odontologia e ainda permitir saques. Estamos at&eacute; abrindo as portas para conceder cr&eacute;dito&rdquo;, destaca Marcio Mota de Av&oacute;.<\/p>\n<p>&ldquo;Temos um perfil de cliente que est&aacute; na jornada da obra. Faturamos R$ 1,3 bi ano e distribu&iacute;mos 31 lojas. No nosso caso, trazemos como proposta de valor do produto financeiro a transforma&ccedil;&atilde;o da casa do cliente em um lar. Sabemos que ele est&aacute; numa jornada que n&atilde;o &eacute; f&aacute;cil. Dentro do nosso ecossistema estamos integrando os profissionais da constru&ccedil;&atilde;o, ajudando-os a empreender e ensinado-os a comprar equipamento&rdquo;, completa Leonardo Fran&ccedil;a.<\/p>\n<p>&nbsp;&ldquo;Somos uma empresa familiar varejista que deve faturar R$ 13 bi esse ano. Para atender a demanda nas lojas, a gente trouxe a base de cr&eacute;dito do cart&atilde;o pr&oacute;prio para opera&ccedil;&atilde;o. Temos, inclusive, categorias de produtos com at&eacute; 30% de desconto dentro desta base. Hoje, o cart&atilde;o Vuon representa uma m&eacute;dia de 20% das vendas do grupo. O private label &eacute; associado com o cliente C e D. Ent&atilde;o temos que ser muito democr&aacute;ticos nessa constru&ccedil;&atilde;o para poder desenvolver produtos eficazes para essas pessoas. Existimos como institui&ccedil;&atilde;o financeira para fomentar a venda no varejo&rdquo;, finaliza Rafael Souza.<\/p>\n<p>J&aacute; Rodolfo Margato, trouxe um apanhado que debate o cen&aacute;rio macro observado pela XP Investimentos. &ldquo;Falando para o varejo, n&atilde;o acho que teremos um crescimento a curto prazo, mas n&atilde;o teremos tamb&eacute;m uma queda no volume. O que teremos &eacute; um crescimento modesto. A economia global tem suas incertezas, mas o pior momento de press&atilde;o inflacion&aacute;ria ficou para tr&aacute;s. 2024 vai ser um ano para op&ccedil;&otilde;es mais claras e um corte de juros evolu&iacute;do&rdquo;, contextualiza.<\/p>\n<p>O especialista ainda traz ao contexto a personalidade do cliente. &ldquo;Se tem uma vari&aacute;vel que afeta o humor do consumidor &eacute; a infla&ccedil;&atilde;o. Infla&ccedil;&atilde;o alta gera uma espiral negativa. Ent&atilde;o precisamos observar sinais positivos em rela&ccedil;&atilde;o &agrave; infla&ccedil;&atilde;o. Retirando itens de produtos mais vol&aacute;teis chegou a 12% em 2022, hoje est&atilde;o em 4%&rdquo;, destaca.<\/p>\n<p>Ao final, Rony Meisler trouxe um pouco de seu conhecimento e compartilhou as estrat&eacute;gias e ideias que tornaram a Reserva um case nacional entre marcas do vestu&aacute;rio. &ldquo;A palavra do momento &eacute; prop&oacute;sito. Todo mundo quer ter um prop&oacute;sito para chamar de seu. E prop&oacute;sito n&atilde;o se inventa, se vislumbra. N&oacute;s estamos no varejo e aqui quem n&atilde;o se preocupa com as pessoas, n&atilde;o prospera. Varejista &eacute; gente. N&oacute;s precisamos de uma equipe motivada.Temos que acreditar nas pessoas&rdquo;.<\/p>\n<p>Mais de 200 pessoas participaram do 2&ordm; Encontro RPE. Lideran&ccedil;as, especialistas, entusiastas e tomadores de decis&atilde;o do setor vieram das cinco regi&otilde;es do Brasil para assistir &agrave; extensa programa&ccedil;&atilde;o de palestras.<\/p>\n<p>Website: <a target='_blank' href='https:\/\/www.rpe.tech' rel=\"follow noopener\">https:\/\/www.rpe.tech<\/a><img src='https:\/\/api.dino.com.br\/v2\/news\/tr\/290013' alt='' style='border:0px;width:1px;height:1px' \/><br \/>\nA <b>OESP<\/b> n\u00e3o \u00e9(s\u00e3o) respons\u00e1vel(is) por erros, incorre\u00e7\u00f5es, atrasos ou quaisquer decis\u00f5es tomadas por seus clientes com base nos Conte\u00fados ora disponibilizados, bem como tais Conte\u00fados n\u00e3o representam a opini\u00e3o da <b>OESP<\/b> e s\u00e3o de inteira responsabilidade da <b>Dino Divulgador de Noticias Online Ltda<\/b><\/p>\n","protected":false},"excerpt":{"rendered":"DINO DIVULGADOR DE NOT\u00cdCIAS S\u00e3o Paulo (SP)&#8211;(DINO &#8211; 21 set, 2023) &#8211; Empres&aacute;rios do varejo estiveram reunidos em S&atilde;o Paulo na &uacute;ltima semana para debater as","protected":false},"author":1,"featured_media":73571,"comment_status":"open","ping_status":"closed","sticky":false,"template":"","format":"standard","meta":{"_acf_changed":false,"inline_featured_image":false,"_monsterinsights_skip_tracking":false,"_monsterinsights_sitenote_active":false,"_monsterinsights_sitenote_note":"","_monsterinsights_sitenote_category":0,"footnotes":""},"categories":[34],"tags":[],"class_list":["post-73570","post","type-post","status-publish","format-standard","has-post-thumbnail","hentry","category-releases-geral"],"acf":[],"_links":{"self":[{"href":"https:\/\/bluestudio.estadao.com.br\/agencia-de-comunicacao\/wp-json\/wp\/v2\/posts\/73570","targetHints":{"allow":["GET"]}}],"collection":[{"href":"https:\/\/bluestudio.estadao.com.br\/agencia-de-comunicacao\/wp-json\/wp\/v2\/posts"}],"about":[{"href":"https:\/\/bluestudio.estadao.com.br\/agencia-de-comunicacao\/wp-json\/wp\/v2\/types\/post"}],"author":[{"embeddable":true,"href":"https:\/\/bluestudio.estadao.com.br\/agencia-de-comunicacao\/wp-json\/wp\/v2\/users\/1"}],"replies":[{"embeddable":true,"href":"https:\/\/bluestudio.estadao.com.br\/agencia-de-comunicacao\/wp-json\/wp\/v2\/comments?post=73570"}],"version-history":[{"count":0,"href":"https:\/\/bluestudio.estadao.com.br\/agencia-de-comunicacao\/wp-json\/wp\/v2\/posts\/73570\/revisions"}],"wp:featuredmedia":[{"embeddable":true,"href":"https:\/\/bluestudio.estadao.com.br\/agencia-de-comunicacao\/wp-json\/wp\/v2\/media\/73571"}],"wp:attachment":[{"href":"https:\/\/bluestudio.estadao.com.br\/agencia-de-comunicacao\/wp-json\/wp\/v2\/media?parent=73570"}],"wp:term":[{"taxonomy":"category","embeddable":true,"href":"https:\/\/bluestudio.estadao.com.br\/agencia-de-comunicacao\/wp-json\/wp\/v2\/categories?post=73570"},{"taxonomy":"post_tag","embeddable":true,"href":"https:\/\/bluestudio.estadao.com.br\/agencia-de-comunicacao\/wp-json\/wp\/v2\/tags?post=73570"}],"curies":[{"name":"wp","href":"https:\/\/api.w.org\/{rel}","templated":true}]}}