{"id":73522,"date":"2023-09-20T15:04:00","date_gmt":"2023-09-20T18:04:00","guid":{"rendered":"https:\/\/bluestudio.estadao.com.br\/agencia-de-comunicacao\/releases\/releases-geral\/consumidoras-buscam-tecnologia-e-formulacao-mais-sofisticada\/"},"modified":"2023-09-20T15:04:00","modified_gmt":"2023-09-20T18:04:00","slug":"consumidoras-buscam-tecnologia-e-formulacao-mais-sofisticada","status":"publish","type":"post","link":"https:\/\/bluestudio.estadao.com.br\/agencia-de-comunicacao\/releases\/releases-geral\/consumidoras-buscam-tecnologia-e-formulacao-mais-sofisticada\/","title":{"rendered":"Consumidoras buscam tecnologia e formula\u00e7\u00e3o mais sofisticada"},"content":{"rendered":"<p><b>DINO DIVULGADOR DE NOT\u00cdCIAS<\/b><\/p>\n<p>(<a target='_blank' href='http:\/\/www.dino.com.br' rel=\"noopener\">DINO<\/a> &#8211; 20 set, 2023) &#8211;<br \/>\nO mercado de beleza com foco em cabelos trabalha com pesquisas para ditar tend\u00eancias de Beauty, seja para novas f\u00f3rmulas ou para inser\u00e7\u00e3o de novos produtos. Neste contexto, shampoos e condicionadores ainda ret\u00e9m a aten\u00e7\u00e3o de grande parte das consumidoras, onde cerca de 90% dizem serem fundamentais para os cuidados com os cabelos, de acordo com pesquisa exclusiva da <a rel=\"follow noopener\" target='_blank' href='https:\/\/flora.com.br\/storage\/2023\/09\/Pesquisa-Personal-Care_2022.pdf' data-mce-target='_blank'>Flora com a Opinion Box.<\/a>&nbsp;<\/p>\n<p>Feita com mais de 500 mulheres, com idade entre 25 e mais de 60 anos, de todas as regi\u00f5es do Brasil, a pesquisa da&nbsp;<strong>Flora<\/strong>, dona de marcas como Neutrox, OX Cosm\u00e9ticos e Kolene, apontou que 65% das consumidoras utilizam m\u00e1scaras de tratamento para manuten\u00e7\u00e3o dos fios no dia a dia. Produtos com \u00e1cido hialur\u00f4nico (46%) e col\u00e1geno (31%), que geralmente s\u00e3o associados a produtos para pele, tamb\u00e9m ganham for\u00e7a para cuidados com os fios &#8211; movimento conhecido como a&nbsp;<em>skinifica\u00e7\u00e3o<\/em>&nbsp;dos cuidados capilares. Outro item que est\u00e1 caindo no gosto das brasileiras \u00e9 o protetor t\u00e9rmico, que at\u00e9 pouco tempo era mais usado por profissionais, e hoje j\u00e1 atrai 32% das usu\u00e1rias.&nbsp;&nbsp;<\/p>\n<p>Outro dado interessante no comportamento do consumidor: a nova gera\u00e7\u00e3o de consumidoras (61%) considera os produtos e marcas que n\u00e3o realizam testes em animais na hora da compra. &#8216;A preocupa\u00e7\u00e3o com o meio ambiente e como os produtos s\u00e3o desenvolvidos e testados pela ind\u00fastria de beleza \u00e9 real. Nosso plano de neg\u00f3cio mant\u00e9m um olhar atento a essa demanda. Atualmente, nosso portf\u00f3lio contempla 16 linhas veganas para cabelos e nenhuma de nossas marcas realiza testes em animais&#8217;, diz Ligia Vulcano, Head de Marketing e Inova\u00e7\u00e3o da Unidade de Cabelos da Flora.&nbsp;&nbsp;<\/p>\n<p><strong>Sobre a Flora&nbsp;<\/strong>&nbsp;<\/p>\n<p>Ind\u00fastria nacional de bens de consumo, a Flora atua h\u00e1 mais de quatro d\u00e9cadas nos segmentos de cosm\u00e9ticos, higiene pessoal e limpeza com marcas como Minuano, Francis, Neutrox, Albany, OX Cosm\u00e9ticos e Phytoderm. Possui unidades industriais em Goi\u00e1s, Santa Catarina e Alagoas e Centros de Distribui\u00e7\u00e3o em Goi\u00e1s, Minas Gerais, Santa Catarina e S\u00e3o Paulo. Seus mais de 300 produtos est\u00e3o presentes em pontos de venda de todo o pa\u00eds.<\/p>\n<p>Website: <a target='_blank' href='https:\/\/flora.com.br\/' rel=\"follow noopener\">https:\/\/flora.com.br\/<\/a><img src='https:\/\/api.dino.com.br\/v2\/news\/tr\/293251' alt='' style='border:0px;width:1px;height:1px' \/><br \/>\nA <b>OESP<\/b> n\u00e3o \u00e9(s\u00e3o) respons\u00e1vel(is) por erros, incorre\u00e7\u00f5es, atrasos ou quaisquer decis\u00f5es tomadas por seus clientes com base nos Conte\u00fados ora disponibilizados, bem como tais Conte\u00fados n\u00e3o representam a opini\u00e3o da <b>OESP<\/b> e s\u00e3o de inteira responsabilidade da <b>Dino Divulgador de Noticias Online Ltda<\/b><\/p>\n","protected":false},"excerpt":{"rendered":"DINO DIVULGADOR DE NOT\u00cdCIAS (DINO &#8211; 20 set, 2023) &#8211; O mercado de beleza com foco em cabelos trabalha com pesquisas para ditar tend\u00eancias de Beauty, seja para novas f\u00f3rmulas ou para","protected":false},"author":1,"featured_media":73523,"comment_status":"open","ping_status":"closed","sticky":false,"template":"","format":"standard","meta":{"_acf_changed":false,"inline_featured_image":false,"_monsterinsights_skip_tracking":false,"_monsterinsights_sitenote_active":false,"_monsterinsights_sitenote_note":"","_monsterinsights_sitenote_category":0,"footnotes":""},"categories":[34],"tags":[],"class_list":["post-73522","post","type-post","status-publish","format-standard","has-post-thumbnail","hentry","category-releases-geral"],"acf":[],"_links":{"self":[{"href":"https:\/\/bluestudio.estadao.com.br\/agencia-de-comunicacao\/wp-json\/wp\/v2\/posts\/73522","targetHints":{"allow":["GET"]}}],"collection":[{"href":"https:\/\/bluestudio.estadao.com.br\/agencia-de-comunicacao\/wp-json\/wp\/v2\/posts"}],"about":[{"href":"https:\/\/bluestudio.estadao.com.br\/agencia-de-comunicacao\/wp-json\/wp\/v2\/types\/post"}],"author":[{"embeddable":true,"href":"https:\/\/bluestudio.estadao.com.br\/agencia-de-comunicacao\/wp-json\/wp\/v2\/users\/1"}],"replies":[{"embeddable":true,"href":"https:\/\/bluestudio.estadao.com.br\/agencia-de-comunicacao\/wp-json\/wp\/v2\/comments?post=73522"}],"version-history":[{"count":0,"href":"https:\/\/bluestudio.estadao.com.br\/agencia-de-comunicacao\/wp-json\/wp\/v2\/posts\/73522\/revisions"}],"wp:featuredmedia":[{"embeddable":true,"href":"https:\/\/bluestudio.estadao.com.br\/agencia-de-comunicacao\/wp-json\/wp\/v2\/media\/73523"}],"wp:attachment":[{"href":"https:\/\/bluestudio.estadao.com.br\/agencia-de-comunicacao\/wp-json\/wp\/v2\/media?parent=73522"}],"wp:term":[{"taxonomy":"category","embeddable":true,"href":"https:\/\/bluestudio.estadao.com.br\/agencia-de-comunicacao\/wp-json\/wp\/v2\/categories?post=73522"},{"taxonomy":"post_tag","embeddable":true,"href":"https:\/\/bluestudio.estadao.com.br\/agencia-de-comunicacao\/wp-json\/wp\/v2\/tags?post=73522"}],"curies":[{"name":"wp","href":"https:\/\/api.w.org\/{rel}","templated":true}]}}