{"id":73432,"date":"2023-09-20T14:13:00","date_gmt":"2023-09-20T17:13:00","guid":{"rendered":"https:\/\/bluestudio.estadao.com.br\/agencia-de-comunicacao\/releases\/releases-geral\/cbmina-reune-academicos-e-pesquisadores-para-debater-os-desafios-da-mineracao\/"},"modified":"2023-09-20T14:13:00","modified_gmt":"2023-09-20T17:13:00","slug":"cbmina-reune-academicos-e-pesquisadores-para-debater-os-desafios-da-mineracao","status":"publish","type":"post","link":"https:\/\/bluestudio.estadao.com.br\/agencia-de-comunicacao\/releases\/releases-geral\/cbmina-reune-academicos-e-pesquisadores-para-debater-os-desafios-da-mineracao\/","title":{"rendered":"CBMINA re\u00fane acad\u00eamicos e pesquisadores para debater os desafios da minera\u00e7\u00e3o"},"content":{"rendered":"<p><b>DINO DIVULGADOR DE NOT\u00cdCIAS<\/b><\/p>\n<p>(<a target='_blank' href='http:\/\/www.dino.com.br' rel=\"noopener\">DINO<\/a> &#8211; 13 set, 2023) &#8211; A evolu\u00e7\u00e3o e os desafios da ind\u00fastria da minera\u00e7\u00e3o foram abordados na solenidade de abertura da 11\u00aa edi\u00e7\u00e3o do Congresso Brasileiro de Mina a C\u00e9u Aberto e Mina Subterr\u00e2nea (CBMINA), na \u00faltima ter\u00e7a-feira (12\/9), em Belo Horizonte (MG). O Congresso \u00e9 realizado pelo Instituto Brasileiro de Minera\u00e7\u00e3o (IBRAM), em parceria com o Departamento de Engenharia de Minas da Universidade Federal de Minas Gerais (UFMG).<\/p>\n<p>&#8216;O IBRAM tem a preocupa\u00e7\u00e3o de congregar todos aqui no CBMINA, em torno dos compromissos que o setor assumiu com a sustentabilidade e a responsabilidade com tudo e com todos \u00e0 sua volta&#8217;, ressaltou o vice-presidente do IBRAM, Fernando Azevedo e Silva. Ele representou o diretor-presidente, Raul Jungmann. O evento promove um interc\u00e2mbio entre estudantes, professores, pesquisadores, autoridades, executivos e profissionais ligados ao setor mineral para a apresenta\u00e7\u00e3o de novas proposi\u00e7\u00f5es e abordagens para a evolu\u00e7\u00e3o constante da atividade da minera\u00e7\u00e3o. <\/p>\n<p>O vice-reitor da UFMG, Professor Alessandro Fernandes, destacou a preocupa\u00e7\u00e3o da Universidade com o ESG e a sua rela\u00e7\u00e3o com o setor mineral. &#8216;Sabemos da import\u00e2ncia da minera\u00e7\u00e3o para o nosso pa\u00eds, (a import\u00e2ncia) da Universidade para agregar valor ao setor, que \u00e9 o que buscamos com este evento, mas, sobretudo, \u00e9 fundamental promover toda essa aprendizagem, este avan\u00e7o social, econ\u00f4mico e ambiental do Brasil com responsabilidade&#8217;, analisou. <\/p>\n<p>Tamb\u00e9m estavam presentes \u00e0 solenidade de abertura o vice-reitor da Escola de Engenharia da UFMG, Henrique Resende Martins; a chefe do Departamento de Engenharia de Minas da UFMG, Andr\u00e9ia Bicalho Henriques; o comandante do Batalh\u00e3o de Emerg\u00eancias Ambientais e Resposta a Desastres (BEMAD) do Corpo de Bombeiros, Tenente Coronel, Welter Alves das Chagas; o coordenador adjunto da Defesa Civil de Minas Gerais, Tenente Coronel Carlos Eduardo Lopes; o superintendente Regional da Servi\u00e7o Geol\u00f3gico do Brasil, Marlon Marques Coutinho; o secret\u00e1rio adjunto de Meio Ambiente e Desenvolvimento Sustent\u00e1vel de Minas Gerais, Leonardo Rodrigues; o chefe de gabinete da Funda\u00e7\u00e3o de Amparo \u00e0 Pesquisa do Estado de Minas Gerais (FAPEMIG), Daniel Ferreira; o professor do DENIM da UFMG, Cl\u00e1udio L\u00facio Lopes Pinto; e o diretor de Sustentabilidade e Assuntos Regulat\u00f3rios do IBRAM, Julio Nery. <\/p>\n<p>Debates e apresenta\u00e7\u00f5es de trabalhos t\u00e9cnicos <\/p>\n<p>O CBMINA iniciou-se na parte da manh\u00e3 com um amplo debate entre especialistas da minera\u00e7\u00e3o de todo o Brasil. Os principais temas apresentados foram: evolu\u00e7\u00e3o das condi\u00e7\u00f5es operacionais nas minas subterr\u00e2neas e suas influ\u00eancias nas rela\u00e7\u00f5es de trabalho; declara\u00e7\u00f5es de recursos e reservas e o t\u00edtulo miner\u00e1rio como garantia de financiamento; e a forma\u00e7\u00e3o profissional e carreiras no setor mineral. A parte da tarde foi reservada para apresenta\u00e7\u00e3o de trabalhos t\u00e9cnicos inscritos no Congresso. <\/p>\n<p>Website: <a target='_blank' href='https:\/\/ibram.org.br\/evento\/11cbmina\/' rel=\"follow noopener\">https:\/\/ibram.org.br\/evento\/11cbmina\/<\/a><img src='https:\/\/api.dino.com.br\/v2\/news\/tr\/292119' alt='' style='border:0px;width:1px;height:1px' \/><br \/>\nA <b>OESP<\/b> n\u00e3o \u00e9(s\u00e3o) respons\u00e1vel(is) por erros, incorre\u00e7\u00f5es, atrasos ou quaisquer decis\u00f5es tomadas por seus clientes com base nos Conte\u00fados ora disponibilizados, bem como tais Conte\u00fados n\u00e3o representam a opini\u00e3o da <b>OESP<\/b> e s\u00e3o de inteira responsabilidade da <b>Dino Divulgador de Noticias Online Ltda<\/b><\/p>\n","protected":false},"excerpt":{"rendered":"DINO DIVULGADOR DE NOT\u00cdCIAS (DINO &#8211; 13 set, 2023) &#8211; A evolu\u00e7\u00e3o e os desafios da ind\u00fastria da minera\u00e7\u00e3o foram abordados na solenidade de abertura da 11\u00aa edi\u00e7\u00e3o do Congresso","protected":false},"author":1,"featured_media":73433,"comment_status":"open","ping_status":"closed","sticky":false,"template":"","format":"standard","meta":{"_acf_changed":false,"inline_featured_image":false,"_monsterinsights_skip_tracking":false,"_monsterinsights_sitenote_active":false,"_monsterinsights_sitenote_note":"","_monsterinsights_sitenote_category":0,"footnotes":""},"categories":[34],"tags":[],"class_list":["post-73432","post","type-post","status-publish","format-standard","has-post-thumbnail","hentry","category-releases-geral"],"acf":[],"_links":{"self":[{"href":"https:\/\/bluestudio.estadao.com.br\/agencia-de-comunicacao\/wp-json\/wp\/v2\/posts\/73432","targetHints":{"allow":["GET"]}}],"collection":[{"href":"https:\/\/bluestudio.estadao.com.br\/agencia-de-comunicacao\/wp-json\/wp\/v2\/posts"}],"about":[{"href":"https:\/\/bluestudio.estadao.com.br\/agencia-de-comunicacao\/wp-json\/wp\/v2\/types\/post"}],"author":[{"embeddable":true,"href":"https:\/\/bluestudio.estadao.com.br\/agencia-de-comunicacao\/wp-json\/wp\/v2\/users\/1"}],"replies":[{"embeddable":true,"href":"https:\/\/bluestudio.estadao.com.br\/agencia-de-comunicacao\/wp-json\/wp\/v2\/comments?post=73432"}],"version-history":[{"count":0,"href":"https:\/\/bluestudio.estadao.com.br\/agencia-de-comunicacao\/wp-json\/wp\/v2\/posts\/73432\/revisions"}],"wp:featuredmedia":[{"embeddable":true,"href":"https:\/\/bluestudio.estadao.com.br\/agencia-de-comunicacao\/wp-json\/wp\/v2\/media\/73433"}],"wp:attachment":[{"href":"https:\/\/bluestudio.estadao.com.br\/agencia-de-comunicacao\/wp-json\/wp\/v2\/media?parent=73432"}],"wp:term":[{"taxonomy":"category","embeddable":true,"href":"https:\/\/bluestudio.estadao.com.br\/agencia-de-comunicacao\/wp-json\/wp\/v2\/categories?post=73432"},{"taxonomy":"post_tag","embeddable":true,"href":"https:\/\/bluestudio.estadao.com.br\/agencia-de-comunicacao\/wp-json\/wp\/v2\/tags?post=73432"}],"curies":[{"name":"wp","href":"https:\/\/api.w.org\/{rel}","templated":true}]}}