{"id":73355,"date":"2023-09-20T13:42:00","date_gmt":"2023-09-20T16:42:00","guid":{"rendered":"https:\/\/bluestudio.estadao.com.br\/agencia-de-comunicacao\/releases\/releases-geral\/fismatek-lanca-tecnologia-endolaser-para-rejuvenescimento\/"},"modified":"2023-09-20T13:42:00","modified_gmt":"2023-09-20T16:42:00","slug":"fismatek-lanca-tecnologia-endolaser-para-rejuvenescimento","status":"publish","type":"post","link":"https:\/\/bluestudio.estadao.com.br\/agencia-de-comunicacao\/releases\/releases-geral\/fismatek-lanca-tecnologia-endolaser-para-rejuvenescimento\/","title":{"rendered":"Fismatek lan\u00e7a tecnologia endolaser para rejuvenescimento"},"content":{"rendered":"<p><b>DINO DIVULGADOR DE NOT\u00cdCIAS<\/b><\/p>\n<p>(<a target='_blank' href='http:\/\/www.dino.com.br' rel=\"noopener\">DINO<\/a> &#8211; 18 set, 2023) &#8211;<br \/>\nO rosto apresenta a primeira impress\u00e3o e qualquer mudan\u00e7a pode impactar diretamente na autoestima. Atualmente, de acordo com o <a rel=\"follow noopener\" target='_blank' href='https:\/\/www.isaps.org\/media\/vdpdanke\/isaps-global-survey_2021.pdf' data-mce-target='_blank'>\u00faltimo relat\u00f3rio <\/a>global da Sociedade Internacional de Cirurgia Pl\u00e1stica Est\u00e9tica (International Society of Aesthetic Plastic Surgery, ISAPS) o Brasil \u00e9 um dos pa\u00edses que mais realiza procedimentos n\u00e3o cir\u00fargicos de rejuvenescimento facial.&nbsp;<\/p>\n<p>Com isso, a busca por procedimentos seguros e minimamente invasivos impulsiona o desenvolvimento de novas tecnologias para o setor. <a rel=\"follow noopener\" target='_blank' href='https:\/\/www.fismatek.com.br\/estetica\/' data-mce-target='_blank'>A Fismatek, <\/a>empresa especializada em tecnologias eletrom\u00e9dicas de alta performance para as \u00e1reas de fisioterapia, est\u00e9tica e medicina est\u00e9tica, traz ao mercado nacional uma tecnologia israelense de endolaser para rejuvenescimento, o NeoLaser, j\u00e1 registrado no Brasil pela Anvisa.&nbsp;<\/p>\n<p>De acordo com o empres\u00e1rio e CEO da marca, Robson Viana, o que antes eram procedimentos exclusivos para m\u00e9dicos, por serem cir\u00fargicos, agora tamb\u00e9m podem ser feitos por esteticistas certificados, gra\u00e7as ao avan\u00e7o da <a rel=\"follow noopener\" target='_blank' href='https:\/\/www.fismatek.com.br\/estetica\/equipamentos_fismatek' data-mce-target='_blank'>tecnologia est\u00e9tica n\u00e3o invasiva. <\/p>\n<p><\/a>Vanessa Stapani, respons\u00e1vel pelo Departamento Cient\u00edfico da Fismatek, explica sobre o funcionamento do NeoLaser: &#8216;\u00c9 uma nova tecnologia de endolaser ambulatorial, minimamente invasiva, capaz de promover a retra\u00e7\u00e3o e a redu\u00e7\u00e3o da flacidez cut\u00e2nea, por conta da ativa\u00e7\u00e3o da neocolag\u00eanese e das fun\u00e7\u00f5es metab\u00f3licas da matriz extracelular&#8217;.&nbsp;<\/p>\n<p>A especialista menciona ainda que, entre as funcionalidades propostas pelo uso do equipamento,&nbsp; alguns dos procedimentos poss\u00edveis com a nova tecnologia s\u00e3o: remodela\u00e7\u00e3o das camadas profundas e superficiais da pele, tonifica\u00e7\u00e3o tecidual imediata e de m\u00e9dio a longo prazo da \u00e1rea tratada, melhora da textura da pele, estimula\u00e7\u00e3o da produ\u00e7\u00e3o de col\u00e1geno e redu\u00e7\u00e3o do excesso de gordura.&nbsp;<\/p>\n<p>Para mais informa\u00e7\u00f5es sobre o neoLaser da Fismatek, basta acessar: <a rel=\"follow noopener\" target='_blank' href='https:\/\/www.fismatek.com.br\/estetica\/' data-mce-target='_blank'>https:\/\/www.fismatek.com.br\/estetica\/<\/a><\/p>\n<p>Website: <a target='_blank' href='https:\/\/www.fismatek.com.br\/estetica\/' rel=\"follow noopener\">https:\/\/www.fismatek.com.br\/estetica\/<\/a><img src='https:\/\/api.dino.com.br\/v2\/news\/tr\/292884' alt='' style='border:0px;width:1px;height:1px' \/><br \/>\nA <b>OESP<\/b> n\u00e3o \u00e9(s\u00e3o) respons\u00e1vel(is) por erros, incorre\u00e7\u00f5es, atrasos ou quaisquer decis\u00f5es tomadas por seus clientes com base nos Conte\u00fados ora disponibilizados, bem como tais Conte\u00fados n\u00e3o representam a opini\u00e3o da <b>OESP<\/b> e s\u00e3o de inteira responsabilidade da <b>Dino Divulgador de Noticias Online Ltda<\/b><\/p>\n","protected":false},"excerpt":{"rendered":"DINO DIVULGADOR DE NOT\u00cdCIAS (DINO &#8211; 18 set, 2023) &#8211; O rosto apresenta a primeira impress\u00e3o e qualquer mudan\u00e7a pode impactar diretamente na autoestima. Atualmente, de acordo com o","protected":false},"author":1,"featured_media":73356,"comment_status":"open","ping_status":"closed","sticky":false,"template":"","format":"standard","meta":{"_acf_changed":false,"inline_featured_image":false,"_monsterinsights_skip_tracking":false,"_monsterinsights_sitenote_active":false,"_monsterinsights_sitenote_note":"","_monsterinsights_sitenote_category":0,"footnotes":""},"categories":[34],"tags":[],"class_list":["post-73355","post","type-post","status-publish","format-standard","has-post-thumbnail","hentry","category-releases-geral"],"acf":[],"_links":{"self":[{"href":"https:\/\/bluestudio.estadao.com.br\/agencia-de-comunicacao\/wp-json\/wp\/v2\/posts\/73355","targetHints":{"allow":["GET"]}}],"collection":[{"href":"https:\/\/bluestudio.estadao.com.br\/agencia-de-comunicacao\/wp-json\/wp\/v2\/posts"}],"about":[{"href":"https:\/\/bluestudio.estadao.com.br\/agencia-de-comunicacao\/wp-json\/wp\/v2\/types\/post"}],"author":[{"embeddable":true,"href":"https:\/\/bluestudio.estadao.com.br\/agencia-de-comunicacao\/wp-json\/wp\/v2\/users\/1"}],"replies":[{"embeddable":true,"href":"https:\/\/bluestudio.estadao.com.br\/agencia-de-comunicacao\/wp-json\/wp\/v2\/comments?post=73355"}],"version-history":[{"count":0,"href":"https:\/\/bluestudio.estadao.com.br\/agencia-de-comunicacao\/wp-json\/wp\/v2\/posts\/73355\/revisions"}],"wp:featuredmedia":[{"embeddable":true,"href":"https:\/\/bluestudio.estadao.com.br\/agencia-de-comunicacao\/wp-json\/wp\/v2\/media\/73356"}],"wp:attachment":[{"href":"https:\/\/bluestudio.estadao.com.br\/agencia-de-comunicacao\/wp-json\/wp\/v2\/media?parent=73355"}],"wp:term":[{"taxonomy":"category","embeddable":true,"href":"https:\/\/bluestudio.estadao.com.br\/agencia-de-comunicacao\/wp-json\/wp\/v2\/categories?post=73355"},{"taxonomy":"post_tag","embeddable":true,"href":"https:\/\/bluestudio.estadao.com.br\/agencia-de-comunicacao\/wp-json\/wp\/v2\/tags?post=73355"}],"curies":[{"name":"wp","href":"https:\/\/api.w.org\/{rel}","templated":true}]}}