{"id":73349,"date":"2023-09-20T13:45:00","date_gmt":"2023-09-20T16:45:00","guid":{"rendered":"https:\/\/bluestudio.estadao.com.br\/agencia-de-comunicacao\/releases\/releases-geral\/lei-fomenta-empreendedorismo-feminino-no-brasil-2\/"},"modified":"2023-09-20T13:45:00","modified_gmt":"2023-09-20T16:45:00","slug":"lei-fomenta-empreendedorismo-feminino-no-brasil-2","status":"publish","type":"post","link":"https:\/\/bluestudio.estadao.com.br\/agencia-de-comunicacao\/releases\/releases-geral\/lei-fomenta-empreendedorismo-feminino-no-brasil-2\/","title":{"rendered":"Lei fomenta empreendedorismo feminino no Brasil"},"content":{"rendered":"<p><b>DINO DIVULGADOR DE NOT\u00cdCIAS<\/b><\/p>\n<p>(<a target='_blank' href='http:\/\/www.dino.com.br' rel=\"noopener\">DINO<\/a> &#8211; 18 set, 2023) &#8211;<br \/>\nNo dia 17 de agosto, o Brasil celebrou o Dia Nacional da Mulher Empres&aacute;ria, uma data estabelecida pela <a rel=\"follow noopener\" target='_blank' href='https:\/\/www12.senado.leg.br\/radio\/1\/noticia\/2023\/04\/10\/criado-o-dia-nacional-da-mulher-empresaria'>Lei 14.545\/2023<\/a>, aprovada pelo Congresso Nacional. A iniciativa visa promover e reconhecer o<a rel=\"follow noopener\" target='_blank' href='https:\/\/inmagazine.ig.com.br\/categoria\/Tech\/De-empreendedora-a-tecnologa-Cristina-Boner-revela-detalhes-da-carreira'> empreendedorismo feminino no pa&iacute;s.<\/a> A relatora dessa legisla&ccedil;&atilde;o no Senado, Zenaide Maia (PSD-RN), destacou a import&acirc;ncia de estimular o empreendedorismo como um meio de capacitar as mulheres e garantir sua independ&ecirc;ncia financeira.<\/p>\n<p>No ano de 2022, o empreendedorismo feminino atingiu um marco hist&oacute;rico no Brasil, com um n&uacute;mero crescente de mulheres assumindo o papel de propriet&aacute;rias de seus pr&oacute;prios neg&oacute;cios. Segundo uma pesquisa conduzida pelo <a rel=\"follow noopener\" target='_blank' href='https:\/\/www.em.com.br\/app\/noticia\/economia\/2023\/06\/16\/internas_economia,1508325\/empreendedorismo-feminino-no-brasil-atinge-marca-historica-em-2022.shtml#google_vignette'>Sebrae <\/a>(Servi&ccedil;o Brasileiro de Apoio &agrave;s Micro e Pequenas Empresas) com base em informa&ccedil;&otilde;es do IBGE (Instituto Brasileiro de Geografia e Estat&iacute;stica), mulheres lideravam 34,4% do total de neg&oacute;cios no pa&iacute;s, somando um contingente de 10,3 milh&otilde;es de empreendedoras.<\/p>\n<p>A pesquisa tamb&eacute;m evidenciou a resili&ecirc;ncia das empreendedoras, superando uma queda que ocorreu durante a pandemia de Covid-19. No segundo trimestre de 2020, a propor&ccedil;&atilde;o de mulheres que atuavam como l&iacute;deres de neg&oacute;cios atingiu seu ponto mais baixo, registrando 33,4%, um valor n&atilde;o visto desde o terceiro trimestre de 2016, quando estava em 32%.<\/p>\n<p>Embora o empreendedorismo feminino tenha se fortalecido, a participa&ccedil;&atilde;o das mulheres como propriet&aacute;rias de neg&oacute;cios (34,4%) ainda n&atilde;o atingiu o n&iacute;vel mais alto j&aacute; registrado, que foi de 34,8% no quarto trimestre de 2019. A pesquisa tamb&eacute;m revelou um aumento de 30% no n&uacute;mero de mulheres que expandiram suas empresas ao contratar funcion&aacute;rios entre 2021 e 2022, resultando em um acr&eacute;scimo de aproximadamente 300 mil novos empregos criados por empreendedoras. No entanto, a maioria das mulheres, cerca de 90%, continua a gerenciar seus neg&oacute;cios de forma independente, sem a contrata&ccedil;&atilde;o de funcion&aacute;rios.<\/p>\n<p>Os estados do Rio de Janeiro e Cear&aacute; sobressa&iacute;ram como l&iacute;deres na presen&ccedil;a de mulheres como propriet&aacute;rias de empreendimentos, apresentando uma propor&ccedil;&atilde;o de 38% em rela&ccedil;&atilde;o ao n&uacute;mero total de empreendedoras, ultrapassando a m&eacute;dia nacional de 34,4%.<\/p>\n<p>De acordo com a empres&aacute;ria e profissional da &aacute;rea de tecnologia, <a rel=\"follow noopener\" target='_blank' href='https:\/\/www.gazetanews.com\/cristina-boner-melhores-dicas-de-carreira-e-negocios-para-mulheres\/index.html'>Cristina Bone<\/a>r, a instaura&ccedil;&atilde;o do Dia Nacional da Mulher Empres&aacute;ria no calend&aacute;rio nacional pode inspirar e empoderar as mulheres. Para ela, a a&ccedil;&atilde;o tamb&eacute;m ajuda a promover a igualdade de g&ecirc;nero e aumentar a conscientiza&ccedil;&atilde;o sobre a quest&atilde;o no pa&iacute;s, sobretudo em rela&ccedil;&atilde;o a temas como acesso limitado a financiamento, equil&iacute;brio entre trabalho e vida pessoal, e estere&oacute;tipos de g&ecirc;nero.<\/p>\n<p><a rel=\"follow noopener\" target='_blank' href='https:\/\/folhadaminhasampa.com.br\/noticia\/16443\/livro-aborda-valia-da-escada-de-valor-no-empreendedorismo'>Para Boner, <\/a>o networking e a colabora&ccedil;&atilde;o s&atilde;o algumas maneiras para haver uma participa&ccedil;&atilde;o feminina maior no meio empresarial. &#8216;Eventos e atividades relacionados a este dia podem facilitar o networking entre mulheres empres&aacute;rias, promovendo colabora&ccedil;&otilde;es e oportunidades&#8217;, disse.<\/p>\n<p><a rel=\"follow noopener\" target='_blank' href='https:\/\/paparazoom.com.br\/cristina-boner-3-qualidades-que-tornam-as-mulheres-grandes-lideres-nas-industrias-de-tecnologia\/'>A especialista em tecnologia<\/a> ressalta que, pelo desenvolvimento profissional, essa data pode servir como um dia para oferecer programas de desenvolvimento, workshops e recursos para mulheres empres&aacute;rias, ajudando-as a aprimorar suas habilidades e conhecimentos. &ldquo;A cria&ccedil;&atilde;o do Dia Nacional da Mulher Empres&aacute;ria tamb&eacute;m pode dar visibilidade internacional ao pa&iacute;s, &agrave;s suas iniciativas de promo&ccedil;&atilde;o da igualdade de g&ecirc;nero e do empreendedorismo feminino&rdquo;, afirma.<\/p>\n<p>Para saber mais, basta acessar: <a rel=\"follow noopener\" target='_blank' href='https:\/\/cristinaboner.com.br\/'>Cristina Boner &#8211; Tudo sobre empreendedorismo, tecnologia e muito mais.<\/a> e <a rel=\"follow noopener\" target='_blank' href='https:\/\/www.instagram.com\/cristina.boner\/'>Cristina Boner (@cristina.boner)&nbsp; Instagram<\/a><\/p>\n<p>Website: <a target='_blank' href='https:\/\/cristinaboner.com.br\/' rel=\"follow noopener\">https:\/\/cristinaboner.com.br\/<\/a><img src='https:\/\/api.dino.com.br\/v2\/news\/tr\/293494' alt='' style='border:0px;width:1px;height:1px' \/><br \/>\nA <b>OESP<\/b> n\u00e3o \u00e9(s\u00e3o) respons\u00e1vel(is) por erros, incorre\u00e7\u00f5es, atrasos ou quaisquer decis\u00f5es tomadas por seus clientes com base nos Conte\u00fados ora disponibilizados, bem como tais Conte\u00fados n\u00e3o representam a opini\u00e3o da <b>OESP<\/b> e s\u00e3o de inteira responsabilidade da <b>Dino Divulgador de Noticias Online Ltda<\/b><\/p>\n","protected":false},"excerpt":{"rendered":"DINO DIVULGADOR DE NOT\u00cdCIAS (DINO &#8211; 18 set, 2023) &#8211; No dia 17 de agosto, o Brasil celebrou o Dia Nacional da Mulher Empres&aacute;ria, uma data estabelecida pela Lei 14.545\/2023, aprovada","protected":false},"author":1,"featured_media":73350,"comment_status":"open","ping_status":"closed","sticky":false,"template":"","format":"standard","meta":{"_acf_changed":false,"inline_featured_image":false,"_monsterinsights_skip_tracking":false,"_monsterinsights_sitenote_active":false,"_monsterinsights_sitenote_note":"","_monsterinsights_sitenote_category":0,"footnotes":""},"categories":[34],"tags":[],"class_list":["post-73349","post","type-post","status-publish","format-standard","has-post-thumbnail","hentry","category-releases-geral"],"acf":[],"_links":{"self":[{"href":"https:\/\/bluestudio.estadao.com.br\/agencia-de-comunicacao\/wp-json\/wp\/v2\/posts\/73349","targetHints":{"allow":["GET"]}}],"collection":[{"href":"https:\/\/bluestudio.estadao.com.br\/agencia-de-comunicacao\/wp-json\/wp\/v2\/posts"}],"about":[{"href":"https:\/\/bluestudio.estadao.com.br\/agencia-de-comunicacao\/wp-json\/wp\/v2\/types\/post"}],"author":[{"embeddable":true,"href":"https:\/\/bluestudio.estadao.com.br\/agencia-de-comunicacao\/wp-json\/wp\/v2\/users\/1"}],"replies":[{"embeddable":true,"href":"https:\/\/bluestudio.estadao.com.br\/agencia-de-comunicacao\/wp-json\/wp\/v2\/comments?post=73349"}],"version-history":[{"count":0,"href":"https:\/\/bluestudio.estadao.com.br\/agencia-de-comunicacao\/wp-json\/wp\/v2\/posts\/73349\/revisions"}],"wp:featuredmedia":[{"embeddable":true,"href":"https:\/\/bluestudio.estadao.com.br\/agencia-de-comunicacao\/wp-json\/wp\/v2\/media\/73350"}],"wp:attachment":[{"href":"https:\/\/bluestudio.estadao.com.br\/agencia-de-comunicacao\/wp-json\/wp\/v2\/media?parent=73349"}],"wp:term":[{"taxonomy":"category","embeddable":true,"href":"https:\/\/bluestudio.estadao.com.br\/agencia-de-comunicacao\/wp-json\/wp\/v2\/categories?post=73349"},{"taxonomy":"post_tag","embeddable":true,"href":"https:\/\/bluestudio.estadao.com.br\/agencia-de-comunicacao\/wp-json\/wp\/v2\/tags?post=73349"}],"curies":[{"name":"wp","href":"https:\/\/api.w.org\/{rel}","templated":true}]}}