{"id":73345,"date":"2023-09-20T13:47:00","date_gmt":"2023-09-20T16:47:00","guid":{"rendered":"https:\/\/bluestudio.estadao.com.br\/agencia-de-comunicacao\/releases\/releases-geral\/portabilidade-do-plano-de-saude-cresce-mas-consumidor-enfrenta-dificuldades\/"},"modified":"2023-09-20T13:47:00","modified_gmt":"2023-09-20T16:47:00","slug":"portabilidade-do-plano-de-saude-cresce-mas-consumidor-enfrenta-dificuldades","status":"publish","type":"post","link":"https:\/\/bluestudio.estadao.com.br\/agencia-de-comunicacao\/releases\/releases-geral\/portabilidade-do-plano-de-saude-cresce-mas-consumidor-enfrenta-dificuldades\/","title":{"rendered":"Portabilidade do plano de sa\u00fade cresce, mas consumidor enfrenta dificuldades"},"content":{"rendered":"<p><b>DINO DIVULGADOR DE NOT\u00cdCIAS<\/b><\/p>\n<p>S\u00e3o Paulo, SP&#8211;(<a target='_blank' href='http:\/\/www.dino.com.br' rel=\"noopener\">DINO<\/a> &#8211; 14 set, 2023) &#8211;<br \/>\nO interesse pela portabilidade de car&ecirc;ncias tem crescido entre os benefici&aacute;rios de planos de sa&uacute;de desde que modalidade entrou em vigor, em 2019. Por&eacute;m, a falta de informa&ccedil;&otilde;es b&aacute;sicas para a tomada de decis&atilde;o ainda dificulta a op&ccedil;&atilde;o dos consumidores pela troca de operadora.&nbsp;<\/p>\n<p>&Eacute; o que afirma o professor da p&oacute;s-gradua&ccedil;&atilde;o em Direito M&eacute;dico e Hospitalar da USP de Ribeir&atilde;o Preto e <a rel=\"follow noopener\" target='_blank' href='https:\/\/www.eltonfernandes.com.br\/acao-contra-plano-de-saude-advogado'>advogado especialista em a&ccedil;&otilde;es contra planos de sa&uacute;de<\/a>, Elton Fernandes. Segundo ele, os benefici&aacute;rios enfrentam dificuldades no acesso a dados detalhados relativos &agrave; portabilidade do plano de sa&uacute;de.<\/p>\n<p>&ldquo;Houve avan&ccedil;o nas regras de portabilidade, especialmente para pacientes com doen&ccedil;a preexistente e em tratamento m&eacute;dico, uma vez que preenchidos os crit&eacute;rios, eles n&atilde;o podem ser recusados no novo plano de sa&uacute;de. Mas o site da ANS falha ao n&atilde;o fornecer informa&ccedil;&otilde;es mais completas&rdquo;, explica o advogado Elton Fernandes.<\/p>\n<p>De acordo com a Ag&ecirc;ncia Nacional de Sa&uacute;de Suplementar (ANS), <a rel=\"follow noopener\" target='_blank' href='https:\/\/www.gov.br\/ans\/pt-br\/assuntos\/noticias\/beneficiario\/portabilidade-de-carencias-mais-de-300-mil-consultas-foram-feitas-em-2022'>houve mais 333 mil consultas<\/a> sobre a possibilidade de troca de operadora via a portabilidade em seu site em 2022. Esse n&uacute;mero manteve o crescimento expressivo observado em 2021 (335.992), quando a <a rel=\"follow noopener\" target='_blank' href='https:\/\/www.gov.br\/ans\/pt-br\/assuntos\/noticias\/sobre-ans\/planos-de-saude-interesse-pela-portabilidade-de-carencias-cresceu-12-5-em-2021'>ANS registrou<\/a> um aumento de 12,46% na gera&ccedil;&atilde;o de protocolos em rela&ccedil;&atilde;o ao ano anterior &#8211; em 2020 foram 260.141.<\/p>\n<p>Por&eacute;m, segundo a <a rel=\"follow noopener\" target='_blank' href='https:\/\/www.gov.br\/ans\/pt-br\/assuntos\/noticias\/beneficiario\/portabilidade-de-carencias-mais-de-300-mil-consultas-foram-feitas-em-2022'>pr&oacute;pria ANS<\/a>, em 2022 houve 36.644 queixas sobre problemas para encontrar planos dispon&iacute;veis, 16.656 relatos de falta de informa&ccedil;&atilde;o sobre os planos de origem e 26.650 reclama&ccedil;&otilde;es sobre dificuldades t&eacute;cnicas no uso do Guia ANS de Planos de Sa&uacute;de, destinado &agrave; portabilidade de car&ecirc;ncias.<\/p>\n<p><strong>Interesse na portabilidade do plano de sa&uacute;de cresceu<\/strong><\/p>\n<p>A ANS destaca que o aumento nas consultas sobre a portabilidade de car&ecirc;ncias n&atilde;o representa a efetiva&ccedil;&atilde;o da troca de planos de sa&uacute;de. Segundo a ag&ecirc;ncia, os dados do Guia ANS mostram apenas o interesse dos benefici&aacute;rios sobre o tema, inclusive com o que os motiva a querer mudar de operadora.<\/p>\n<p>Em 2022, os principais motivos que levaram consumidores a pesquisar sobre a portabilidade do plano de sa&uacute;de foram: a busca por um contrato mais barato (39%), a procura por uma rede de prestadores de melhor qualidade (23%) e o cancelamento de contrato (17%).<\/p>\n<p>Nesse sentido, o advogado Elton Fernandes ressalta a import&acirc;ncia do acesso a todas as informa&ccedil;&otilde;es necess&aacute;rias para se optar, efetivamente, pela troca de operadoras. &ldquo;Se o consumidor de antem&atilde;o n&atilde;o consegue acesso aos percentuais de coparticipa&ccedil;&atilde;o e sobre quais servi&ccedil;os eles incidem, ou mesmo se n&atilde;o lhe s&atilde;o explicadas claramente as faixas et&aacute;rias ou quais os percentuais m&eacute;dios de reajuste desses contratos nos &uacute;ltimos anos, continua sem informa&ccedil;&atilde;o clara para tomar a melhor decis&atilde;o ao seu caso&rdquo;, pondera Elton Fernandes.&nbsp;<\/p>\n<p><strong>Crit&eacute;rios para a portabilidade de car&ecirc;ncias<\/strong><\/p>\n<p>Regulamentada pela norma RN 438\/2018 da ANS, a <a rel=\"follow noopener\" target='_blank' href='https:\/\/www.eltonfernandes.com.br\/como-fazer-portabilidade-do-plano-de-saude-pela-ans'>portabilidade do plano de sa&uacute;de<\/a> &eacute; similar &agrave; da telefonia, mas ao inv&eacute;s de levar consigo o n&uacute;mero do telefone, o consumidor carrega as car&ecirc;ncias j&aacute; cumpridas para um novo contrato.<\/p>\n<p>Todo benefici&aacute;rio de plano de sa&uacute;de pode realizar a troca de operadora via portabilidade, desde que cumpra os crit&eacute;rios b&aacute;sicos estabelecidos pela norma. S&atilde;o eles: ter um plano ativo, contratado a partir de 1&ordm; de janeiro de 1999 ou adaptado &agrave; Lei dos Planos de Sa&uacute;de, estar com o pagamento das mensalidades em dia e ter cumprido o prazo m&iacute;nimo de perman&ecirc;ncia no contrato de origem, que pode chegar a 3 anos no caso de quem declarou doen&ccedil;a preexistente.<\/p>\n<p>Para a portabilidade de car&ecirc;ncias, tamb&eacute;m &eacute; necess&aacute;rio que o plano de destino tenha pre&ccedil;o compat&iacute;vel com o contrato de origem, o que pode ser verificado diretamente no site da ANS. As exce&ccedil;&otilde;es &agrave; compatibilidade de pre&ccedil;o ou necessidade de o plano de sa&uacute;de de origem estar ativo, por exemplo, s&oacute; existem para casos em que o contrato foi encerrado por circunst&acirc;ncias alheias &agrave; vontade do consumidor, tal como quando &eacute; demitido ou perde a condi&ccedil;&atilde;o de dependente no contrato.<\/p>\n<p>Cumpridos os requisitos, o primeiro passo para a troca de operadora de plano de sa&uacute;de &eacute; <a rel=\"follow noopener\" target='_blank' href='https:\/\/www.ans.gov.br\/gpw-beneficiario\/'>acessar o site da ANS<\/a>. Nele, o benefici&aacute;rio deve informar o CPF e a data de nascimento para localizar o contrato ativo e, ent&atilde;o, buscar as op&ccedil;&otilde;es de planos de sa&uacute;de dispon&iacute;veis para a portabilidade.<\/p>\n<p>Depois de escolher o plano de destino, o consumidor deve imprimir os documentos gerados pelo Guia ANS e procurar a operadora respons&aacute;vel em at&eacute; 5 dias para formalizar o ingresso no novo contrato. O cancelamento do contrato de origem deve ser feito pelo benefici&aacute;rio at&eacute; 5 dias ap&oacute;s a formaliza&ccedil;&atilde;o da portabilidade de car&ecirc;ncias com o novo plano.<\/p>\n<p><strong>Cuidados ao realizar a portabilidade do plano de sa&uacute;de<\/strong><\/p>\n<p>O advogado Elton Fernandes destaca a import&acirc;ncia em ter todas as informa&ccedil;&otilde;es relativas ao contrato de destino antes de efetivar a portabilidade. Dentre elas, o especialista orienta os consumidores a se informarem sobre os percentuais de reajuste praticados nas mudan&ccedil;as de faixa et&aacute;ria, se h&aacute; coparticipa&ccedil;&atilde;o no novo contrato e quais s&atilde;o os &iacute;ndices, al&eacute;m da rede assistencial do plano de destino, bem como suas coberturas.<\/p>\n<p>Na portabilidade, o consumidor leva consigo todas as car&ecirc;ncias j&aacute; cumpridas, de modo que mesmo quando tem uma <a rel=\"follow noopener\" target='_blank' href='https:\/\/youtu.be\/lg2eSeTB6_c'>doen&ccedil;a preexistente<\/a> n&atilde;o h&aacute; impedimento &agrave; portabilidade. Al&eacute;m disso, o advogado explica que a operadora de origem n&atilde;o pode recusar aceitar o benefici&aacute;rio eleg&iacute;vel &agrave; <a rel=\"follow noopener\" target='_blank' href='https:\/\/youtu.be\/gO7oUjKCYQQ'>portabilidade de plano de sa&uacute;de<\/a> e, caso o fa&ccedil;a, pode ser acionada at&eacute; mesmo judicialmente.<\/p>\n<p>&ldquo;Se o plano de sa&uacute;de recusar a portabilidade ou mesmo se exigir o preenchimento de declara&ccedil;&atilde;o de sa&uacute;de para que o consumidor informe poss&iacute;veis doen&ccedil;as, a pessoa pode promover den&uacute;ncia na ANS antes de pensar em ajuizar uma <a rel=\"follow noopener\" target='_blank' href='https:\/\/www.eltonfernandes.com.br\/processos-contra-planos-de-saude'>a&ccedil;&atilde;o contra o plano de sa&uacute;de<\/a>. A portabilidade n&atilde;o depende de corretor de plano de sa&uacute;de e nem mesmo de advogado, mas se houver recusa pela operadora de destino, essa pr&aacute;tica poder&aacute; ser revista pela Justi&ccedil;a&rdquo;, esclarece.<\/p>\n<p>Website: <a target='_blank' href='http:\/\/www.eltonfernandes.com.br' rel=\"follow noopener\">http:\/\/www.eltonfernandes.com.br<\/a><img src='https:\/\/api.dino.com.br\/v2\/news\/tr\/277644' alt='' style='border:0px;width:1px;height:1px' \/><br \/>\nA <b>OESP<\/b> n\u00e3o \u00e9(s\u00e3o) respons\u00e1vel(is) por erros, incorre\u00e7\u00f5es, atrasos ou quaisquer decis\u00f5es tomadas por seus clientes com base nos Conte\u00fados ora disponibilizados, bem como tais Conte\u00fados n\u00e3o representam a opini\u00e3o da <b>OESP<\/b> e s\u00e3o de inteira responsabilidade da <b>Dino Divulgador de Noticias Online Ltda<\/b><\/p>\n","protected":false},"excerpt":{"rendered":"DINO DIVULGADOR DE NOT\u00cdCIAS S\u00e3o Paulo, SP&#8211;(DINO &#8211; 14 set, 2023) &#8211; O interesse pela portabilidade de car&ecirc;ncias tem crescido entre os benefici&aacute;rios de planos de","protected":false},"author":1,"featured_media":73346,"comment_status":"open","ping_status":"closed","sticky":false,"template":"","format":"standard","meta":{"_acf_changed":false,"inline_featured_image":false,"_monsterinsights_skip_tracking":false,"_monsterinsights_sitenote_active":false,"_monsterinsights_sitenote_note":"","_monsterinsights_sitenote_category":0,"footnotes":""},"categories":[34],"tags":[],"class_list":["post-73345","post","type-post","status-publish","format-standard","has-post-thumbnail","hentry","category-releases-geral"],"acf":[],"_links":{"self":[{"href":"https:\/\/bluestudio.estadao.com.br\/agencia-de-comunicacao\/wp-json\/wp\/v2\/posts\/73345","targetHints":{"allow":["GET"]}}],"collection":[{"href":"https:\/\/bluestudio.estadao.com.br\/agencia-de-comunicacao\/wp-json\/wp\/v2\/posts"}],"about":[{"href":"https:\/\/bluestudio.estadao.com.br\/agencia-de-comunicacao\/wp-json\/wp\/v2\/types\/post"}],"author":[{"embeddable":true,"href":"https:\/\/bluestudio.estadao.com.br\/agencia-de-comunicacao\/wp-json\/wp\/v2\/users\/1"}],"replies":[{"embeddable":true,"href":"https:\/\/bluestudio.estadao.com.br\/agencia-de-comunicacao\/wp-json\/wp\/v2\/comments?post=73345"}],"version-history":[{"count":0,"href":"https:\/\/bluestudio.estadao.com.br\/agencia-de-comunicacao\/wp-json\/wp\/v2\/posts\/73345\/revisions"}],"wp:featuredmedia":[{"embeddable":true,"href":"https:\/\/bluestudio.estadao.com.br\/agencia-de-comunicacao\/wp-json\/wp\/v2\/media\/73346"}],"wp:attachment":[{"href":"https:\/\/bluestudio.estadao.com.br\/agencia-de-comunicacao\/wp-json\/wp\/v2\/media?parent=73345"}],"wp:term":[{"taxonomy":"category","embeddable":true,"href":"https:\/\/bluestudio.estadao.com.br\/agencia-de-comunicacao\/wp-json\/wp\/v2\/categories?post=73345"},{"taxonomy":"post_tag","embeddable":true,"href":"https:\/\/bluestudio.estadao.com.br\/agencia-de-comunicacao\/wp-json\/wp\/v2\/tags?post=73345"}],"curies":[{"name":"wp","href":"https:\/\/api.w.org\/{rel}","templated":true}]}}