{"id":73341,"date":"2023-09-20T13:49:00","date_gmt":"2023-09-20T16:49:00","guid":{"rendered":"https:\/\/bluestudio.estadao.com.br\/agencia-de-comunicacao\/releases\/releases-geral\/consumidor-ainda-quer-comprar-imovel-para-investir-em-2023\/"},"modified":"2023-09-20T13:49:00","modified_gmt":"2023-09-20T16:49:00","slug":"consumidor-ainda-quer-comprar-imovel-para-investir-em-2023","status":"publish","type":"post","link":"https:\/\/bluestudio.estadao.com.br\/agencia-de-comunicacao\/releases\/releases-geral\/consumidor-ainda-quer-comprar-imovel-para-investir-em-2023\/","title":{"rendered":"Consumidor ainda quer comprar im\u00f3vel para investir em 2023"},"content":{"rendered":"<p><b>DINO DIVULGADOR DE NOT\u00cdCIAS<\/b><\/p>\n<p>Porto Alegre, RS&#8211;(<a target='_blank' href='http:\/\/www.dino.com.br' rel=\"noopener\">DINO<\/a> &#8211; 14 set, 2023) &#8211;<br \/>\nSeja a busca por mais espa&ccedil;o, morar em uma localiza&ccedil;&atilde;o mais segura ou ter mais &aacute;reas de lazer, o im&oacute;vel pr&oacute;prio continua sendo um dos grandes sonhos de consumo do brasileiro. Uma <a rel=\"follow noopener\" target='_blank' href='https:\/\/abrainc.org.br\/uploads\/2023\/1\/Pesquisa-comportamento-do-consumidor-e-tend%C3%AAncias--19-57-20.pdf'>pesquisa realizada pela Brain Intelig&ecirc;ncia Estrat&eacute;gica e a Associa&ccedil;&atilde;o Brasileira de Incorporadoras Imobili&aacute;rias (ABRAINC)<\/a>&nbsp;apontou que 31% das pessoas ouvidas ainda pretendem comprar um im&oacute;vel em 2023, conforme o somat&oacute;rio de todas as respostas positivas indicadas na &#8216;Inten&ccedil;&atilde;o de compra&#8217;, considerando todas as regi&otilde;es do Brasil. O estudo foi realizado com o intuito de entender a prefer&ecirc;ncia atual de compra do brasileiro. Ao todo foram cerca de 1.200 pessoas ouvidas, em todas as regi&otilde;es do pa&iacute;s.<\/p>\n<p>Os motivos mais recorrentes na tomada de decis&atilde;o que apareceram na pesquisa foram&nbsp;sair do aluguel, a troca por uma resid&ecirc;ncia maior e a sa&iacute;da da casa dos pais para conquistar a pr&oacute;pria independ&ecirc;ncia.<\/p>\n<p>O im&oacute;vel residencial continuou sendo a prefer&ecirc;ncia de muitas pessoas e mais da metade dos entrevistados confessaram o desejo por casas e sobrados em ruas.<\/p>\n<p><strong>Fatores econ&ocirc;micos que contribuem para a compra de im&oacute;veis<\/strong><\/p>\n<p>Adquirir um im&oacute;vel como investimento &eacute; uma das raz&otilde;es que mais motiva a realiza&ccedil;&atilde;o da compra de um im&oacute;vel. &#8216;Os consumidores cada vez mais est&atilde;o cientes do fato de que o investimento imobili&aacute;rio &eacute; seguro, simples de compreender, traz alta rentabilidade e a ampla valoriza&ccedil;&atilde;o do patrim&ocirc;nio ao longo prazo&rdquo;, explica M&aacute;rio Guaranha, Head de Expans&atilde;o de SP do grupo imobili&aacute;rio Auxiliadora Predial.<\/p>\n<p>O investimento em im&oacute;vel representa estabilidade e, por isso, tornou-se a forma mais convencional e favorita da popula&ccedil;&atilde;o brasileira. A pesquisa apontou ainda que o cr&eacute;dito facilitado e o desconto no momento da compra s&atilde;o fatores econ&ocirc;micos mais buscados por quem deseja comprar um im&oacute;vel e que mais facilitam o processo de compra.<\/p>\n<p>&ldquo;&Eacute; importante ressaltar que antes da compra do im&oacute;vel &eacute; necess&aacute;rio consultar todas as informa&ccedil;&otilde;es acerca da regi&atilde;o, infraestrutura do local e perspectiva de desenvolvimento urbano. Para isso &eacute; fundamental buscar orienta&ccedil;&atilde;o de corretores de im&oacute;veis qualificados e especialistas na regi&atilde;o de busca, para auxiliarem e darem todo suporte para tomada de decis&atilde;o l&uacute;cida e assertiva&rdquo;, finaliza Guaranha.<\/p>\n<p>Website: <a target='_blank' href='http:\/\/www.auxiliadorapredial.com.br' rel=\"follow noopener\">http:\/\/www.auxiliadorapredial.com.br<\/a><img src='https:\/\/api.dino.com.br\/v2\/news\/tr\/281585' alt='' style='border:0px;width:1px;height:1px' \/><br \/>\nA <b>OESP<\/b> n\u00e3o \u00e9(s\u00e3o) respons\u00e1vel(is) por erros, incorre\u00e7\u00f5es, atrasos ou quaisquer decis\u00f5es tomadas por seus clientes com base nos Conte\u00fados ora disponibilizados, bem como tais Conte\u00fados n\u00e3o representam a opini\u00e3o da <b>OESP<\/b> e s\u00e3o de inteira responsabilidade da <b>Dino Divulgador de Noticias Online Ltda<\/b><\/p>\n","protected":false},"excerpt":{"rendered":"DINO DIVULGADOR DE NOT\u00cdCIAS Porto Alegre, RS&#8211;(DINO &#8211; 14 set, 2023) &#8211; Seja a busca por mais espa&ccedil;o, morar em uma localiza&ccedil;&atilde;o mais segura ou ter mais &aacute;reas","protected":false},"author":1,"featured_media":73342,"comment_status":"open","ping_status":"closed","sticky":false,"template":"","format":"standard","meta":{"_acf_changed":false,"inline_featured_image":false,"_monsterinsights_skip_tracking":false,"_monsterinsights_sitenote_active":false,"_monsterinsights_sitenote_note":"","_monsterinsights_sitenote_category":0,"footnotes":""},"categories":[34],"tags":[],"class_list":["post-73341","post","type-post","status-publish","format-standard","has-post-thumbnail","hentry","category-releases-geral"],"acf":[],"_links":{"self":[{"href":"https:\/\/bluestudio.estadao.com.br\/agencia-de-comunicacao\/wp-json\/wp\/v2\/posts\/73341","targetHints":{"allow":["GET"]}}],"collection":[{"href":"https:\/\/bluestudio.estadao.com.br\/agencia-de-comunicacao\/wp-json\/wp\/v2\/posts"}],"about":[{"href":"https:\/\/bluestudio.estadao.com.br\/agencia-de-comunicacao\/wp-json\/wp\/v2\/types\/post"}],"author":[{"embeddable":true,"href":"https:\/\/bluestudio.estadao.com.br\/agencia-de-comunicacao\/wp-json\/wp\/v2\/users\/1"}],"replies":[{"embeddable":true,"href":"https:\/\/bluestudio.estadao.com.br\/agencia-de-comunicacao\/wp-json\/wp\/v2\/comments?post=73341"}],"version-history":[{"count":0,"href":"https:\/\/bluestudio.estadao.com.br\/agencia-de-comunicacao\/wp-json\/wp\/v2\/posts\/73341\/revisions"}],"wp:featuredmedia":[{"embeddable":true,"href":"https:\/\/bluestudio.estadao.com.br\/agencia-de-comunicacao\/wp-json\/wp\/v2\/media\/73342"}],"wp:attachment":[{"href":"https:\/\/bluestudio.estadao.com.br\/agencia-de-comunicacao\/wp-json\/wp\/v2\/media?parent=73341"}],"wp:term":[{"taxonomy":"category","embeddable":true,"href":"https:\/\/bluestudio.estadao.com.br\/agencia-de-comunicacao\/wp-json\/wp\/v2\/categories?post=73341"},{"taxonomy":"post_tag","embeddable":true,"href":"https:\/\/bluestudio.estadao.com.br\/agencia-de-comunicacao\/wp-json\/wp\/v2\/tags?post=73341"}],"curies":[{"name":"wp","href":"https:\/\/api.w.org\/{rel}","templated":true}]}}