{"id":73333,"date":"2023-09-20T13:53:00","date_gmt":"2023-09-20T16:53:00","guid":{"rendered":"https:\/\/bluestudio.estadao.com.br\/agencia-de-comunicacao\/releases\/releases-geral\/negocios-com-foco-em-saude-e-estetica-se-destacam-no-mercado\/"},"modified":"2023-09-20T13:53:00","modified_gmt":"2023-09-20T16:53:00","slug":"negocios-com-foco-em-saude-e-estetica-se-destacam-no-mercado","status":"publish","type":"post","link":"https:\/\/bluestudio.estadao.com.br\/agencia-de-comunicacao\/releases\/releases-geral\/negocios-com-foco-em-saude-e-estetica-se-destacam-no-mercado\/","title":{"rendered":"Neg\u00f3cios com foco em sa\u00fade e est\u00e9tica se destacam no mercado"},"content":{"rendered":"<p><b>DINO DIVULGADOR DE NOT\u00cdCIAS<\/b><\/p>\n<p>S\u00e3o Paulo&#8211;(<a target='_blank' href='http:\/\/www.dino.com.br' rel=\"noopener\">DINO<\/a> &#8211; 13 set, 2023) &#8211;<br \/>\nO mercado de beleza do Brasil &eacute; um dos maiores do mundo, sendo respons&aacute;vel por 4% do PIB nacional, segundo <a rel=\"follow noopener\" target='_blank' href='https:\/\/digital.sebraers.com.br\/blog\/estrategia\/tendencias-para-o-setor-de-beleza-em-2023\/'>dados do Sebrae.<\/a> O mesmo estudo, que traz uma pesquisa da Associa&ccedil;&atilde;o Brasileira da Ind&uacute;stria de Higiene Pessoal, Perfumaria e Cosm&eacute;ticos (Abihpec), indica que o Brasil ocupa a quarta posi&ccedil;&atilde;o entre os pa&iacute;ses que mais consomem produtos de beleza no mundo.<\/p>\n<p>Esse crescimento reflete no aumento de neg&oacute;cios do tipo presentes no varejo. Os strip malls, que s&atilde;o centros de conveni&ecirc;ncia e proximidade, j&aacute; abrigam cl&iacute;nicas de sa&uacute;de e est&eacute;tica, com um movimento crescente.&nbsp;<\/p>\n<p>&#8216;O segmento de est&eacute;tica e beleza est&aacute; muito aquecido no Brasil. Prova disso &eacute; a busca por loca&ccedil;&otilde;es de espa&ccedil;os para a abertura de cl&iacute;nicas e espa&ccedil;os de cuidados com o bem-estar e a sa&uacute;de&#8217;, explica Marcos Saad, s&oacute;cio da MEC Malls, que faz a concep&ccedil;&atilde;o e gest&atilde;o de strip malls.<\/p>\n<p><a rel=\"follow noopener\" target='_blank' href='https:\/\/digital.sebraers.com.br\/blog\/estrategia\/tendencias-para-o-setor-de-beleza-em-2023\/'>Dados da Statista<\/a> indicam que a venda de produtos de higiene pessoal e cosm&eacute;ticos no Brasil alcan&ccedil;ou R$ 124,5 bilh&otilde;es em 2021 e <strong>pode ultrapassar os R$ 130 bilh&otilde;es em 2026<\/strong>. &Eacute; importante destacar, ainda, que o Brasil &eacute; hoje o segundo maior mercado de produtos de beleza para homens, segundo a Abihpec.<\/p>\n<p>&ldquo;A modalidade do e-commerce tamb&eacute;m foi um setor que explodiu em 2020 e 2021, em decorr&ecirc;ncia do impedimento de compras presenciais, devido &agrave; pandemia. A integra&ccedil;&atilde;o do online com o f&iacute;sico, para que o cliente pudesse experimentar e testar os produtos, ampliou ainda mais a import&acirc;ncia dos strip malls como polo de retirada de itens ou realiza&ccedil;&atilde;o de procedimentos&rdquo;, complementa&nbsp;Mario Thurler, s&oacute;cio da MEC Malls e vice-presidente da Associa&ccedil;&atilde;o Brasileira de Strip Malls (ABMalls).<\/p>\n<p>Informa&ccedil;&otilde;es divulgadas por um<a rel=\"follow noopener\" target='_blank' href='https:\/\/www.mckinsey.com\/featured-insights\/destaques\/o-mercado-de-beleza-em-2023-um-relatorio-especial-sobre-o-estado-da-moda\/pt'> estudo da consultoria McKinsey<\/a> citado acima indicam que o setor de beleza deve atingir cerca de R$ 580 bilh&otilde;es at&eacute; 2027, crescendo 6% ao ano.<\/p>\n<p>Os cuidados com sa&uacute;de, beleza e bem-estar tamb&eacute;m passam por cl&iacute;nicas m&eacute;dicas e laborat&oacute;rios, que tamb&eacute;m usam os strip malls como polos para receber pacientes de maneira pr&aacute;tica e confort&aacute;vel.<\/p>\n<p>&ldquo;Sabemos que esses n&uacute;meros s&atilde;o altos e a tend&ecirc;ncia &eacute; que aumentem. Os strip malls s&atilde;o bons aliados por serem opera&ccedil;&otilde;es mais econ&ocirc;micas na compara&ccedil;&atilde;o com shopping centers e facilitam o dia a dia do cliente, que faz tudo em um s&oacute; lugar&rdquo;, conclui Marcos Saad.<\/p>\n<p>Website: <a target='_blank' href='https:\/\/www.mecmalls.com' rel=\"follow noopener\">https:\/\/www.mecmalls.com<\/a><img src='https:\/\/api.dino.com.br\/v2\/news\/tr\/287225' alt='' style='border:0px;width:1px;height:1px' \/><br \/>\nA <b>OESP<\/b> n\u00e3o \u00e9(s\u00e3o) respons\u00e1vel(is) por erros, incorre\u00e7\u00f5es, atrasos ou quaisquer decis\u00f5es tomadas por seus clientes com base nos Conte\u00fados ora disponibilizados, bem como tais Conte\u00fados n\u00e3o representam a opini\u00e3o da <b>OESP<\/b> e s\u00e3o de inteira responsabilidade da <b>Dino Divulgador de Noticias Online Ltda<\/b><\/p>\n","protected":false},"excerpt":{"rendered":"DINO DIVULGADOR DE NOT\u00cdCIAS S\u00e3o Paulo&#8211;(DINO &#8211; 13 set, 2023) &#8211; O mercado de beleza do Brasil &eacute; um dos maiores do mundo, sendo respons&aacute;vel por 4% do PIB nacional,","protected":false},"author":1,"featured_media":73334,"comment_status":"open","ping_status":"closed","sticky":false,"template":"","format":"standard","meta":{"_acf_changed":false,"inline_featured_image":false,"_monsterinsights_skip_tracking":false,"_monsterinsights_sitenote_active":false,"_monsterinsights_sitenote_note":"","_monsterinsights_sitenote_category":0,"footnotes":""},"categories":[34],"tags":[],"class_list":["post-73333","post","type-post","status-publish","format-standard","has-post-thumbnail","hentry","category-releases-geral"],"acf":[],"_links":{"self":[{"href":"https:\/\/bluestudio.estadao.com.br\/agencia-de-comunicacao\/wp-json\/wp\/v2\/posts\/73333","targetHints":{"allow":["GET"]}}],"collection":[{"href":"https:\/\/bluestudio.estadao.com.br\/agencia-de-comunicacao\/wp-json\/wp\/v2\/posts"}],"about":[{"href":"https:\/\/bluestudio.estadao.com.br\/agencia-de-comunicacao\/wp-json\/wp\/v2\/types\/post"}],"author":[{"embeddable":true,"href":"https:\/\/bluestudio.estadao.com.br\/agencia-de-comunicacao\/wp-json\/wp\/v2\/users\/1"}],"replies":[{"embeddable":true,"href":"https:\/\/bluestudio.estadao.com.br\/agencia-de-comunicacao\/wp-json\/wp\/v2\/comments?post=73333"}],"version-history":[{"count":0,"href":"https:\/\/bluestudio.estadao.com.br\/agencia-de-comunicacao\/wp-json\/wp\/v2\/posts\/73333\/revisions"}],"wp:featuredmedia":[{"embeddable":true,"href":"https:\/\/bluestudio.estadao.com.br\/agencia-de-comunicacao\/wp-json\/wp\/v2\/media\/73334"}],"wp:attachment":[{"href":"https:\/\/bluestudio.estadao.com.br\/agencia-de-comunicacao\/wp-json\/wp\/v2\/media?parent=73333"}],"wp:term":[{"taxonomy":"category","embeddable":true,"href":"https:\/\/bluestudio.estadao.com.br\/agencia-de-comunicacao\/wp-json\/wp\/v2\/categories?post=73333"},{"taxonomy":"post_tag","embeddable":true,"href":"https:\/\/bluestudio.estadao.com.br\/agencia-de-comunicacao\/wp-json\/wp\/v2\/tags?post=73333"}],"curies":[{"name":"wp","href":"https:\/\/api.w.org\/{rel}","templated":true}]}}