{"id":73331,"date":"2023-09-20T13:54:00","date_gmt":"2023-09-20T16:54:00","guid":{"rendered":"https:\/\/bluestudio.estadao.com.br\/agencia-de-comunicacao\/releases\/releases-geral\/saude-mental-no-meio-corporativo-alerta-setembro-amarelo\/"},"modified":"2023-09-20T13:54:00","modified_gmt":"2023-09-20T16:54:00","slug":"saude-mental-no-meio-corporativo-alerta-setembro-amarelo","status":"publish","type":"post","link":"https:\/\/bluestudio.estadao.com.br\/agencia-de-comunicacao\/releases\/releases-geral\/saude-mental-no-meio-corporativo-alerta-setembro-amarelo\/","title":{"rendered":"Sa\u00fade mental no meio corporativo: alerta Setembro Amarelo"},"content":{"rendered":"<p><b>DINO DIVULGADOR DE NOT\u00cdCIAS<\/b><\/p>\n<p>Rio de Janeiro, RJ. &#8211;(<a target='_blank' href='http:\/\/www.dino.com.br' rel=\"noopener\">DINO<\/a> &#8211; 14 set, 2023) &#8211;<br \/>\nO m&ecirc;s de setembro &eacute; amplamente reconhecido como o per&iacute;odo dedicado &agrave; preven&ccedil;&atilde;o ao suic&iacute;dio e conscientiza&ccedil;&atilde;o sobre&nbsp; a sa&uacute;de mental em todo o mundo, por meio da<a rel=\"follow noopener\" target='_blank' href='https:\/\/www.setembroamarelo.com\/'> campanha <em>Setembro Amarelo<\/em><\/a>. Este &eacute; o momento em que organiza&ccedil;&otilde;es e indiv&iacute;duos se unem para abordar e desestigmatizar quest&otilde;es relacionadas &agrave; este tema. Segundo <a rel=\"follow noopener\" target='_blank' href='https:\/\/www.unicamp.br\/unicamp\/noticias\/2023\/09\/11\/se-precisar-peca-ajuda-e-o-tema-do-setembro-amarelo'>publica&ccedil;&atilde;o realizada no site da UNICAMP<\/a>, &#8216;Se precisar, pe&ccedil;a ajuda!&#8217;, &eacute; o tema da a&ccedil;&atilde;o.&nbsp;Para as pessoas que precisam conversar, o&nbsp;<a rel=\"follow noopener\" target='_blank' href='https:\/\/www.cvv.org.br\/'>Centro de Valoriza&ccedil;&atilde;o da Vida (CVV)<\/a>&nbsp;oferece apoio emocional e ferramentas de preven&ccedil;&atilde;o ao suic&iacute;dio de maneira gratuita, e atende por meio do telefone&nbsp;<a rel=\"follow noopener\" target='_blank' href='https:\/\/www.cvv.org.br\/ligue-188\/'>188<\/a>, por&nbsp;<a rel=\"follow noopener\" target='_blank' href='https:\/\/www.cvv.org.br\/chat\/'>chat<\/a>&nbsp;ou por&nbsp;<a rel=\"follow noopener\" target='_blank' href='https:\/\/www.cvv.org.br\/e-mail\/'>e-mail<\/a>.<\/p>\n<p>Para Vivian Cunha, gerente de Gente e Gest&atilde;o da Etalent &#8211; uma empresa com quase quatro d&eacute;cadas de experi&ecirc;ncia na &aacute;rea de&nbsp; comportamento, que compreende a relev&acirc;ncia de um ambiente de trabalho saud&aacute;vel, e tem trabalhado incansavelmente para integrar pr&aacute;ticas que promovam o bem-estar mental dos colaboradores no mundo corporativo &#8211;&nbsp; a sa&uacute;de mental no ambiente profissional tornou-se uma prioridade crucial para muitos colaboradores e gestores, sendo tamb&eacute;m uma das principais tend&ecirc;ncias na gest&atilde;o de pessoas.&nbsp;<\/p>\n<p>Ao abordar essa tem&aacute;tica, a empresa reconhece que prezar pela qualidade de vida n&atilde;o apenas melhora o bem-estar dos funcion&aacute;rios, mas tamb&eacute;m gera equipes mais engajadas, motivadas e em melhores condi&ccedil;&otilde;es de sa&uacute;de para enfrentar as demandas do dia a dia. Em longo prazo, essas pr&aacute;ticas resultam em ganhos expressivos na produtividade e at&eacute; mesmo na melhoria da reputa&ccedil;&atilde;o da empresa.<\/p>\n<p>&ldquo;O autoconhecimento &eacute; fundamental para que o indiv&iacute;duo fa&ccedil;a escolhas saud&aacute;veis nos aspectos mentais e emocionais. Ter clareza sobre seus valores, cren&ccedil;as e caracter&iacute;sticas comportamentais possibilita o encontro de atividades e ambientes de trabalho que trazem felicidade e a constru&ccedil;&atilde;o de uma jornada de sucesso e crescimento&rdquo;, alega a psic&oacute;loga Vivian Cunha.<\/p>\n<p>A sa&uacute;de mental no ambiente de trabalho envolve uma s&eacute;rie de iniciativas, incluindo o acesso a recursos de suporte psicol&oacute;gico, a promo&ccedil;&atilde;o de uma cultura de abertura e empatia, al&eacute;m de programas de capacita&ccedil;&atilde;o e treinamento para gestores sobre como lidar com quest&otilde;es de sa&uacute;de mental entre os colaboradores.<\/p>\n<p>&#8216;Setembro Amarelo &eacute; uma oportunidade para todas as organiza&ccedil;&otilde;es refletirem sobre o seu compromisso com a sa&uacute;de mental dos colaboradores e implementarem medidas que ajudem a criar ambientes de trabalho mais saud&aacute;veis e acolhedores&#8217;, conclui Vivian.<\/p>\n<p>A Etalent continua a buscar o caminho na promo&ccedil;&atilde;o da sa&uacute;de mental no ambiente corporativo, e reafirma seu compromisso em fornecer solu&ccedil;&otilde;es inovadoras que beneficiem tanto os colaboradores quanto as empresas.&nbsp;<\/p>\n<p>&nbsp;<\/p>\n<p>Website: <a target='_blank' href='http:\/\/www.etalent.com.br' rel=\"follow noopener\">http:\/\/www.etalent.com.br<\/a><img src='https:\/\/api.dino.com.br\/v2\/news\/tr\/287460' alt='' style='border:0px;width:1px;height:1px' \/><br \/>\nA <b>OESP<\/b> n\u00e3o \u00e9(s\u00e3o) respons\u00e1vel(is) por erros, incorre\u00e7\u00f5es, atrasos ou quaisquer decis\u00f5es tomadas por seus clientes com base nos Conte\u00fados ora disponibilizados, bem como tais Conte\u00fados n\u00e3o representam a opini\u00e3o da <b>OESP<\/b> e s\u00e3o de inteira responsabilidade da <b>Dino Divulgador de Noticias Online Ltda<\/b><\/p>\n","protected":false},"excerpt":{"rendered":"DINO DIVULGADOR DE NOT\u00cdCIAS Rio de Janeiro, RJ. &#8211;(DINO &#8211; 14 set, 2023) &#8211; O m&ecirc;s de setembro &eacute; amplamente reconhecido como o per&iacute;odo dedicado &agrave;","protected":false},"author":1,"featured_media":73332,"comment_status":"open","ping_status":"closed","sticky":false,"template":"","format":"standard","meta":{"_acf_changed":false,"inline_featured_image":false,"_monsterinsights_skip_tracking":false,"_monsterinsights_sitenote_active":false,"_monsterinsights_sitenote_note":"","_monsterinsights_sitenote_category":0,"footnotes":""},"categories":[34],"tags":[],"class_list":["post-73331","post","type-post","status-publish","format-standard","has-post-thumbnail","hentry","category-releases-geral"],"acf":[],"_links":{"self":[{"href":"https:\/\/bluestudio.estadao.com.br\/agencia-de-comunicacao\/wp-json\/wp\/v2\/posts\/73331","targetHints":{"allow":["GET"]}}],"collection":[{"href":"https:\/\/bluestudio.estadao.com.br\/agencia-de-comunicacao\/wp-json\/wp\/v2\/posts"}],"about":[{"href":"https:\/\/bluestudio.estadao.com.br\/agencia-de-comunicacao\/wp-json\/wp\/v2\/types\/post"}],"author":[{"embeddable":true,"href":"https:\/\/bluestudio.estadao.com.br\/agencia-de-comunicacao\/wp-json\/wp\/v2\/users\/1"}],"replies":[{"embeddable":true,"href":"https:\/\/bluestudio.estadao.com.br\/agencia-de-comunicacao\/wp-json\/wp\/v2\/comments?post=73331"}],"version-history":[{"count":0,"href":"https:\/\/bluestudio.estadao.com.br\/agencia-de-comunicacao\/wp-json\/wp\/v2\/posts\/73331\/revisions"}],"wp:featuredmedia":[{"embeddable":true,"href":"https:\/\/bluestudio.estadao.com.br\/agencia-de-comunicacao\/wp-json\/wp\/v2\/media\/73332"}],"wp:attachment":[{"href":"https:\/\/bluestudio.estadao.com.br\/agencia-de-comunicacao\/wp-json\/wp\/v2\/media?parent=73331"}],"wp:term":[{"taxonomy":"category","embeddable":true,"href":"https:\/\/bluestudio.estadao.com.br\/agencia-de-comunicacao\/wp-json\/wp\/v2\/categories?post=73331"},{"taxonomy":"post_tag","embeddable":true,"href":"https:\/\/bluestudio.estadao.com.br\/agencia-de-comunicacao\/wp-json\/wp\/v2\/tags?post=73331"}],"curies":[{"name":"wp","href":"https:\/\/api.w.org\/{rel}","templated":true}]}}